{"id":8919,"date":"2014-09-29T17:13:00","date_gmt":"2014-09-29T17:13:00","guid":{"rendered":"https:\/\/www.oidossucios.com\/site\/2014\/09\/29\/cafe-tacvba-y-los-tres-llegan-a-caracas-en-diciembre\/"},"modified":"2014-09-29T17:13:00","modified_gmt":"2014-09-29T17:13:00","slug":"cafe-tacvba-y-los-tres-llegan-a-caracas-en-diciembre","status":"publish","type":"post","link":"https:\/\/www.oidossucios.com\/site\/cafe-tacvba-y-los-tres-llegan-a-caracas-en-diciembre\/","title":{"rendered":"Caf\u00e9 Tacvba y Los Tres llegan a Caracas en diciembre"},"content":{"rendered":"<p>Por <\/p>\n<p style=\"text-align: justify;\">La Alcald&iacute;a del municipio Libertador se encuentra preparando un festival en el que se incluir&aacute;n varios g&eacute;neros musicales y el mismo se espera para diciembre. OidosSucios.com pudo conocer que para el &aacute;rea rock de este evento, se cuenta con la participaci&oacute;n de tres agrupaciones: Calle 13, Caf&eacute; Tacvba y Los Tres.<\/p>\n<p>Estos tres artistas ya est&aacute;n firmados para el evento. Sin embargo, a&uacute;n se desconoce el lugar donde este se realizar&aacute;. &nbsp;<\/p>\n<p>Caf&eacute; Tacvba se encuentra celebrando sus 25 a&ntilde;os de trayectoria musical y para esto se realizar&aacute;n varios conciertos por Am&eacute;rica. Algunos de los pa&iacute;ses por las que pasar&aacute;n son: M&eacute;xico, Chile, Argentina y Colombia. Esta gira latinoamericana lleva por nombre &ldquo;20Re-CT25&rdquo;.<\/p>\n<p>Por otro lado, Calle 13 estren&oacute; recientemente su quinto &aacute;lbum de estudio, que lleva por nombre &ldquo;Multi Viral&rdquo; y fue lanzado en febrero de este a&ntilde;o. Adem&aacute;s, el grupo puertorrique&ntilde;o se encuentra celebrando sus 9 nominaciones a los Grammy Latino que se entregar&aacute;n el pr&oacute;ximo 20 de noviembre en Las Vegas.<\/p>\n","protected":false},"excerpt":{"rendered":"<p>Caf\u00e9 Tacvba se encuentra celebrando sus 25 a\u00f1os de trayectoria musical y para esto se realizar\u00e1n varios conciertos por Am\u00e9rica.<\/p>\n","protected":false},"author":4,"featured_media":100008919,"comment_status":"open","ping_status":"open","sticky":false,"template":"","format":"standard","meta":{"_jetpack_memberships_contains_paid_content":false,"footnotes":""},"categories":[640],"tags":[],"class_list":["post-8919","post","type-post","status-publish","format-standard","has-post-thumbnail","hentry","category-rumores"],"jetpack_featured_media_url":"https:\/\/www.oidossucios.com\/site\/wp-content\/uploads\/2014\/09\/8919.jpg","yoast_head":"<!-- This site is optimized with the Yoast SEO plugin v14.0.4 - https:\/\/yoast.com\/wordpress\/plugins\/seo\/ -->\n<title>Caf\u00e9 Tacvba y Los Tres llegan a Caracas en diciembre - OidosSucios.Com<\/title>\n<meta name=\"description\" content=\"Caf\u00e9 Tacvba se encuentra celebrando sus 25 a\u00f1os de trayectoria musical y para esto se realizar\u00e1n varios conciertos por Am\u00e9rica.\" \/>\n<meta name=\"robots\" content=\"index, follow\" \/>\n<meta name=\"googlebot\" content=\"index, follow, max-snippet:-1, max-image-preview:large, max-video-preview:-1\" \/>\n<meta name=\"bingbot\" content=\"index, follow, max-snippet:-1, max-image-preview:large, max-video-preview:-1\" \/>\n<link rel=\"canonical\" href=\"https:\/\/www.oidossucios.com\/site\/cafe-tacvba-y-los-tres-llegan-a-caracas-en-diciembre\/\" \/>\n<meta property=\"og:locale\" content=\"es_ES\" \/>\n<meta property=\"og:type\" content=\"article\" \/>\n<meta property=\"og:title\" content=\"Caf\u00e9 Tacvba y Los Tres llegan a Caracas en diciembre - OidosSucios.Com\" \/>\n<meta property=\"og:description\" content=\"Caf\u00e9 Tacvba se encuentra celebrando sus 25 a\u00f1os de trayectoria musical y para esto se realizar\u00e1n varios conciertos por Am\u00e9rica.\" \/>\n<meta property=\"og:url\" content=\"https:\/\/www.oidossucios.com\/site\/cafe-tacvba-y-los-tres-llegan-a-caracas-en-diciembre\/\" \/>\n<meta property=\"og:site_name\" content=\"OidosSucios.Com\" \/>\n<meta property=\"article:published_time\" content=\"2014-09-29T17:13:00+00:00\" \/>\n<meta property=\"og:image\" content=\"https:\/\/www.oidossucios.com\/site\/wp-content\/uploads\/2014\/09\/8919.jpg\" \/>\n\t<meta property=\"og:image:width\" content=\"350\" \/>\n\t<meta property=\"og:image:height\" content=\"300\" \/>\n<meta name=\"twitter:card\" content=\"summary_large_image\" \/>\n<meta name=\"twitter:creator\" content=\"@oidossucios\" \/>\n<script type=\"application\/ld+json\" class=\"yoast-schema-graph\">{\"@context\":\"https:\/\/schema.org\",\"@graph\":[{\"@type\":\"WebSite\",\"@id\":\"https:\/\/www.oidossucios.com\/site\/#website\",\"url\":\"https:\/\/www.oidossucios.com\/site\/\",\"name\":\"OidosSucios.Com\",\"description\":\"M\\u00fasica, conciertos, discos\",\"potentialAction\":[{\"@type\":\"SearchAction\",\"target\":\"https:\/\/www.oidossucios.com\/site\/?s={search_term_string}\",\"query-input\":\"required name=search_term_string\"}],\"inLanguage\":\"es\"},{\"@type\":\"ImageObject\",\"@id\":\"https:\/\/www.oidossucios.com\/site\/cafe-tacvba-y-los-tres-llegan-a-caracas-en-diciembre\/#primaryimage\",\"inLanguage\":\"es\",\"url\":\"https:\/\/www.oidossucios.com\/site\/wp-content\/uploads\/2014\/09\/8919.jpg\",\"width\":350,\"height\":300},{\"@type\":\"WebPage\",\"@id\":\"https:\/\/www.oidossucios.com\/site\/cafe-tacvba-y-los-tres-llegan-a-caracas-en-diciembre\/#webpage\",\"url\":\"https:\/\/www.oidossucios.com\/site\/cafe-tacvba-y-los-tres-llegan-a-caracas-en-diciembre\/\",\"name\":\"Caf\\u00e9 Tacvba y Los Tres llegan a Caracas en diciembre - OidosSucios.Com\",\"isPartOf\":{\"@id\":\"https:\/\/www.oidossucios.com\/site\/#website\"},\"primaryImageOfPage\":{\"@id\":\"https:\/\/www.oidossucios.com\/site\/cafe-tacvba-y-los-tres-llegan-a-caracas-en-diciembre\/#primaryimage\"},\"datePublished\":\"2014-09-29T17:13:00+00:00\",\"dateModified\":\"2014-09-29T17:13:00+00:00\",\"author\":{\"@id\":\"https:\/\/www.oidossucios.com\/site\/#\/schema\/person\/24559eeb76bf83a63296fb072393a688\"},\"description\":\"Caf\\u00e9 Tacvba se encuentra celebrando sus 25 a\\u00f1os de trayectoria musical y para esto se realizar\\u00e1n varios conciertos por Am\\u00e9rica.\",\"inLanguage\":\"es\",\"potentialAction\":[{\"@type\":\"ReadAction\",\"target\":[\"https:\/\/www.oidossucios.com\/site\/cafe-tacvba-y-los-tres-llegan-a-caracas-en-diciembre\/\"]}]},{\"@type\":[\"Person\"],\"@id\":\"https:\/\/www.oidossucios.com\/site\/#\/schema\/person\/24559eeb76bf83a63296fb072393a688\",\"name\":\"Oidossucios\",\"image\":{\"@type\":\"ImageObject\",\"@id\":\"https:\/\/www.oidossucios.com\/site\/#personlogo\",\"inLanguage\":\"es\",\"url\":\"https:\/\/secure.gravatar.com\/avatar\/74fcb480f42f1a33e50a0b6e6369a3f907be2e43dc84fa5f76c66e9c22b4a5ab?s=96&d=mm&r=g\",\"caption\":\"Oidossucios\"},\"sameAs\":[\"https:\/\/twitter.com\/oidossucios\"]}]}<\/script>\n<!-- \/ Yoast SEO plugin. -->","jetpack_sharing_enabled":true,"_links":{"self":[{"href":"https:\/\/www.oidossucios.com\/site\/wp-json\/wp\/v2\/posts\/8919","targetHints":{"allow":["GET"]}}],"collection":[{"href":"https:\/\/www.oidossucios.com\/site\/wp-json\/wp\/v2\/posts"}],"about":[{"href":"https:\/\/www.oidossucios.com\/site\/wp-json\/wp\/v2\/types\/post"}],"author":[{"embeddable":true,"href":"https:\/\/www.oidossucios.com\/site\/wp-json\/wp\/v2\/users\/4"}],"replies":[{"embeddable":true,"href":"https:\/\/www.oidossucios.com\/site\/wp-json\/wp\/v2\/comments?post=8919"}],"version-history":[{"count":0,"href":"https:\/\/www.oidossucios.com\/site\/wp-json\/wp\/v2\/posts\/8919\/revisions"}],"wp:featuredmedia":[{"embeddable":true,"href":"https:\/\/www.oidossucios.com\/site\/wp-json\/wp\/v2\/media\/100008919"}],"wp:attachment":[{"href":"https:\/\/www.oidossucios.com\/site\/wp-json\/wp\/v2\/media?parent=8919"}],"wp:term":[{"taxonomy":"category","embeddable":true,"href":"https:\/\/www.oidossucios.com\/site\/wp-json\/wp\/v2\/categories?post=8919"},{"taxonomy":"post_tag","embeddable":true,"href":"https:\/\/www.oidossucios.com\/site\/wp-json\/wp\/v2\/tags?post=8919"}],"curies":[{"name":"wp","href":"https:\/\/api.w.org\/{rel}","templated":true}]}}