{"id":8923,"date":"2014-09-30T04:58:00","date_gmt":"2014-09-30T04:58:00","guid":{"rendered":"https:\/\/www.oidossucios.com\/site\/2014\/09\/30\/i-festival-maturin-rock-hara-vibrar-monagas\/"},"modified":"2014-09-30T04:58:00","modified_gmt":"2014-09-30T04:58:00","slug":"i-festival-maturin-rock-hara-vibrar-monagas","status":"publish","type":"post","link":"https:\/\/www.oidossucios.com\/site\/i-festival-maturin-rock-hara-vibrar-monagas\/","title":{"rendered":"I Festival Matur\u00edn Rock har\u00e1 vibrar Monagas"},"content":{"rendered":"<p style=\"text-align: justify;\">Con el objetivo de continuar reactivando la movida roquera en Matur&iacute;n,&nbsp; el colectivo Matur&iacute;n Rock botar&aacute; la casa por la ventana, este pr&oacute;ximo 27 de septiembre, con la realizaci&oacute;n del primer Festival Matur&iacute;n Rock, el cual contar&aacute; con la participaci&oacute;n de siete bandas locales de diversas vertientes del g&eacute;nero.<\/p>\n<p>Este evento se llevar&aacute; a cabo en las instalaciones de El Le&oacute;n de Matur&iacute;n, ubicado en la avenida Ra&uacute;l Leoni de la ciudad, a partir de las cuatro de la tarde. Bandas conocidas como: Neobeat, Audiospray, Incore, Radiosolar, Cassette , First target y Desigualdad1 ser&aacute;n los encargados de exaltar la cultura roquera con un cover de 50 bsf.<\/p>\n<p>Miguel Guzm&aacute;n, vocalista de Neobeat y miembro de El Colectivo Matur&iacute;n Rock, explic&oacute; que la intenci&oacute;n de este primer festival,&nbsp; es demostrar que el rock no es bulla, debido a que como colectivo vienen trabajando desde el 2013 para cambiar la percepci&oacute;n del p&uacute;blico y reimpulsar la cultura del rock,&nbsp; no s&oacute;lo en la localidad sino a nivel nacional, con un total de 15 eventos realizados con el apoyo de empresarios locales, colaboradores y amigos, debido a que es una fundaci&oacute;n sin fines de lucros.<\/p>\n<p>&ldquo;El rock tiene mucho que ofrecer en la actualidad, nosotros como colectivo creemos que es un soporte cultural para las nuevas generaciones, es por ello que a lo largo de este primer a&ntilde;o como fundaci&oacute;n y luego lograr reactivar la movida roquera en nuestra ciudad, nos montamos en este primer festival, actividad que sin duda&nbsp; dejara boca abiertos a todos los asistentes&rdquo; destac&oacute; Guzm&aacute;n.<\/p>\n<p>Entre las actividades a desarrollar dentro del festival,&nbsp; est&aacute;n la presentaci&oacute;n de diferentes Djs de la zona como Xcrasth VIP, DJ Topo, DJ Ernesto Martis,&nbsp; jornada en apoyo a FUNPROVIANI,&nbsp; venta de material publicitario a favor del colectivo, premio al mejor cosplay rock, presentaci&oacute;n de agencias de modelaje como&nbsp; Elite y Tahiko Models y muchas sorpresas m&aacute;s.<\/p>\n<p>Por otra parte, Jos&eacute; Luis Rend&oacute;n, propietario de El Le&oacute;n de Matur&iacute;n, manifest&oacute; que su local&nbsp; se ha hecho nombre a nivel nacional como una de las plazas m&aacute;s destacas del rock en oriente y como empresa continuar&aacute; apoyando este tipo de eventos.<\/p>\n<p style=\"text-align: justify;\">Asimismo Juan Alcantara, vocal\/guitarra, resalt&oacute; que este s&aacute;bado el p&uacute;blico podr&aacute; disfrutar desde rock alternativo, funky, indie hasta heavy metal, tendr&aacute;n una opci&oacute;n para todos los gustos, pues la idea es vivir la m&uacute;sica como arte y como forma de expresi&oacute;n universal.<\/p>\n<p>Es importante resaltar, que las diferentes actividades se desarrollar&aacute;n de forma simult&aacute;nea con la presentaci&oacute;n de las bandas, ya que la idea es pasar de un d&iacute;a diferente. &nbsp;<\/p>\n<p>&ldquo;Tendremos una gran calidad en cuanto al sonido e iluminaci&oacute;n, es por ello que extendemos la invitaci&oacute;n a todo el p&uacute;blico monaguense, a que asistan a este s&aacute;bado 27 al I Festival Matur&iacute;n Rock,&nbsp; es relevante recordar que la llegada es temprano, para que no se pierdan ning&uacute;n detalle&rdquo; destac&oacute; Jos&eacute; Roa, guitarrista de First target.<\/p>\n<p>Fuente: Nota de Prensa<\/p>\n","protected":false},"excerpt":{"rendered":"<p>Es importante resaltar, que las diferentes actividades se desarrollar\u00e1n de forma simult\u00e1nea con la presentaci\u00f3n de las bandas, ya que la idea es pasar de un d\u00eda diferente<\/p>\n","protected":false},"author":4,"featured_media":100008923,"comment_status":"open","ping_status":"open","sticky":false,"template":"","format":"standard","meta":{"_jetpack_memberships_contains_paid_content":false,"footnotes":""},"categories":[142],"tags":[],"class_list":["post-8923","post","type-post","status-publish","format-standard","has-post-thumbnail","hentry","category-buzznews"],"jetpack_featured_media_url":"https:\/\/www.oidossucios.com\/site\/wp-content\/uploads\/2014\/09\/8923.jpg","yoast_head":"<!-- This site is optimized with the Yoast SEO plugin v14.0.4 - https:\/\/yoast.com\/wordpress\/plugins\/seo\/ -->\n<title>I Festival Matur\u00edn Rock har\u00e1 vibrar Monagas - OidosSucios.Com<\/title>\n<meta name=\"description\" content=\"Es importante resaltar, que las diferentes actividades se desarrollar\u00e1n de forma simult\u00e1nea con la presentaci\u00f3n de las bandas, ya que la idea es pasar de un d\u00eda diferente\" \/>\n<meta name=\"robots\" content=\"index, follow\" \/>\n<meta name=\"googlebot\" content=\"index, follow, max-snippet:-1, max-image-preview:large, max-video-preview:-1\" \/>\n<meta name=\"bingbot\" content=\"index, follow, max-snippet:-1, max-image-preview:large, max-video-preview:-1\" \/>\n<link rel=\"canonical\" href=\"https:\/\/www.oidossucios.com\/site\/i-festival-maturin-rock-hara-vibrar-monagas\/\" \/>\n<meta property=\"og:locale\" content=\"es_ES\" \/>\n<meta property=\"og:type\" content=\"article\" \/>\n<meta property=\"og:title\" content=\"I Festival Matur\u00edn Rock har\u00e1 vibrar Monagas - OidosSucios.Com\" \/>\n<meta property=\"og:description\" content=\"Es importante resaltar, que las diferentes actividades se desarrollar\u00e1n de forma simult\u00e1nea con la presentaci\u00f3n de las bandas, ya que la idea es pasar de un d\u00eda diferente\" \/>\n<meta property=\"og:url\" content=\"https:\/\/www.oidossucios.com\/site\/i-festival-maturin-rock-hara-vibrar-monagas\/\" \/>\n<meta property=\"og:site_name\" content=\"OidosSucios.Com\" \/>\n<meta property=\"article:published_time\" content=\"2014-09-30T04:58:00+00:00\" \/>\n<meta property=\"og:image\" content=\"https:\/\/www.oidossucios.com\/site\/wp-content\/uploads\/2014\/09\/8923.jpg\" \/>\n\t<meta property=\"og:image:width\" content=\"350\" \/>\n\t<meta property=\"og:image:height\" content=\"300\" \/>\n<meta name=\"twitter:card\" content=\"summary_large_image\" \/>\n<meta name=\"twitter:creator\" content=\"@oidossucios\" \/>\n<script type=\"application\/ld+json\" class=\"yoast-schema-graph\">{\"@context\":\"https:\/\/schema.org\",\"@graph\":[{\"@type\":\"WebSite\",\"@id\":\"https:\/\/www.oidossucios.com\/site\/#website\",\"url\":\"https:\/\/www.oidossucios.com\/site\/\",\"name\":\"OidosSucios.Com\",\"description\":\"M\\u00fasica, conciertos, discos\",\"potentialAction\":[{\"@type\":\"SearchAction\",\"target\":\"https:\/\/www.oidossucios.com\/site\/?s={search_term_string}\",\"query-input\":\"required name=search_term_string\"}],\"inLanguage\":\"es\"},{\"@type\":\"ImageObject\",\"@id\":\"https:\/\/www.oidossucios.com\/site\/i-festival-maturin-rock-hara-vibrar-monagas\/#primaryimage\",\"inLanguage\":\"es\",\"url\":\"https:\/\/www.oidossucios.com\/site\/wp-content\/uploads\/2014\/09\/8923.jpg\",\"width\":350,\"height\":300},{\"@type\":\"WebPage\",\"@id\":\"https:\/\/www.oidossucios.com\/site\/i-festival-maturin-rock-hara-vibrar-monagas\/#webpage\",\"url\":\"https:\/\/www.oidossucios.com\/site\/i-festival-maturin-rock-hara-vibrar-monagas\/\",\"name\":\"I Festival Matur\\u00edn Rock har\\u00e1 vibrar Monagas - OidosSucios.Com\",\"isPartOf\":{\"@id\":\"https:\/\/www.oidossucios.com\/site\/#website\"},\"primaryImageOfPage\":{\"@id\":\"https:\/\/www.oidossucios.com\/site\/i-festival-maturin-rock-hara-vibrar-monagas\/#primaryimage\"},\"datePublished\":\"2014-09-30T04:58:00+00:00\",\"dateModified\":\"2014-09-30T04:58:00+00:00\",\"author\":{\"@id\":\"https:\/\/www.oidossucios.com\/site\/#\/schema\/person\/24559eeb76bf83a63296fb072393a688\"},\"description\":\"Es importante resaltar, que las diferentes actividades se desarrollar\\u00e1n de forma simult\\u00e1nea con la presentaci\\u00f3n de las bandas, ya que la idea es pasar de un d\\u00eda diferente\",\"inLanguage\":\"es\",\"potentialAction\":[{\"@type\":\"ReadAction\",\"target\":[\"https:\/\/www.oidossucios.com\/site\/i-festival-maturin-rock-hara-vibrar-monagas\/\"]}]},{\"@type\":[\"Person\"],\"@id\":\"https:\/\/www.oidossucios.com\/site\/#\/schema\/person\/24559eeb76bf83a63296fb072393a688\",\"name\":\"Oidossucios\",\"image\":{\"@type\":\"ImageObject\",\"@id\":\"https:\/\/www.oidossucios.com\/site\/#personlogo\",\"inLanguage\":\"es\",\"url\":\"https:\/\/secure.gravatar.com\/avatar\/74fcb480f42f1a33e50a0b6e6369a3f907be2e43dc84fa5f76c66e9c22b4a5ab?s=96&d=mm&r=g\",\"caption\":\"Oidossucios\"},\"sameAs\":[\"https:\/\/twitter.com\/oidossucios\"]}]}<\/script>\n<!-- \/ Yoast SEO plugin. -->","jetpack_sharing_enabled":true,"_links":{"self":[{"href":"https:\/\/www.oidossucios.com\/site\/wp-json\/wp\/v2\/posts\/8923","targetHints":{"allow":["GET"]}}],"collection":[{"href":"https:\/\/www.oidossucios.com\/site\/wp-json\/wp\/v2\/posts"}],"about":[{"href":"https:\/\/www.oidossucios.com\/site\/wp-json\/wp\/v2\/types\/post"}],"author":[{"embeddable":true,"href":"https:\/\/www.oidossucios.com\/site\/wp-json\/wp\/v2\/users\/4"}],"replies":[{"embeddable":true,"href":"https:\/\/www.oidossucios.com\/site\/wp-json\/wp\/v2\/comments?post=8923"}],"version-history":[{"count":0,"href":"https:\/\/www.oidossucios.com\/site\/wp-json\/wp\/v2\/posts\/8923\/revisions"}],"wp:featuredmedia":[{"embeddable":true,"href":"https:\/\/www.oidossucios.com\/site\/wp-json\/wp\/v2\/media\/100008923"}],"wp:attachment":[{"href":"https:\/\/www.oidossucios.com\/site\/wp-json\/wp\/v2\/media?parent=8923"}],"wp:term":[{"taxonomy":"category","embeddable":true,"href":"https:\/\/www.oidossucios.com\/site\/wp-json\/wp\/v2\/categories?post=8923"},{"taxonomy":"post_tag","embeddable":true,"href":"https:\/\/www.oidossucios.com\/site\/wp-json\/wp\/v2\/tags?post=8923"}],"curies":[{"name":"wp","href":"https:\/\/api.w.org\/{rel}","templated":true}]}}