{"id":893,"date":"2003-12-19T05:26:00","date_gmt":"2003-12-19T05:26:00","guid":{"rendered":"https:\/\/www.oidossucios.com\/site\/2003\/12\/19\/eminem-encabeza-la-oferta-de-conciertos-para-el-2004\/"},"modified":"2003-12-19T05:26:00","modified_gmt":"2003-12-19T05:26:00","slug":"eminem-encabeza-la-oferta-de-conciertos-para-el-2004","status":"publish","type":"post","link":"https:\/\/www.oidossucios.com\/site\/eminem-encabeza-la-oferta-de-conciertos-para-el-2004\/","title":{"rendered":"Eminem encabeza la oferta de conciertos para el 2004"},"content":{"rendered":"<p>Seg\u00fan un art\u00edculo publicado hoy por el diario caraque\u00f1o El Universal, Enimen podr\u00eda venir a Venezuela entre los meses de mayo y junio, en un concierto que estar\u00eda produciendo Intermedios Show Design. <\/p>\n<p>Las dem\u00e1s ofertas de conciertos para el 2004 est\u00e1n copadas mayoritariamente por artistas pop, siendo el \u00fanico confirmado el show que ofrecer\u00e1 Alejandro Sanz el pr\u00f3ximo 17 de febrero en el estadio de la UCV, para el cual ya se est\u00e1n vendiendo las entradas.<\/p>\n<p>El cap\u00edtulo rockero solo tiene perspectivas de mostrar a Linkin Park y a John Anderson, l\u00edder la agrupaci\u00f3n sinf\u00f3nica Yes. Otros artistas que se barajan para venir a Venezuela son UB40, Christina Aguilera, Bajo Fondo Tango Club, Ricky Martin y Jennifer L\u00f3pez.<\/p>\n","protected":false},"excerpt":{"rendered":"<p>Seg\u00fan un art\u00edculo publicado hoy en el diario El Universal, el rapero norteamericano podr\u00eda presentarse en Venezuela a mediados del pr\u00f3ximo a\u00f1o. Linkin Park es otro de los artistas que se barajan para traer al pa\u00eds.<\/p>\n","protected":false},"author":4,"featured_media":10000889,"comment_status":"open","ping_status":"open","sticky":false,"template":"","format":"standard","meta":{"_jetpack_memberships_contains_paid_content":false,"footnotes":""},"categories":[250],"tags":[31],"class_list":["post-893","post","type-post","status-publish","format-standard","has-post-thumbnail","hentry","category-noticias","tag-eminem"],"jetpack_featured_media_url":"https:\/\/www.oidossucios.com\/site\/wp-content\/uploads\/2003\/12\/889.jpg","yoast_head":"<!-- This site is optimized with the Yoast SEO plugin v14.0.4 - https:\/\/yoast.com\/wordpress\/plugins\/seo\/ -->\n<title>Eminem encabeza la oferta de conciertos para el 2004 - OidosSucios.Com<\/title>\n<meta name=\"description\" content=\"La cantante norteamericana arremeti\u00f3 contra toda la Iglesia Cat\u00f3lica en el concierto navide\u00f1o grabado en el Vaticano anoche. Su intervenci\u00f3n ser\u00e1 cortada y no ser\u00e1 emitida el d\u00eda de Navidad.\" \/>\n<meta name=\"robots\" content=\"index, follow\" \/>\n<meta name=\"googlebot\" content=\"index, follow, max-snippet:-1, max-image-preview:large, max-video-preview:-1\" \/>\n<meta name=\"bingbot\" content=\"index, follow, max-snippet:-1, max-image-preview:large, max-video-preview:-1\" \/>\n<link rel=\"canonical\" href=\"https:\/\/www.oidossucios.com\/site\/eminem-encabeza-la-oferta-de-conciertos-para-el-2004\/\" \/>\n<meta property=\"og:locale\" content=\"es_ES\" \/>\n<meta property=\"og:type\" content=\"article\" \/>\n<meta property=\"og:title\" content=\"Eminem encabeza la oferta de conciertos para el 2004 - OidosSucios.Com\" \/>\n<meta property=\"og:description\" content=\"La cantante norteamericana arremeti\u00f3 contra toda la Iglesia Cat\u00f3lica en el concierto navide\u00f1o grabado en el Vaticano anoche. Su intervenci\u00f3n ser\u00e1 cortada y no ser\u00e1 emitida el d\u00eda de Navidad.\" \/>\n<meta property=\"og:url\" content=\"https:\/\/www.oidossucios.com\/site\/eminem-encabeza-la-oferta-de-conciertos-para-el-2004\/\" \/>\n<meta property=\"og:site_name\" content=\"OidosSucios.Com\" \/>\n<meta property=\"article:published_time\" content=\"2003-12-19T05:26:00+00:00\" \/>\n<meta property=\"og:image\" content=\"https:\/\/www.oidossucios.com\/site\/wp-content\/uploads\/2003\/12\/889.jpg\" \/>\n\t<meta property=\"og:image:width\" content=\"290\" \/>\n\t<meta property=\"og:image:height\" content=\"100\" \/>\n<meta name=\"twitter:card\" content=\"summary_large_image\" \/>\n<meta name=\"twitter:creator\" content=\"@oidossucios\" \/>\n<script type=\"application\/ld+json\" class=\"yoast-schema-graph\">{\"@context\":\"https:\/\/schema.org\",\"@graph\":[{\"@type\":\"WebSite\",\"@id\":\"https:\/\/www.oidossucios.com\/site\/#website\",\"url\":\"https:\/\/www.oidossucios.com\/site\/\",\"name\":\"OidosSucios.Com\",\"description\":\"M\\u00fasica, conciertos, discos\",\"potentialAction\":[{\"@type\":\"SearchAction\",\"target\":\"https:\/\/www.oidossucios.com\/site\/?s={search_term_string}\",\"query-input\":\"required name=search_term_string\"}],\"inLanguage\":\"es\"},{\"@type\":\"ImageObject\",\"@id\":\"https:\/\/www.oidossucios.com\/site\/eminem-encabeza-la-oferta-de-conciertos-para-el-2004\/#primaryimage\",\"inLanguage\":\"es\",\"url\":\"https:\/\/www.oidossucios.com\/site\/wp-content\/uploads\/2003\/12\/889.jpg\",\"width\":290,\"height\":100},{\"@type\":\"WebPage\",\"@id\":\"https:\/\/www.oidossucios.com\/site\/eminem-encabeza-la-oferta-de-conciertos-para-el-2004\/#webpage\",\"url\":\"https:\/\/www.oidossucios.com\/site\/eminem-encabeza-la-oferta-de-conciertos-para-el-2004\/\",\"name\":\"Eminem encabeza la oferta de conciertos para el 2004 - OidosSucios.Com\",\"isPartOf\":{\"@id\":\"https:\/\/www.oidossucios.com\/site\/#website\"},\"primaryImageOfPage\":{\"@id\":\"https:\/\/www.oidossucios.com\/site\/eminem-encabeza-la-oferta-de-conciertos-para-el-2004\/#primaryimage\"},\"datePublished\":\"2003-12-19T05:26:00+00:00\",\"dateModified\":\"2003-12-19T05:26:00+00:00\",\"author\":{\"@id\":\"https:\/\/www.oidossucios.com\/site\/#\/schema\/person\/24559eeb76bf83a63296fb072393a688\"},\"description\":\"La cantante norteamericana arremeti\\u00f3 contra toda la Iglesia Cat\\u00f3lica en el concierto navide\\u00f1o grabado en el Vaticano anoche. Su intervenci\\u00f3n ser\\u00e1 cortada y no ser\\u00e1 emitida el d\\u00eda de Navidad.\",\"inLanguage\":\"es\",\"potentialAction\":[{\"@type\":\"ReadAction\",\"target\":[\"https:\/\/www.oidossucios.com\/site\/eminem-encabeza-la-oferta-de-conciertos-para-el-2004\/\"]}]},{\"@type\":[\"Person\"],\"@id\":\"https:\/\/www.oidossucios.com\/site\/#\/schema\/person\/24559eeb76bf83a63296fb072393a688\",\"name\":\"Oidossucios\",\"image\":{\"@type\":\"ImageObject\",\"@id\":\"https:\/\/www.oidossucios.com\/site\/#personlogo\",\"inLanguage\":\"es\",\"url\":\"https:\/\/secure.gravatar.com\/avatar\/74fcb480f42f1a33e50a0b6e6369a3f907be2e43dc84fa5f76c66e9c22b4a5ab?s=96&d=mm&r=g\",\"caption\":\"Oidossucios\"},\"sameAs\":[\"https:\/\/twitter.com\/oidossucios\"]}]}<\/script>\n<!-- \/ Yoast SEO plugin. -->","jetpack_sharing_enabled":true,"_links":{"self":[{"href":"https:\/\/www.oidossucios.com\/site\/wp-json\/wp\/v2\/posts\/893","targetHints":{"allow":["GET"]}}],"collection":[{"href":"https:\/\/www.oidossucios.com\/site\/wp-json\/wp\/v2\/posts"}],"about":[{"href":"https:\/\/www.oidossucios.com\/site\/wp-json\/wp\/v2\/types\/post"}],"author":[{"embeddable":true,"href":"https:\/\/www.oidossucios.com\/site\/wp-json\/wp\/v2\/users\/4"}],"replies":[{"embeddable":true,"href":"https:\/\/www.oidossucios.com\/site\/wp-json\/wp\/v2\/comments?post=893"}],"version-history":[{"count":0,"href":"https:\/\/www.oidossucios.com\/site\/wp-json\/wp\/v2\/posts\/893\/revisions"}],"wp:featuredmedia":[{"embeddable":true,"href":"https:\/\/www.oidossucios.com\/site\/wp-json\/wp\/v2\/media\/10000889"}],"wp:attachment":[{"href":"https:\/\/www.oidossucios.com\/site\/wp-json\/wp\/v2\/media?parent=893"}],"wp:term":[{"taxonomy":"category","embeddable":true,"href":"https:\/\/www.oidossucios.com\/site\/wp-json\/wp\/v2\/categories?post=893"},{"taxonomy":"post_tag","embeddable":true,"href":"https:\/\/www.oidossucios.com\/site\/wp-json\/wp\/v2\/tags?post=893"}],"curies":[{"name":"wp","href":"https:\/\/api.w.org\/{rel}","templated":true}]}}