{"id":8935,"date":"2014-10-04T17:57:00","date_gmt":"2014-10-04T17:57:00","guid":{"rendered":"https:\/\/www.oidossucios.com\/site\/2014\/10\/04\/alianza-sibelius-fest-fundacion-nuevas-bandas-y-la-alcaldia-de-baruta-traen-el-evento-del-ano\/"},"modified":"2014-10-04T17:57:00","modified_gmt":"2014-10-04T17:57:00","slug":"alianza-sibelius-fest-fundacion-nuevas-bandas-y-la-alcaldia-de-baruta-traen-el-evento-del-ano","status":"publish","type":"post","link":"https:\/\/www.oidossucios.com\/site\/alianza-sibelius-fest-fundacion-nuevas-bandas-y-la-alcaldia-de-baruta-traen-el-evento-del-ano\/","title":{"rendered":"Alianza Sibelius Fest, Fundaci\u00f3n Nuevas Bandas y La Alcald\u00eda de Baruta traen el evento del a\u00f1o"},"content":{"rendered":"<p style=\"text-align: justify;\">En celebraci&oacute;n de los 55 a&ntilde;os del rock en Venezuela, dos grandes festivales de m&uacute;sica como lo son Fundaci&oacute;n Nuevas Bandas y Sibelius Fest en coproducci&oacute;n con la Alcald&iacute;a de Baruta, se unen&nbsp; para dar lugar a un espect&aacute;culo de producci&oacute;n nacional sin precedentes. La cita tendr&aacute; lugar este s&aacute;bado 18 de octubre desde las 11:00 am en la Plaza Alfredo Sadel de Las Mercedes, con entrada libre al p&uacute;blico. <\/p>\n<p>Este d&iacute;a se llevar&aacute; a cabo la gran final en vivo entre los 6 guitarristas finalistas del Sibelius Fest (www.sibeliusfest.com),&nbsp; quienes se disputar&aacute;n el t&iacute;tulo del nuevo &iacute;dolo de la guitarra el&eacute;ctrica. Luego actuar&aacute; la banda ganadora del Festival Nuevas Bandas, despu&eacute;s le corresponder&aacute; el turno a Los Beat3 con su tributo a The Beatles, versionando sus canciones m&aacute;s rockeras. Continuar&aacute; la agrupaci&oacute;n Los Humanoides con el homenaje a los 55 a&ntilde;os al rock nacional y finalmente cerrar&aacute; la agrupaci&oacute;n Sibelius, acompa&ntilde;ada por los 45 m&uacute;sicos de la Orquesta Sinf&oacute;nica de Lara, interpretando un repertorio conformado por cl&aacute;sicos del rock provenientes de bandas como Met&aacute;lica, Queen, Guns N Roses, AC\/DC, U2&nbsp; y por lo mejor de la discograf&iacute;a de Sibelius. <\/p>\n<p>Gracias al aporte cultural que ha venido desarrollando la Alcald&iacute;a de Baruta en el municipio, ha sido posible llevar a cabo la realizaci&oacute;n de este tipo de eventos que integran a toda la comunidad es un espacio ameno. &ldquo;Estamos muy agradecidos&nbsp; con la Alcald&iacute;a de Baruta por todo su apoyo y por haber cre&iacute;do en nosotros desde el principio. Da gusto trabajar con personas tan accesibles y abiertas en el &aacute;rea cultural&#8221;, indic&oacute; Scheer. <\/p>\n<p>Esta es la primera vez que se da la alianza entre el Sibelius Fest y el Festival Nuevas Bandas y que seg&uacute;n ambas partes puede ser &#8220;la primera de muchas que pueden concretarse en el futuro&#8221;. <\/p>\n<p>&#8220;La Fundaci&oacute;n Nuevas Bandas ha sido una plataforma para muchos talentos, adem&aacute;s de que en Venezuela son unos pioneros en la producci&oacute;n de festivales y una inspiraci&oacute;n para muchos productores. Esta apertura con el Sibelius Fest es muy positiva desde todo punto de vista porque nos permite llegar a un p&uacute;blico mucho m&aacute;s diverso y ampl&iacute;a la oferta del cartel. Adem&aacute;s, F&eacute;lix Allueva, el presidente de la Fundaci&oacute;n Nuevas Bandas es una persona muy abierta, admirable y accesible y as&iacute; es la fundaci&oacute;n, un reflejo de su creador&#8221;, expres&oacute; Phlipp Scheer, organizador del Sibelius Fest.<\/p>\n<p>&#8220;Philipp Scheer es una persona incansable y muy trabajador, con muy buenas ideas, ha sido un placer trabajar con &eacute;l&#8221;, expres&oacute; F&eacute;lix Allueva. &#8220;Espero que en el futuro podamos volver a trabajar juntos&#8221;, agreg&oacute;. <\/p>\n<p>No podemos dejar de mencionar la participaci&oacute;n de importantes aliados comerciales, como lo son: Club Social, Movistar, Promontaje, Vantage, Pepsi, Ron Pampero, La Mega, Cuer2 Films y Audioplace. Sin su participaci&oacute;n no hubiera sido posible llevar a cabo esta gran producci&oacute;n nacional.<\/p>\n<p>Fuente: Nota de Prensa<\/p>\n","protected":false},"excerpt":{"rendered":"<p>La cita tendr\u00e1 lugar este s\u00e1bado 18 de octubre desde las 11:00 am en la Plaza Alfredo Sadel de Las Mercedes, con entrada libre al p\u00fablico. <\/p>\n","protected":false},"author":4,"featured_media":100008935,"comment_status":"open","ping_status":"open","sticky":false,"template":"","format":"standard","meta":{"_jetpack_memberships_contains_paid_content":false,"footnotes":""},"categories":[142],"tags":[],"class_list":["post-8935","post","type-post","status-publish","format-standard","has-post-thumbnail","hentry","category-buzznews"],"jetpack_featured_media_url":"https:\/\/www.oidossucios.com\/site\/wp-content\/uploads\/2014\/10\/8935.jpg","yoast_head":"<!-- This site is optimized with the Yoast SEO plugin v14.0.4 - https:\/\/yoast.com\/wordpress\/plugins\/seo\/ -->\n<title>Alianza Sibelius Fest, Fundaci\u00f3n Nuevas Bandas y La Alcald\u00eda de Baruta traen el evento del a\u00f1o - OidosSucios.Com<\/title>\n<meta name=\"description\" content=\"La cita tendr\u00e1 lugar este s\u00e1bado 18 de octubre desde las 11:00 am en la Plaza Alfredo Sadel de Las Mercedes, con entrada libre al p\u00fablico.\" \/>\n<meta name=\"robots\" content=\"index, follow\" \/>\n<meta name=\"googlebot\" content=\"index, follow, max-snippet:-1, max-image-preview:large, max-video-preview:-1\" \/>\n<meta name=\"bingbot\" content=\"index, follow, max-snippet:-1, max-image-preview:large, max-video-preview:-1\" \/>\n<link rel=\"canonical\" href=\"https:\/\/www.oidossucios.com\/site\/alianza-sibelius-fest-fundacion-nuevas-bandas-y-la-alcaldia-de-baruta-traen-el-evento-del-ano\/\" \/>\n<meta property=\"og:locale\" content=\"es_ES\" \/>\n<meta property=\"og:type\" content=\"article\" \/>\n<meta property=\"og:title\" content=\"Alianza Sibelius Fest, Fundaci\u00f3n Nuevas Bandas y La Alcald\u00eda de Baruta traen el evento del a\u00f1o - OidosSucios.Com\" \/>\n<meta property=\"og:description\" content=\"La cita tendr\u00e1 lugar este s\u00e1bado 18 de octubre desde las 11:00 am en la Plaza Alfredo Sadel de Las Mercedes, con entrada libre al p\u00fablico.\" \/>\n<meta property=\"og:url\" content=\"https:\/\/www.oidossucios.com\/site\/alianza-sibelius-fest-fundacion-nuevas-bandas-y-la-alcaldia-de-baruta-traen-el-evento-del-ano\/\" \/>\n<meta property=\"og:site_name\" content=\"OidosSucios.Com\" \/>\n<meta property=\"article:published_time\" content=\"2014-10-04T17:57:00+00:00\" \/>\n<meta property=\"og:image\" content=\"https:\/\/www.oidossucios.com\/site\/wp-content\/uploads\/2014\/10\/8935.jpg\" \/>\n\t<meta property=\"og:image:width\" content=\"350\" \/>\n\t<meta property=\"og:image:height\" content=\"300\" \/>\n<meta name=\"twitter:card\" content=\"summary_large_image\" \/>\n<meta name=\"twitter:creator\" content=\"@oidossucios\" \/>\n<script type=\"application\/ld+json\" class=\"yoast-schema-graph\">{\"@context\":\"https:\/\/schema.org\",\"@graph\":[{\"@type\":\"WebSite\",\"@id\":\"https:\/\/www.oidossucios.com\/site\/#website\",\"url\":\"https:\/\/www.oidossucios.com\/site\/\",\"name\":\"OidosSucios.Com\",\"description\":\"M\\u00fasica, conciertos, discos\",\"potentialAction\":[{\"@type\":\"SearchAction\",\"target\":\"https:\/\/www.oidossucios.com\/site\/?s={search_term_string}\",\"query-input\":\"required name=search_term_string\"}],\"inLanguage\":\"es\"},{\"@type\":\"ImageObject\",\"@id\":\"https:\/\/www.oidossucios.com\/site\/alianza-sibelius-fest-fundacion-nuevas-bandas-y-la-alcaldia-de-baruta-traen-el-evento-del-ano\/#primaryimage\",\"inLanguage\":\"es\",\"url\":\"https:\/\/www.oidossucios.com\/site\/wp-content\/uploads\/2014\/10\/8935.jpg\",\"width\":350,\"height\":300},{\"@type\":\"WebPage\",\"@id\":\"https:\/\/www.oidossucios.com\/site\/alianza-sibelius-fest-fundacion-nuevas-bandas-y-la-alcaldia-de-baruta-traen-el-evento-del-ano\/#webpage\",\"url\":\"https:\/\/www.oidossucios.com\/site\/alianza-sibelius-fest-fundacion-nuevas-bandas-y-la-alcaldia-de-baruta-traen-el-evento-del-ano\/\",\"name\":\"Alianza Sibelius Fest, Fundaci\\u00f3n Nuevas Bandas y La Alcald\\u00eda de Baruta traen el evento del a\\u00f1o - OidosSucios.Com\",\"isPartOf\":{\"@id\":\"https:\/\/www.oidossucios.com\/site\/#website\"},\"primaryImageOfPage\":{\"@id\":\"https:\/\/www.oidossucios.com\/site\/alianza-sibelius-fest-fundacion-nuevas-bandas-y-la-alcaldia-de-baruta-traen-el-evento-del-ano\/#primaryimage\"},\"datePublished\":\"2014-10-04T17:57:00+00:00\",\"dateModified\":\"2014-10-04T17:57:00+00:00\",\"author\":{\"@id\":\"https:\/\/www.oidossucios.com\/site\/#\/schema\/person\/24559eeb76bf83a63296fb072393a688\"},\"description\":\"La cita tendr\\u00e1 lugar este s\\u00e1bado 18 de octubre desde las 11:00 am en la Plaza Alfredo Sadel de Las Mercedes, con entrada libre al p\\u00fablico.\",\"inLanguage\":\"es\",\"potentialAction\":[{\"@type\":\"ReadAction\",\"target\":[\"https:\/\/www.oidossucios.com\/site\/alianza-sibelius-fest-fundacion-nuevas-bandas-y-la-alcaldia-de-baruta-traen-el-evento-del-ano\/\"]}]},{\"@type\":[\"Person\"],\"@id\":\"https:\/\/www.oidossucios.com\/site\/#\/schema\/person\/24559eeb76bf83a63296fb072393a688\",\"name\":\"Oidossucios\",\"image\":{\"@type\":\"ImageObject\",\"@id\":\"https:\/\/www.oidossucios.com\/site\/#personlogo\",\"inLanguage\":\"es\",\"url\":\"https:\/\/secure.gravatar.com\/avatar\/74fcb480f42f1a33e50a0b6e6369a3f907be2e43dc84fa5f76c66e9c22b4a5ab?s=96&d=mm&r=g\",\"caption\":\"Oidossucios\"},\"sameAs\":[\"https:\/\/twitter.com\/oidossucios\"]}]}<\/script>\n<!-- \/ Yoast SEO plugin. -->","jetpack_sharing_enabled":true,"_links":{"self":[{"href":"https:\/\/www.oidossucios.com\/site\/wp-json\/wp\/v2\/posts\/8935","targetHints":{"allow":["GET"]}}],"collection":[{"href":"https:\/\/www.oidossucios.com\/site\/wp-json\/wp\/v2\/posts"}],"about":[{"href":"https:\/\/www.oidossucios.com\/site\/wp-json\/wp\/v2\/types\/post"}],"author":[{"embeddable":true,"href":"https:\/\/www.oidossucios.com\/site\/wp-json\/wp\/v2\/users\/4"}],"replies":[{"embeddable":true,"href":"https:\/\/www.oidossucios.com\/site\/wp-json\/wp\/v2\/comments?post=8935"}],"version-history":[{"count":0,"href":"https:\/\/www.oidossucios.com\/site\/wp-json\/wp\/v2\/posts\/8935\/revisions"}],"wp:featuredmedia":[{"embeddable":true,"href":"https:\/\/www.oidossucios.com\/site\/wp-json\/wp\/v2\/media\/100008935"}],"wp:attachment":[{"href":"https:\/\/www.oidossucios.com\/site\/wp-json\/wp\/v2\/media?parent=8935"}],"wp:term":[{"taxonomy":"category","embeddable":true,"href":"https:\/\/www.oidossucios.com\/site\/wp-json\/wp\/v2\/categories?post=8935"},{"taxonomy":"post_tag","embeddable":true,"href":"https:\/\/www.oidossucios.com\/site\/wp-json\/wp\/v2\/tags?post=8935"}],"curies":[{"name":"wp","href":"https:\/\/api.w.org\/{rel}","templated":true}]}}