{"id":8944,"date":"2014-10-10T04:54:00","date_gmt":"2014-10-10T04:54:00","guid":{"rendered":"https:\/\/www.oidossucios.com\/site\/2014\/10\/10\/bullet-for-my-valentine-lanzaran-disco-en-2015\/"},"modified":"2014-10-10T04:54:00","modified_gmt":"2014-10-10T04:54:00","slug":"bullet-for-my-valentine-lanzaran-disco-en-2015","status":"publish","type":"post","link":"https:\/\/www.oidossucios.com\/site\/bullet-for-my-valentine-lanzaran-disco-en-2015\/","title":{"rendered":"Bullet For My Valentine lanzar\u00e1n disco en 2015"},"content":{"rendered":"<p style=\"text-align: justify;\">La banda galesa de metal Bullet For My Valentine est&aacute; preparando un nuevo &aacute;lbum -continuaci&oacute;n a su anterior Temper Temper (2013)- para principios del pr&oacute;ximo a&ntilde;o 2015 seg&uacute;n el guitarrista y vocalista de la agrupaci&oacute;n, Matt Tuck.<\/p>\n<p>En sus palabras coment&oacute; para Blabbermouth: &#8220;la banda est&aacute; lista para sacar su nuevo CD en el pr&oacute;ximo mes o as&iacute;&#8221; &#8211; a&ntilde;adiendo -&#8220;Es un monstruo totalmente, hasta ahora&#8221;. A&uacute;n no se tienen m&aacute;s detalles pero esperaremos confirmaciones futuras de la banda que al parecer todav&iacute;a tiene mucho por ofrecernos. <\/p>\n<p>Fuente: Somos &Iacute;dolos<\/p>\n","protected":false},"excerpt":{"rendered":"<p>La banda est\u00e1 lista para sacar su nuevo CD en el pr\u00f3ximo mes o as\u00ed. Es un monstruo totalmente, hasta ahora<\/p>\n","protected":false},"author":4,"featured_media":100008944,"comment_status":"open","ping_status":"open","sticky":false,"template":"","format":"standard","meta":{"_jetpack_memberships_contains_paid_content":false,"footnotes":""},"categories":[142],"tags":[],"class_list":["post-8944","post","type-post","status-publish","format-standard","has-post-thumbnail","hentry","category-buzznews"],"jetpack_featured_media_url":"https:\/\/www.oidossucios.com\/site\/wp-content\/uploads\/2014\/10\/8944.jpg","yoast_head":"<!-- This site is optimized with the Yoast SEO plugin v14.0.4 - https:\/\/yoast.com\/wordpress\/plugins\/seo\/ -->\n<title>Bullet For My Valentine lanzar\u00e1n disco en 2015 - OidosSucios.Com<\/title>\n<meta name=\"description\" content=\"La banda est\u00e1 lista para sacar su nuevo CD en el pr\u00f3ximo mes o as\u00ed. Es un monstruo totalmente, hasta ahora\" \/>\n<meta name=\"robots\" content=\"index, follow\" \/>\n<meta name=\"googlebot\" content=\"index, follow, max-snippet:-1, max-image-preview:large, max-video-preview:-1\" \/>\n<meta name=\"bingbot\" content=\"index, follow, max-snippet:-1, max-image-preview:large, max-video-preview:-1\" \/>\n<link rel=\"canonical\" href=\"https:\/\/www.oidossucios.com\/site\/bullet-for-my-valentine-lanzaran-disco-en-2015\/\" \/>\n<meta property=\"og:locale\" content=\"es_ES\" \/>\n<meta property=\"og:type\" content=\"article\" \/>\n<meta property=\"og:title\" content=\"Bullet For My Valentine lanzar\u00e1n disco en 2015 - OidosSucios.Com\" \/>\n<meta property=\"og:description\" content=\"La banda est\u00e1 lista para sacar su nuevo CD en el pr\u00f3ximo mes o as\u00ed. Es un monstruo totalmente, hasta ahora\" \/>\n<meta property=\"og:url\" content=\"https:\/\/www.oidossucios.com\/site\/bullet-for-my-valentine-lanzaran-disco-en-2015\/\" \/>\n<meta property=\"og:site_name\" content=\"OidosSucios.Com\" \/>\n<meta property=\"article:published_time\" content=\"2014-10-10T04:54:00+00:00\" \/>\n<meta property=\"og:image\" content=\"https:\/\/www.oidossucios.com\/site\/wp-content\/uploads\/2014\/10\/8944.jpg\" \/>\n\t<meta property=\"og:image:width\" content=\"350\" \/>\n\t<meta property=\"og:image:height\" content=\"300\" \/>\n<meta name=\"twitter:card\" content=\"summary_large_image\" \/>\n<meta name=\"twitter:creator\" content=\"@oidossucios\" \/>\n<script type=\"application\/ld+json\" class=\"yoast-schema-graph\">{\"@context\":\"https:\/\/schema.org\",\"@graph\":[{\"@type\":\"WebSite\",\"@id\":\"https:\/\/www.oidossucios.com\/site\/#website\",\"url\":\"https:\/\/www.oidossucios.com\/site\/\",\"name\":\"OidosSucios.Com\",\"description\":\"M\\u00fasica, conciertos, discos\",\"potentialAction\":[{\"@type\":\"SearchAction\",\"target\":\"https:\/\/www.oidossucios.com\/site\/?s={search_term_string}\",\"query-input\":\"required name=search_term_string\"}],\"inLanguage\":\"es\"},{\"@type\":\"ImageObject\",\"@id\":\"https:\/\/www.oidossucios.com\/site\/bullet-for-my-valentine-lanzaran-disco-en-2015\/#primaryimage\",\"inLanguage\":\"es\",\"url\":\"https:\/\/www.oidossucios.com\/site\/wp-content\/uploads\/2014\/10\/8944.jpg\",\"width\":350,\"height\":300},{\"@type\":\"WebPage\",\"@id\":\"https:\/\/www.oidossucios.com\/site\/bullet-for-my-valentine-lanzaran-disco-en-2015\/#webpage\",\"url\":\"https:\/\/www.oidossucios.com\/site\/bullet-for-my-valentine-lanzaran-disco-en-2015\/\",\"name\":\"Bullet For My Valentine lanzar\\u00e1n disco en 2015 - OidosSucios.Com\",\"isPartOf\":{\"@id\":\"https:\/\/www.oidossucios.com\/site\/#website\"},\"primaryImageOfPage\":{\"@id\":\"https:\/\/www.oidossucios.com\/site\/bullet-for-my-valentine-lanzaran-disco-en-2015\/#primaryimage\"},\"datePublished\":\"2014-10-10T04:54:00+00:00\",\"dateModified\":\"2014-10-10T04:54:00+00:00\",\"author\":{\"@id\":\"https:\/\/www.oidossucios.com\/site\/#\/schema\/person\/24559eeb76bf83a63296fb072393a688\"},\"description\":\"La banda est\\u00e1 lista para sacar su nuevo CD en el pr\\u00f3ximo mes o as\\u00ed. Es un monstruo totalmente, hasta ahora\",\"inLanguage\":\"es\",\"potentialAction\":[{\"@type\":\"ReadAction\",\"target\":[\"https:\/\/www.oidossucios.com\/site\/bullet-for-my-valentine-lanzaran-disco-en-2015\/\"]}]},{\"@type\":[\"Person\"],\"@id\":\"https:\/\/www.oidossucios.com\/site\/#\/schema\/person\/24559eeb76bf83a63296fb072393a688\",\"name\":\"Oidossucios\",\"image\":{\"@type\":\"ImageObject\",\"@id\":\"https:\/\/www.oidossucios.com\/site\/#personlogo\",\"inLanguage\":\"es\",\"url\":\"https:\/\/secure.gravatar.com\/avatar\/74fcb480f42f1a33e50a0b6e6369a3f907be2e43dc84fa5f76c66e9c22b4a5ab?s=96&d=mm&r=g\",\"caption\":\"Oidossucios\"},\"sameAs\":[\"https:\/\/twitter.com\/oidossucios\"]}]}<\/script>\n<!-- \/ Yoast SEO plugin. -->","jetpack_sharing_enabled":true,"_links":{"self":[{"href":"https:\/\/www.oidossucios.com\/site\/wp-json\/wp\/v2\/posts\/8944","targetHints":{"allow":["GET"]}}],"collection":[{"href":"https:\/\/www.oidossucios.com\/site\/wp-json\/wp\/v2\/posts"}],"about":[{"href":"https:\/\/www.oidossucios.com\/site\/wp-json\/wp\/v2\/types\/post"}],"author":[{"embeddable":true,"href":"https:\/\/www.oidossucios.com\/site\/wp-json\/wp\/v2\/users\/4"}],"replies":[{"embeddable":true,"href":"https:\/\/www.oidossucios.com\/site\/wp-json\/wp\/v2\/comments?post=8944"}],"version-history":[{"count":0,"href":"https:\/\/www.oidossucios.com\/site\/wp-json\/wp\/v2\/posts\/8944\/revisions"}],"wp:featuredmedia":[{"embeddable":true,"href":"https:\/\/www.oidossucios.com\/site\/wp-json\/wp\/v2\/media\/100008944"}],"wp:attachment":[{"href":"https:\/\/www.oidossucios.com\/site\/wp-json\/wp\/v2\/media?parent=8944"}],"wp:term":[{"taxonomy":"category","embeddable":true,"href":"https:\/\/www.oidossucios.com\/site\/wp-json\/wp\/v2\/categories?post=8944"},{"taxonomy":"post_tag","embeddable":true,"href":"https:\/\/www.oidossucios.com\/site\/wp-json\/wp\/v2\/tags?post=8944"}],"curies":[{"name":"wp","href":"https:\/\/api.w.org\/{rel}","templated":true}]}}