{"id":8953,"date":"2014-10-16T14:46:00","date_gmt":"2014-10-16T14:46:00","guid":{"rendered":"https:\/\/www.oidossucios.com\/site\/2014\/10\/16\/listos-los-concursantes-del-sibelius-fest-para-la-gran-final-en-vivo\/"},"modified":"2014-10-16T14:46:00","modified_gmt":"2014-10-16T14:46:00","slug":"listos-los-concursantes-del-sibelius-fest-para-la-gran-final-en-vivo","status":"publish","type":"post","link":"https:\/\/www.oidossucios.com\/site\/listos-los-concursantes-del-sibelius-fest-para-la-gran-final-en-vivo\/","title":{"rendered":"Listos los concursantes del Sibelius Fest para la gran final en vivo"},"content":{"rendered":"<p style=\"text-align: justify;\">Quedan pocos d&iacute;as para la gran final en vivo del SIBELIUS FEST y sus concursantes se preparan con todo para la contienda. Los 6 finalistas han pasado por largas horas de estudio y ensayo, junto a momentos llenos de adrenalina que llegar&aacute;n a su punto culminante este s&aacute;bado 18 de octubre en la Plaza Alfredo Sadel de las Mercedes desde las 11:00 am, donde se medir&aacute;n ante un jurado calificador. <\/p>\n<p>Vale recordar que en celebraci&oacute;n de los 55 a&ntilde;os del rock en Venezuela, dos grandes festivales de m&uacute;sica como lo son Fundaci&oacute;n Nuevas Bandas y Sibelius Fest en coproducci&oacute;n con la Alcald&iacute;a de Baruta, se unen&nbsp; para dar lugar a un espect&aacute;culo de producci&oacute;n nacional sin precedentes, en el que la gran final en vivo de los 6 finalistas forma parte importante. <\/p>\n<p>Veamos que opinan del evento y c&oacute;mo se preparan algunos de los participantes:<\/p>\n<p><strong>Carlos Hern&aacute;ndez<\/strong>:&nbsp; Es un privilegio formar parte de la comunidad Sibeliusfest. Esta iniciativa es pionera y &uacute;nica en el mundo de la M&uacute;sica instrumental de guitarra el&eacute;ctrica, es un ejemplo a seguir y una forma creativa de llevar cultura a las masas. Actualmente estoy practicando entre una y tres horas diarias entre ejercicios y ensayo de los temas que voy a interpretar.<\/p>\n<p><strong>Sonyx Fern&aacute;ndez<\/strong>: Me siento contento por haber sido seleccionado! Ya que tambi&eacute;n podre compartir experiencias musicales con los dem&aacute;s participantes del SIBELIUSFESTVZLA! Es una iniciativa fenomenal para todos los guitarristas, tanto como para Venezuela como para Latinoam&eacute;rica, para hacer conocer de su gran talento en la guitarra. Siempre me e mantenido 100% activo con mi instrumento y como m&uacute;sico, mi rutina siempre han sido largas desde cuando joven pero recientemente practico de manera ordenada 5 horas al d&iacute;a para la gran final.<\/p>\n<p><strong>Angel Daniel Oliveros<\/strong>: Es un gusto y completo placer, haber llenado las expectativas del jurado y quedar entre sus finalistas, me siento bastante feliz, esperando el d&iacute;a para dar lo mejor y por sobre todo disfrutar bastante el evento..<br \/>Me parece que el festival es una iniciativa incre&iacute;ble, ya que a trav&eacute;s de ella muchos guitarristas pueden dar a conocer sus habilidades y talentos, deber&iacute;a seguirse repitiendo y que cada vez sea mejor de lo que hasta ahora ha sido.<br \/>Para la gran final he estado practicando y estudiando bastante, para seguir llenando las expectativas del jurado, estoy dedicando entre 3 y 4 hrs diarias a la practica, aveces mas, aveces menos pero es constante y bastante productivo cada minuto.<\/p>\n<p><strong>Mikael Carnevali<\/strong>: Me siento incre&iacute;ble, muy halagado la verdad con el haber sido seleccionado para la gran final. El Sibelius Fest me ha dado una gran oportunidad y pues dar&eacute; todo de m&iacute; en forma de agradecimiento. El Sibelius Fest representa para m&iacute; el portal m&aacute;s importante de Venezuela y uno de los m&aacute;s importantes de Latinoam&eacute;rica en donde la guitarra el&eacute;ctrica es el principal protagonista sin importar el estilo siempre y cuando se mantenga el liderazgo de la misma. Gracias al Sibelius Fest muchos de nosotros, sentimos que no estamos solos, sino que hay una entidad que crece y crece para que la convocatoria sea realmente masiva y nos d&eacute; la oportunidad de que todos los guitarristas nos convirtamos en ganadores.<\/p>\n<p>&nbsp;La gran final me tiene bastante ansioso, no dejo de pensar en ella. Con respecto a las horas de estudio\/pr&aacute;ctica diarias pues te confieso que desde que entr&eacute; a este fascinante mundo de la m&uacute;sica no ha pasado un d&iacute;a en el que no le haya dedicado un tiempo considerable al estudio y pr&aacute;ctica de la misma. TODOS los d&iacute;as practico, estudio y compongo en un intervalo de tiempo que no suele ser menos de 4 horas por d&iacute;a. De todas formas pienso que la cantidad de horas aplicadas no son tan importantes como el aprovechamiento de ellas mismas.<\/p>\n<p style=\"text-align: justify;\">&nbsp;<\/p>\n<p style=\"text-align: justify;\">Fuente: Nota de Prensa<\/p>\n","protected":false},"excerpt":{"rendered":"<p>El Sibelius Fest representa para m\u00ed el portal m\u00e1s importante de Venezuela en donde la guitarra el\u00e9ctrica es el principal protagonista<\/p>\n","protected":false},"author":4,"featured_media":100008953,"comment_status":"open","ping_status":"open","sticky":false,"template":"","format":"standard","meta":{"_jetpack_memberships_contains_paid_content":false,"footnotes":""},"categories":[142],"tags":[],"class_list":["post-8953","post","type-post","status-publish","format-standard","has-post-thumbnail","hentry","category-buzznews"],"jetpack_featured_media_url":"https:\/\/www.oidossucios.com\/site\/wp-content\/uploads\/2014\/10\/8953.jpg","yoast_head":"<!-- This site is optimized with the Yoast SEO plugin v14.0.4 - https:\/\/yoast.com\/wordpress\/plugins\/seo\/ -->\n<title>Listos los concursantes del Sibelius Fest para la gran final en vivo - OidosSucios.Com<\/title>\n<meta name=\"description\" content=\"El Sibelius Fest representa para m\u00ed el portal m\u00e1s importante de Venezuela en donde la guitarra el\u00e9ctrica es el principal protagonista\" \/>\n<meta name=\"robots\" content=\"index, follow\" \/>\n<meta name=\"googlebot\" content=\"index, follow, max-snippet:-1, max-image-preview:large, max-video-preview:-1\" \/>\n<meta name=\"bingbot\" content=\"index, follow, max-snippet:-1, max-image-preview:large, max-video-preview:-1\" \/>\n<link rel=\"canonical\" href=\"https:\/\/www.oidossucios.com\/site\/listos-los-concursantes-del-sibelius-fest-para-la-gran-final-en-vivo\/\" \/>\n<meta property=\"og:locale\" content=\"es_ES\" \/>\n<meta property=\"og:type\" content=\"article\" \/>\n<meta property=\"og:title\" content=\"Listos los concursantes del Sibelius Fest para la gran final en vivo - OidosSucios.Com\" \/>\n<meta property=\"og:description\" content=\"El Sibelius Fest representa para m\u00ed el portal m\u00e1s importante de Venezuela en donde la guitarra el\u00e9ctrica es el principal protagonista\" \/>\n<meta property=\"og:url\" content=\"https:\/\/www.oidossucios.com\/site\/listos-los-concursantes-del-sibelius-fest-para-la-gran-final-en-vivo\/\" \/>\n<meta property=\"og:site_name\" content=\"OidosSucios.Com\" \/>\n<meta property=\"article:published_time\" content=\"2014-10-16T14:46:00+00:00\" \/>\n<meta property=\"og:image\" content=\"https:\/\/www.oidossucios.com\/site\/wp-content\/uploads\/2014\/10\/8953.jpg\" \/>\n\t<meta property=\"og:image:width\" content=\"350\" \/>\n\t<meta property=\"og:image:height\" content=\"300\" \/>\n<meta name=\"twitter:card\" content=\"summary_large_image\" \/>\n<meta name=\"twitter:creator\" content=\"@oidossucios\" \/>\n<script type=\"application\/ld+json\" class=\"yoast-schema-graph\">{\"@context\":\"https:\/\/schema.org\",\"@graph\":[{\"@type\":\"WebSite\",\"@id\":\"https:\/\/www.oidossucios.com\/site\/#website\",\"url\":\"https:\/\/www.oidossucios.com\/site\/\",\"name\":\"OidosSucios.Com\",\"description\":\"M\\u00fasica, conciertos, discos\",\"potentialAction\":[{\"@type\":\"SearchAction\",\"target\":\"https:\/\/www.oidossucios.com\/site\/?s={search_term_string}\",\"query-input\":\"required name=search_term_string\"}],\"inLanguage\":\"es\"},{\"@type\":\"ImageObject\",\"@id\":\"https:\/\/www.oidossucios.com\/site\/listos-los-concursantes-del-sibelius-fest-para-la-gran-final-en-vivo\/#primaryimage\",\"inLanguage\":\"es\",\"url\":\"https:\/\/www.oidossucios.com\/site\/wp-content\/uploads\/2014\/10\/8953.jpg\",\"width\":350,\"height\":300},{\"@type\":\"WebPage\",\"@id\":\"https:\/\/www.oidossucios.com\/site\/listos-los-concursantes-del-sibelius-fest-para-la-gran-final-en-vivo\/#webpage\",\"url\":\"https:\/\/www.oidossucios.com\/site\/listos-los-concursantes-del-sibelius-fest-para-la-gran-final-en-vivo\/\",\"name\":\"Listos los concursantes del Sibelius Fest para la gran final en vivo - OidosSucios.Com\",\"isPartOf\":{\"@id\":\"https:\/\/www.oidossucios.com\/site\/#website\"},\"primaryImageOfPage\":{\"@id\":\"https:\/\/www.oidossucios.com\/site\/listos-los-concursantes-del-sibelius-fest-para-la-gran-final-en-vivo\/#primaryimage\"},\"datePublished\":\"2014-10-16T14:46:00+00:00\",\"dateModified\":\"2014-10-16T14:46:00+00:00\",\"author\":{\"@id\":\"https:\/\/www.oidossucios.com\/site\/#\/schema\/person\/24559eeb76bf83a63296fb072393a688\"},\"description\":\"El Sibelius Fest representa para m\\u00ed el portal m\\u00e1s importante de Venezuela en donde la guitarra el\\u00e9ctrica es el principal protagonista\",\"inLanguage\":\"es\",\"potentialAction\":[{\"@type\":\"ReadAction\",\"target\":[\"https:\/\/www.oidossucios.com\/site\/listos-los-concursantes-del-sibelius-fest-para-la-gran-final-en-vivo\/\"]}]},{\"@type\":[\"Person\"],\"@id\":\"https:\/\/www.oidossucios.com\/site\/#\/schema\/person\/24559eeb76bf83a63296fb072393a688\",\"name\":\"Oidossucios\",\"image\":{\"@type\":\"ImageObject\",\"@id\":\"https:\/\/www.oidossucios.com\/site\/#personlogo\",\"inLanguage\":\"es\",\"url\":\"https:\/\/secure.gravatar.com\/avatar\/74fcb480f42f1a33e50a0b6e6369a3f907be2e43dc84fa5f76c66e9c22b4a5ab?s=96&d=mm&r=g\",\"caption\":\"Oidossucios\"},\"sameAs\":[\"https:\/\/twitter.com\/oidossucios\"]}]}<\/script>\n<!-- \/ Yoast SEO plugin. -->","jetpack_sharing_enabled":true,"_links":{"self":[{"href":"https:\/\/www.oidossucios.com\/site\/wp-json\/wp\/v2\/posts\/8953","targetHints":{"allow":["GET"]}}],"collection":[{"href":"https:\/\/www.oidossucios.com\/site\/wp-json\/wp\/v2\/posts"}],"about":[{"href":"https:\/\/www.oidossucios.com\/site\/wp-json\/wp\/v2\/types\/post"}],"author":[{"embeddable":true,"href":"https:\/\/www.oidossucios.com\/site\/wp-json\/wp\/v2\/users\/4"}],"replies":[{"embeddable":true,"href":"https:\/\/www.oidossucios.com\/site\/wp-json\/wp\/v2\/comments?post=8953"}],"version-history":[{"count":0,"href":"https:\/\/www.oidossucios.com\/site\/wp-json\/wp\/v2\/posts\/8953\/revisions"}],"wp:featuredmedia":[{"embeddable":true,"href":"https:\/\/www.oidossucios.com\/site\/wp-json\/wp\/v2\/media\/100008953"}],"wp:attachment":[{"href":"https:\/\/www.oidossucios.com\/site\/wp-json\/wp\/v2\/media?parent=8953"}],"wp:term":[{"taxonomy":"category","embeddable":true,"href":"https:\/\/www.oidossucios.com\/site\/wp-json\/wp\/v2\/categories?post=8953"},{"taxonomy":"post_tag","embeddable":true,"href":"https:\/\/www.oidossucios.com\/site\/wp-json\/wp\/v2\/tags?post=8953"}],"curies":[{"name":"wp","href":"https:\/\/api.w.org\/{rel}","templated":true}]}}