{"id":8963,"date":"2014-10-18T06:25:00","date_gmt":"2014-10-18T06:25:00","guid":{"rendered":"https:\/\/www.oidossucios.com\/site\/2014\/10\/18\/el-festival-de-cine-espanol-2014-llega-a-cinex\/"},"modified":"2014-10-18T06:25:00","modified_gmt":"2014-10-18T06:25:00","slug":"el-festival-de-cine-espanol-2014-llega-a-cinex","status":"publish","type":"post","link":"https:\/\/www.oidossucios.com\/site\/el-festival-de-cine-espanol-2014-llega-a-cinex\/","title":{"rendered":"El Festival de Cine Espa\u00f1ol 2014 llega a Cinex"},"content":{"rendered":"<p style=\"text-align: justify;\">A partir del viernes 24 de octubre, la cadena de cines de Venezuela tendr&aacute; en cartelera &ldquo;Ocho Apellidos Vascos&rdquo;, &ldquo;El Cuerpo&rdquo; y &ldquo;Las Brujas de Zugarramurdi&rdquo; &nbsp;<\/p>\n<p>Con la organizaci&oacute;n de la Embajada de Espa&ntilde;a en Venezuela, llega a partir de este 24 de octubre a las salas de Cinex, la 18 edici&oacute;n del Festival de Cine Espa&ntilde;ol con variadas tem&aacute;ticas y g&eacute;neros para el disfrute del p&uacute;blico amante del s&eacute;ptimo arte.<\/p>\n<p>La exitosa comedia &ldquo;Ocho Apellidos Vascos&rdquo; formar&aacute; parte del Festival de Cine Espa&ntilde;ol en Cinex. La cinta cuenta c&oacute;mo un joven sevillano de familia adinerada se enamora completamente de una chica vasca que regresa a su ciudad. &Eacute;l decide viajar para conquistarla y emprende una loca aventura, enfrent&aacute;ndose al miedo de un lugar desconocido. Decide hacerse pasar por vasco pero las cosas no saldr&aacute;n c&oacute;mo &eacute;l espera, as&iacute; que vivir&aacute; grandes aventuras. Adoptar&aacute; nombres y apellidos diferentes, tratar&aacute; de cambiar su forma de ser, y tambi&eacute;n intentar&aacute; conquistar al padre de su amada, entre m&uacute;ltiples y divertidos acontecimientos que revelan el regionalismo de manera simp&aacute;tica. &nbsp;<\/p>\n<p>&nbsp;&ldquo;Ocho Apellidos Vascos&rdquo; es la pel&iacute;cula espa&ntilde;ola m&aacute;s vista de la historia cinematogr&aacute;fica de Espa&ntilde;a. La cinta dirigida por Emilio Mart&iacute;nez L&aacute;zaro y protagonizada por Dani Rovira y Clara Lago recaud&oacute; casi 80 millones de d&oacute;lares, y se mantuvo durante nueve semanas en el primer lugar de la taquilla en ese pa&iacute;s europeo, haciendo re&iacute;r a millones de espectadores.<\/p>\n<p>Tal ha sido el &eacute;xito de &ldquo;Ocho Apellidos Vascos&rdquo;, que su protagonista, Dani Rovira, ser&aacute; el maestro de ceremonias de los Premios Goya a celebrarse el 8 de febrero de 2015, seg&uacute;n anunci&oacute; la Academia de Cine Espa&ntilde;ol.<\/p>\n<p>&ldquo;El Cuerpo&rdquo;, un escalofriante thriller dirigido por Paulo Oriol, tambi&eacute;n ser&aacute; una de las opciones de la cartelera de Cinex en el marco del Festival de Cine Espa&ntilde;ol 2014. La producci&oacute;n cinematogr&aacute;fica protagonizada por la reconocida Bel&eacute;n Rueda, acompa&ntilde;ada por Jos&eacute; Coronado y Hugo Silva, gira en torno a la investigaci&oacute;n de un inspector de la polic&iacute;a&nbsp; sobre la misteriosa desaparici&oacute;n del cuerpo de una mujer de la morgue. La cinta ha obtenido los mejores comentarios de la cr&iacute;tica, especialmente en su manera de desarrollar la historia y de manejar el suspenso en el p&uacute;blico.<\/p>\n<p>La pel&iacute;cula espa&ntilde;ola ganadora de ocho Premios Goya, &ldquo;Las brujas de Zugarramurdi&rdquo; llegar&aacute; a Venezuela de la mano de Cinex el 24 de octubre. Esta comedia negra est&aacute; basada parcialmente en un acto de fe que efectu&oacute; la Inquisici&oacute;n Espa&ntilde;ola, donde cuarenta mujeres fueron procesadas. La actriz Carmen Maura est&aacute; al frente del elenco que complementan Hugo Silva, Mario Casas, y Jaime Ord&oacute;&ntilde;ez. La cinta fue dirigida por Alex de la Iglesia, el mismo director de &ldquo;El d&iacute;a de la bestia&rdquo; y &ldquo;Balada triste de trompeta&rdquo;.<\/p>\n<p>Pr&oacute;ximamente se confirmar&aacute; el resto de las pel&iacute;culas que participar&aacute;n en el Festival de Cine Espa&ntilde;ol 2014 en Venezuela. <\/p>\n<p>Fuente: Nota de Prensa<\/p>\n","protected":false},"excerpt":{"rendered":"<p>Pr\u00f3ximamente se confirmar\u00e1 el resto de las pel\u00edculas que participar\u00e1n en el Festival de Cine Espa\u00f1ol 2014 en Venezuela<\/p>\n","protected":false},"author":4,"featured_media":100008963,"comment_status":"open","ping_status":"open","sticky":false,"template":"","format":"standard","meta":{"_jetpack_memberships_contains_paid_content":false,"footnotes":""},"categories":[142],"tags":[],"class_list":["post-8963","post","type-post","status-publish","format-standard","has-post-thumbnail","hentry","category-buzznews"],"jetpack_featured_media_url":"https:\/\/www.oidossucios.com\/site\/wp-content\/uploads\/2014\/10\/8963.jpg","yoast_head":"<!-- This site is optimized with the Yoast SEO plugin v14.0.4 - https:\/\/yoast.com\/wordpress\/plugins\/seo\/ -->\n<title>El Festival de Cine Espa\u00f1ol 2014 llega a Cinex - OidosSucios.Com<\/title>\n<meta name=\"description\" content=\"Pr\u00f3ximamente se confirmar\u00e1 el resto de las pel\u00edculas que participar\u00e1n en el Festival de Cine Espa\u00f1ol 2014 en Venezuela\" \/>\n<meta name=\"robots\" content=\"index, follow\" \/>\n<meta name=\"googlebot\" content=\"index, follow, max-snippet:-1, max-image-preview:large, max-video-preview:-1\" \/>\n<meta name=\"bingbot\" content=\"index, follow, max-snippet:-1, max-image-preview:large, max-video-preview:-1\" \/>\n<link rel=\"canonical\" href=\"https:\/\/www.oidossucios.com\/site\/el-festival-de-cine-espanol-2014-llega-a-cinex\/\" \/>\n<meta property=\"og:locale\" content=\"es_ES\" \/>\n<meta property=\"og:type\" content=\"article\" \/>\n<meta property=\"og:title\" content=\"El Festival de Cine Espa\u00f1ol 2014 llega a Cinex - OidosSucios.Com\" \/>\n<meta property=\"og:description\" content=\"Pr\u00f3ximamente se confirmar\u00e1 el resto de las pel\u00edculas que participar\u00e1n en el Festival de Cine Espa\u00f1ol 2014 en Venezuela\" \/>\n<meta property=\"og:url\" content=\"https:\/\/www.oidossucios.com\/site\/el-festival-de-cine-espanol-2014-llega-a-cinex\/\" \/>\n<meta property=\"og:site_name\" content=\"OidosSucios.Com\" \/>\n<meta property=\"article:published_time\" content=\"2014-10-18T06:25:00+00:00\" \/>\n<meta property=\"og:image\" content=\"https:\/\/www.oidossucios.com\/site\/wp-content\/uploads\/2014\/10\/8963.jpg\" \/>\n\t<meta property=\"og:image:width\" content=\"350\" \/>\n\t<meta property=\"og:image:height\" content=\"300\" \/>\n<meta name=\"twitter:card\" content=\"summary_large_image\" \/>\n<meta name=\"twitter:creator\" content=\"@oidossucios\" \/>\n<script type=\"application\/ld+json\" class=\"yoast-schema-graph\">{\"@context\":\"https:\/\/schema.org\",\"@graph\":[{\"@type\":\"WebSite\",\"@id\":\"https:\/\/www.oidossucios.com\/site\/#website\",\"url\":\"https:\/\/www.oidossucios.com\/site\/\",\"name\":\"OidosSucios.Com\",\"description\":\"M\\u00fasica, conciertos, discos\",\"potentialAction\":[{\"@type\":\"SearchAction\",\"target\":\"https:\/\/www.oidossucios.com\/site\/?s={search_term_string}\",\"query-input\":\"required name=search_term_string\"}],\"inLanguage\":\"es\"},{\"@type\":\"ImageObject\",\"@id\":\"https:\/\/www.oidossucios.com\/site\/el-festival-de-cine-espanol-2014-llega-a-cinex\/#primaryimage\",\"inLanguage\":\"es\",\"url\":\"https:\/\/www.oidossucios.com\/site\/wp-content\/uploads\/2014\/10\/8963.jpg\",\"width\":350,\"height\":300},{\"@type\":\"WebPage\",\"@id\":\"https:\/\/www.oidossucios.com\/site\/el-festival-de-cine-espanol-2014-llega-a-cinex\/#webpage\",\"url\":\"https:\/\/www.oidossucios.com\/site\/el-festival-de-cine-espanol-2014-llega-a-cinex\/\",\"name\":\"El Festival de Cine Espa\\u00f1ol 2014 llega a Cinex - OidosSucios.Com\",\"isPartOf\":{\"@id\":\"https:\/\/www.oidossucios.com\/site\/#website\"},\"primaryImageOfPage\":{\"@id\":\"https:\/\/www.oidossucios.com\/site\/el-festival-de-cine-espanol-2014-llega-a-cinex\/#primaryimage\"},\"datePublished\":\"2014-10-18T06:25:00+00:00\",\"dateModified\":\"2014-10-18T06:25:00+00:00\",\"author\":{\"@id\":\"https:\/\/www.oidossucios.com\/site\/#\/schema\/person\/24559eeb76bf83a63296fb072393a688\"},\"description\":\"Pr\\u00f3ximamente se confirmar\\u00e1 el resto de las pel\\u00edculas que participar\\u00e1n en el Festival de Cine Espa\\u00f1ol 2014 en Venezuela\",\"inLanguage\":\"es\",\"potentialAction\":[{\"@type\":\"ReadAction\",\"target\":[\"https:\/\/www.oidossucios.com\/site\/el-festival-de-cine-espanol-2014-llega-a-cinex\/\"]}]},{\"@type\":[\"Person\"],\"@id\":\"https:\/\/www.oidossucios.com\/site\/#\/schema\/person\/24559eeb76bf83a63296fb072393a688\",\"name\":\"Oidossucios\",\"image\":{\"@type\":\"ImageObject\",\"@id\":\"https:\/\/www.oidossucios.com\/site\/#personlogo\",\"inLanguage\":\"es\",\"url\":\"https:\/\/secure.gravatar.com\/avatar\/74fcb480f42f1a33e50a0b6e6369a3f907be2e43dc84fa5f76c66e9c22b4a5ab?s=96&d=mm&r=g\",\"caption\":\"Oidossucios\"},\"sameAs\":[\"https:\/\/twitter.com\/oidossucios\"]}]}<\/script>\n<!-- \/ Yoast SEO plugin. -->","jetpack_sharing_enabled":true,"_links":{"self":[{"href":"https:\/\/www.oidossucios.com\/site\/wp-json\/wp\/v2\/posts\/8963","targetHints":{"allow":["GET"]}}],"collection":[{"href":"https:\/\/www.oidossucios.com\/site\/wp-json\/wp\/v2\/posts"}],"about":[{"href":"https:\/\/www.oidossucios.com\/site\/wp-json\/wp\/v2\/types\/post"}],"author":[{"embeddable":true,"href":"https:\/\/www.oidossucios.com\/site\/wp-json\/wp\/v2\/users\/4"}],"replies":[{"embeddable":true,"href":"https:\/\/www.oidossucios.com\/site\/wp-json\/wp\/v2\/comments?post=8963"}],"version-history":[{"count":0,"href":"https:\/\/www.oidossucios.com\/site\/wp-json\/wp\/v2\/posts\/8963\/revisions"}],"wp:featuredmedia":[{"embeddable":true,"href":"https:\/\/www.oidossucios.com\/site\/wp-json\/wp\/v2\/media\/100008963"}],"wp:attachment":[{"href":"https:\/\/www.oidossucios.com\/site\/wp-json\/wp\/v2\/media?parent=8963"}],"wp:term":[{"taxonomy":"category","embeddable":true,"href":"https:\/\/www.oidossucios.com\/site\/wp-json\/wp\/v2\/categories?post=8963"},{"taxonomy":"post_tag","embeddable":true,"href":"https:\/\/www.oidossucios.com\/site\/wp-json\/wp\/v2\/tags?post=8963"}],"curies":[{"name":"wp","href":"https:\/\/api.w.org\/{rel}","templated":true}]}}