{"id":898,"date":"2003-12-25T18:43:00","date_gmt":"2003-12-25T18:43:00","guid":{"rendered":"https:\/\/www.oidossucios.com\/site\/2003\/12\/25\/blur-no-se-escucha-en-marte\/"},"modified":"2003-12-25T18:43:00","modified_gmt":"2003-12-25T18:43:00","slug":"blur-no-se-escucha-en-marte","status":"publish","type":"post","link":"https:\/\/www.oidossucios.com\/site\/blur-no-se-escucha-en-marte\/","title":{"rendered":"Blur no se escucha en Marte"},"content":{"rendered":"<p>Beagle-2, la primera misi\u00f3n espacial destinada a buscar pruebas de vida en Marte, pr\u00e1cticamente ha fracasado, al no emitir la se\u00f1al de respuesta que estaba esper\u00e1ndose para hoy a las 2 de la ma\u00f1ana (hora de Venezuela): una canci\u00f3n del grupo de rock brit\u00e1nico Blur.<\/p>\n<p>El Beagle-2, que pesa s\u00f3lo 34 kilos, abrir\u00eda su variedad de paraguas y bolsas de aire y flotar\u00eda en su descenso a la superficie de Marte. La sonda emitir\u00e1 una se\u00f1al de llamada que los cient\u00edficos esperan recibir en poderosos radios a bordo de un par de cohetes de la misi\u00f3n que orbitan el planeta. Esta se\u00f1al, es la canci\u00f3n &#8216;Beagle 2&#8217;, que Damon Albarn compuso como lado b del single &#8216;No Distance Left To Run&#8217;, del disco &#8216;1999&#8217;. Blur se convertir\u00eda as\u00ed, en la primera banda en ser escuchadas en el planeta rojo.<\/p>\n<p>La investigaci\u00f3n enfrentaba varios obst\u00e1culos potenciales, incluidas enormes tormentas de polvo en la superficie del vol\u00e1til plantea rojo, ubicado a unos 100 millones de kil\u00f3metros de la tierra. Si ha logrado unbuen aterrizaje, Beagle-2 tendr\u00eda una vida operativa m\u00e1xima de 180 d\u00edas antes de que el polvo marciano y las temperaturas extremas lo dejen fuera de servicio. <\/p>\n<p>La nave est\u00e1 equipada con instrumentos cient\u00edficos con tecnolog\u00eda de avanzada para recoger y examinar muestras de la superficie marciana, buscando se\u00f1ales de si el planeta pudo acoger alguna forma de vida. <\/p>\n<p>Habr\u00e1 un nuevo intento de establecer comunicaci\u00f3n con Beagle-2 esta tarde a las 6 pm (Hora de Venezuela) y luego el pr\u00f3ximo 3 de enero, aunque las esperanzas de \u00e9xito son pocas, hasta el tercer intento no se podr\u00e1 declarar completamente fracasada la misi\u00f3n.<\/p>\n","protected":false},"excerpt":{"rendered":"<p>La misi\u00f3n brit\u00e1nica Beagle-2, que debi\u00f3 aterrizar hoy en el planeta rojo y emitir una canci\u00f3n de Blur como se\u00f1al de \u00e9xito, ha pr\u00e1cticamente fracasado.<\/p>\n","protected":false},"author":4,"featured_media":10000894,"comment_status":"open","ping_status":"open","sticky":false,"template":"","format":"standard","meta":{"_jetpack_memberships_contains_paid_content":false,"footnotes":""},"categories":[250],"tags":[267],"class_list":["post-898","post","type-post","status-publish","format-standard","has-post-thumbnail","hentry","category-noticias","tag-blur"],"jetpack_featured_media_url":"https:\/\/www.oidossucios.com\/site\/wp-content\/uploads\/2003\/12\/894.jpg","yoast_head":"<!-- This site is optimized with the Yoast SEO plugin v14.0.4 - https:\/\/yoast.com\/wordpress\/plugins\/seo\/ -->\n<title>Blur no se escucha en Marte - OidosSucios.Com<\/title>\n<meta name=\"description\" content=\"La banda caraque\u00f1a iniciar\u00e1 la pr\u00f3xima semana la grabaci\u00f3n de los dos primeros v\u00eddeos de su disco debut, el cual saldr\u00e1 el a\u00f1o pr\u00f3ximo.\" \/>\n<meta name=\"robots\" content=\"index, follow\" \/>\n<meta name=\"googlebot\" content=\"index, follow, max-snippet:-1, max-image-preview:large, max-video-preview:-1\" \/>\n<meta name=\"bingbot\" content=\"index, follow, max-snippet:-1, max-image-preview:large, max-video-preview:-1\" \/>\n<link rel=\"canonical\" href=\"https:\/\/www.oidossucios.com\/site\/blur-no-se-escucha-en-marte\/\" \/>\n<meta property=\"og:locale\" content=\"es_ES\" \/>\n<meta property=\"og:type\" content=\"article\" \/>\n<meta property=\"og:title\" content=\"Blur no se escucha en Marte - OidosSucios.Com\" \/>\n<meta property=\"og:description\" content=\"La banda caraque\u00f1a iniciar\u00e1 la pr\u00f3xima semana la grabaci\u00f3n de los dos primeros v\u00eddeos de su disco debut, el cual saldr\u00e1 el a\u00f1o pr\u00f3ximo.\" \/>\n<meta property=\"og:url\" content=\"https:\/\/www.oidossucios.com\/site\/blur-no-se-escucha-en-marte\/\" \/>\n<meta property=\"og:site_name\" content=\"OidosSucios.Com\" \/>\n<meta property=\"article:published_time\" content=\"2003-12-25T18:43:00+00:00\" \/>\n<meta property=\"og:image\" content=\"https:\/\/www.oidossucios.com\/site\/wp-content\/uploads\/2003\/12\/894.jpg\" \/>\n\t<meta property=\"og:image:width\" content=\"290\" \/>\n\t<meta property=\"og:image:height\" content=\"100\" \/>\n<meta name=\"twitter:card\" content=\"summary_large_image\" \/>\n<meta name=\"twitter:creator\" content=\"@oidossucios\" \/>\n<script type=\"application\/ld+json\" class=\"yoast-schema-graph\">{\"@context\":\"https:\/\/schema.org\",\"@graph\":[{\"@type\":\"WebSite\",\"@id\":\"https:\/\/www.oidossucios.com\/site\/#website\",\"url\":\"https:\/\/www.oidossucios.com\/site\/\",\"name\":\"OidosSucios.Com\",\"description\":\"M\\u00fasica, conciertos, discos\",\"potentialAction\":[{\"@type\":\"SearchAction\",\"target\":\"https:\/\/www.oidossucios.com\/site\/?s={search_term_string}\",\"query-input\":\"required name=search_term_string\"}],\"inLanguage\":\"es\"},{\"@type\":\"ImageObject\",\"@id\":\"https:\/\/www.oidossucios.com\/site\/blur-no-se-escucha-en-marte\/#primaryimage\",\"inLanguage\":\"es\",\"url\":\"https:\/\/www.oidossucios.com\/site\/wp-content\/uploads\/2003\/12\/894.jpg\",\"width\":290,\"height\":100},{\"@type\":\"WebPage\",\"@id\":\"https:\/\/www.oidossucios.com\/site\/blur-no-se-escucha-en-marte\/#webpage\",\"url\":\"https:\/\/www.oidossucios.com\/site\/blur-no-se-escucha-en-marte\/\",\"name\":\"Blur no se escucha en Marte - OidosSucios.Com\",\"isPartOf\":{\"@id\":\"https:\/\/www.oidossucios.com\/site\/#website\"},\"primaryImageOfPage\":{\"@id\":\"https:\/\/www.oidossucios.com\/site\/blur-no-se-escucha-en-marte\/#primaryimage\"},\"datePublished\":\"2003-12-25T18:43:00+00:00\",\"dateModified\":\"2003-12-25T18:43:00+00:00\",\"author\":{\"@id\":\"https:\/\/www.oidossucios.com\/site\/#\/schema\/person\/24559eeb76bf83a63296fb072393a688\"},\"description\":\"La banda caraque\\u00f1a iniciar\\u00e1 la pr\\u00f3xima semana la grabaci\\u00f3n de los dos primeros v\\u00eddeos de su disco debut, el cual saldr\\u00e1 el a\\u00f1o pr\\u00f3ximo.\",\"inLanguage\":\"es\",\"potentialAction\":[{\"@type\":\"ReadAction\",\"target\":[\"https:\/\/www.oidossucios.com\/site\/blur-no-se-escucha-en-marte\/\"]}]},{\"@type\":[\"Person\"],\"@id\":\"https:\/\/www.oidossucios.com\/site\/#\/schema\/person\/24559eeb76bf83a63296fb072393a688\",\"name\":\"Oidossucios\",\"image\":{\"@type\":\"ImageObject\",\"@id\":\"https:\/\/www.oidossucios.com\/site\/#personlogo\",\"inLanguage\":\"es\",\"url\":\"https:\/\/secure.gravatar.com\/avatar\/74fcb480f42f1a33e50a0b6e6369a3f907be2e43dc84fa5f76c66e9c22b4a5ab?s=96&d=mm&r=g\",\"caption\":\"Oidossucios\"},\"sameAs\":[\"https:\/\/twitter.com\/oidossucios\"]}]}<\/script>\n<!-- \/ Yoast SEO plugin. -->","jetpack_sharing_enabled":true,"_links":{"self":[{"href":"https:\/\/www.oidossucios.com\/site\/wp-json\/wp\/v2\/posts\/898","targetHints":{"allow":["GET"]}}],"collection":[{"href":"https:\/\/www.oidossucios.com\/site\/wp-json\/wp\/v2\/posts"}],"about":[{"href":"https:\/\/www.oidossucios.com\/site\/wp-json\/wp\/v2\/types\/post"}],"author":[{"embeddable":true,"href":"https:\/\/www.oidossucios.com\/site\/wp-json\/wp\/v2\/users\/4"}],"replies":[{"embeddable":true,"href":"https:\/\/www.oidossucios.com\/site\/wp-json\/wp\/v2\/comments?post=898"}],"version-history":[{"count":0,"href":"https:\/\/www.oidossucios.com\/site\/wp-json\/wp\/v2\/posts\/898\/revisions"}],"wp:featuredmedia":[{"embeddable":true,"href":"https:\/\/www.oidossucios.com\/site\/wp-json\/wp\/v2\/media\/10000894"}],"wp:attachment":[{"href":"https:\/\/www.oidossucios.com\/site\/wp-json\/wp\/v2\/media?parent=898"}],"wp:term":[{"taxonomy":"category","embeddable":true,"href":"https:\/\/www.oidossucios.com\/site\/wp-json\/wp\/v2\/categories?post=898"},{"taxonomy":"post_tag","embeddable":true,"href":"https:\/\/www.oidossucios.com\/site\/wp-json\/wp\/v2\/tags?post=898"}],"curies":[{"name":"wp","href":"https:\/\/api.w.org\/{rel}","templated":true}]}}