{"id":8994,"date":"2014-10-31T04:25:00","date_gmt":"2014-10-31T04:25:00","guid":{"rendered":"https:\/\/www.oidossucios.com\/site\/2014\/10\/31\/abierta-las-inscripciones-para-el-taller-de-periodismo-musical\/"},"modified":"2014-10-31T04:25:00","modified_gmt":"2014-10-31T04:25:00","slug":"abierta-las-inscripciones-para-el-taller-de-periodismo-musical","status":"publish","type":"post","link":"https:\/\/www.oidossucios.com\/site\/abierta-las-inscripciones-para-el-taller-de-periodismo-musical\/","title":{"rendered":"Abierta las Inscripciones para  el Taller de Periodismo Musical"},"content":{"rendered":"<p style=\"text-align: justify;\">La Fundaci&oacute;n Nuevas Bandas y la Universidad Sim&oacute;n Bol&iacute;var abren las inscripciones para el Taller de Periodismo Musical que ser&aacute; dictado los d&iacute;as 08 y 09 de Noviembre por los periodistas William Padr&oacute;n y Gerardo Guarache, en la Sala de Reuniones de la Direcci&oacute;n de Cultura de la sede universitaria.<\/p>\n<p>La m&uacute;sica y el periodismo se dan la mano en un taller que ofrece herramientas te&oacute;rico-pr&aacute;cticas para quienes laboran en los diversos &aacute;mbitos de la comunicaci&oacute;n y manejan la fuente musical. Est&aacute; dirigido&nbsp; a periodistas, estudiantes de comunicaci&oacute;n social y artes, m&uacute;sicos, profesionales ligados a la industria de la m&uacute;sica, mel&oacute;manos y p&uacute;blico en general interesado en el tema.<\/p>\n<p>A partir del conocimiento y experiencia de los facilitadores, abordar&aacute;n los diferentes t&oacute;picos para la cobertura de eventos, rese&ntilde;as, entrevistas y practica del periodismo musical en nuestro pa&iacute;s.<\/p>\n<p>OBJETIVOS<\/p>\n<p>&#8211; Dotar a los participantes de conocimientos para abordar con criterio la acci&oacute;n period&iacute;stica relacionada con la m&uacute;sica en sus diferentes facetas.<\/p>\n<p>&#8211; Facilitar a los participantes herramientas pr&aacute;cticas que faciliten su labor period&iacute;stica.<\/p>\n<p>&#8211; Aproximar a los asistentes al campo de la m&uacute;sica rock y su relaci&oacute;n con la industria de la m&uacute;sica y los medios de comunicaci&oacute;n.<\/p>\n<p>&#8211; Servir de mecanismo para el traslado de la informaci&oacute;n y experiencia acumulada por la Fundaci&oacute;n Nuevas Bandas, en el campo de la promoci&oacute;n de eventos y artistas.<\/p>\n<p>CONTENIDO<\/p>\n<p>1) Definici&oacute;n de periodismo musical.<\/p>\n<p>2) Campo de acci&oacute;n: periodismo musical en radio, impreso, audiovisual, internet.<\/p>\n<p>3) La pr&aacute;ctica: redacci&oacute;n de art&iacute;culos, la entrevista (phoner, el cara a cara), cr&iacute;tica de discos, an&aacute;lisis de conciertos.<\/p>\n<p>4) Lidiar con el entorno de la industria, disqueras, jefes de prensa, el trato con los m&uacute;sicos y manager, relaci&oacute;n con los medios.<\/p>\n<p>5) Construcci&oacute;n de la credibilidad necesaria. El estilo personal.<\/p>\n<p>6) Avances tecnol&oacute;gicos, los nuevos sistemas de distribuci&oacute;n y marketing, el redimensionamiento del consumo musical a trav&eacute;s de nuevos formatos.<\/p>\n<p>7) An&aacute;lisis de experiencias<\/p>\n<p>TALLER DE PERIODISMO MUSICAL<\/p>\n<p>Fecha: 8 y 9 de noviembre<\/p>\n<p>Lugar: Sala de Reuniones &#8211; Direcci&oacute;n de Cultura<\/p>\n<p>M&aacute;s informaci&oacute;n: cultural@usb.ve &#8211; Tlf. 9063160<br \/>&nbsp;<\/p>\n<p>WILLIAM PADRON \/\/ @williampadron<\/p>\n<p>Periodista, escritor, manager con m&aacute;s de 15 a&ntilde;os de experiencia. Colaborador en el diario El Universal, el portal de Globovisi&oacute;n, la revista del&nbsp; IESA y uno de los cerebros detr&aacute;s del site musical l OidosSucios. Fue corresponsal de la revista Rolling Stone (Colombia, Per&uacute;, Ecuador, Panam&aacute;, Venezuela), al tiempo que colaboraba para la internacional Gatopardo, as&iacute; como la revista espa&ntilde;ola Zona de Obras y la colombiana Shock. En Venezuela ha colaborado en El Diario de Caracas, El Mundo, el semanario Urbe, las revistas Estampas, S&uacute;per Cable, Brav&iacute;simo, Ocean Drive, entre otras.<\/p>\n<p>Su labor dentro de la industria musical lo ha llevado a desempe&ntilde;ar los cargos de Anglo Label Manager en Sony Music Venezuela y Marketing Manager en Universal Music Venezula. Como manager ha llevado las riendas de bandas como Los Mentas, S&oacute;nica, Candy 66, The Asbestos, Del Pez y BioShaft. De vez en cuando se le oye en el programa Fabricado Ac&aacute; que se transmite por La Mega a nivel nacional, mientras que realiza funciones dentro de la directiva de la Fundaci&oacute;n Nuevas Bandas. Es autor del libro de la banda Caramelos de Cianuro que ser&aacute; editado este a&ntilde;o.<\/p>\n<p>GERARDO GUARACHE OCQUE \/\/ @gagueando<\/p>\n<p>Periodista, m&uacute;sico, escritor. Comunicador Social egresado de la Universidad Cat&oacute;lica Andr&eacute;s Bello y locutor egresado de la Universidad Central de Venezuela. Fue reportero cultural y analista musical del diario El Nacional. Actualmente es colaborador de la Agence France-Presse, el portal Prodavinci y la revista LaDosis.<\/p>\n<p>Sus textos han sido publicados en el suplemento Papel Literario, la revista Marcapasos y los medios de difusi&oacute;n de las aerol&iacute;neas Aserca y Santa B&aacute;rbara. Es guitarrista de la banda de Jorge Spiteri y ha sido jurado del Festival Nuevas Bandas. Tambi&eacute;n ha participado en talleres de la Fundaci&oacute;n Nuevo Periodismo Iberoamericano, fundada por el nobel colombiano Gabriel Garc&iacute;a M&aacute;rquez, y actividades de formaci&oacute;n dirigidas por la cronista argentina Leila Guerriero.<\/p>\n<p>Fuente: Nota de Prensa<\/p>\n","protected":false},"excerpt":{"rendered":"<p>Los d\u00edas 8 y 9 de Noviembre en la Universidad Sim\u00f3n Bol\u00edvar se llevar\u00e1 a cabo el Taller de Periodismo Musical <\/p>\n","protected":false},"author":4,"featured_media":100008994,"comment_status":"open","ping_status":"open","sticky":false,"template":"","format":"standard","meta":{"_jetpack_memberships_contains_paid_content":false,"footnotes":""},"categories":[142],"tags":[],"class_list":["post-8994","post","type-post","status-publish","format-standard","has-post-thumbnail","hentry","category-buzznews"],"jetpack_featured_media_url":"https:\/\/www.oidossucios.com\/site\/wp-content\/uploads\/2014\/10\/8994.jpg","yoast_head":"<!-- This site is optimized with the Yoast SEO plugin v14.0.4 - https:\/\/yoast.com\/wordpress\/plugins\/seo\/ -->\n<title>Abierta las Inscripciones para el Taller de Periodismo Musical - OidosSucios.Com<\/title>\n<meta name=\"description\" content=\"Los d\u00edas 8 y 9 de Noviembre en la Universidad Sim\u00f3n Bol\u00edvar se llevar\u00e1 a cabo el Taller de Periodismo Musical\" \/>\n<meta name=\"robots\" content=\"index, follow\" \/>\n<meta name=\"googlebot\" content=\"index, follow, max-snippet:-1, max-image-preview:large, max-video-preview:-1\" \/>\n<meta name=\"bingbot\" content=\"index, follow, max-snippet:-1, max-image-preview:large, max-video-preview:-1\" \/>\n<link rel=\"canonical\" href=\"https:\/\/www.oidossucios.com\/site\/abierta-las-inscripciones-para-el-taller-de-periodismo-musical\/\" \/>\n<meta property=\"og:locale\" content=\"es_ES\" \/>\n<meta property=\"og:type\" content=\"article\" \/>\n<meta property=\"og:title\" content=\"Abierta las Inscripciones para el Taller de Periodismo Musical - OidosSucios.Com\" \/>\n<meta property=\"og:description\" content=\"Los d\u00edas 8 y 9 de Noviembre en la Universidad Sim\u00f3n Bol\u00edvar se llevar\u00e1 a cabo el Taller de Periodismo Musical\" \/>\n<meta property=\"og:url\" content=\"https:\/\/www.oidossucios.com\/site\/abierta-las-inscripciones-para-el-taller-de-periodismo-musical\/\" \/>\n<meta property=\"og:site_name\" content=\"OidosSucios.Com\" \/>\n<meta property=\"article:published_time\" content=\"2014-10-31T04:25:00+00:00\" \/>\n<meta property=\"og:image\" content=\"https:\/\/www.oidossucios.com\/site\/wp-content\/uploads\/2014\/10\/8994.jpg\" \/>\n\t<meta property=\"og:image:width\" content=\"350\" \/>\n\t<meta property=\"og:image:height\" content=\"300\" \/>\n<meta name=\"twitter:card\" content=\"summary_large_image\" \/>\n<meta name=\"twitter:creator\" content=\"@oidossucios\" \/>\n<script type=\"application\/ld+json\" class=\"yoast-schema-graph\">{\"@context\":\"https:\/\/schema.org\",\"@graph\":[{\"@type\":\"WebSite\",\"@id\":\"https:\/\/www.oidossucios.com\/site\/#website\",\"url\":\"https:\/\/www.oidossucios.com\/site\/\",\"name\":\"OidosSucios.Com\",\"description\":\"M\\u00fasica, conciertos, discos\",\"potentialAction\":[{\"@type\":\"SearchAction\",\"target\":\"https:\/\/www.oidossucios.com\/site\/?s={search_term_string}\",\"query-input\":\"required name=search_term_string\"}],\"inLanguage\":\"es\"},{\"@type\":\"ImageObject\",\"@id\":\"https:\/\/www.oidossucios.com\/site\/abierta-las-inscripciones-para-el-taller-de-periodismo-musical\/#primaryimage\",\"inLanguage\":\"es\",\"url\":\"https:\/\/www.oidossucios.com\/site\/wp-content\/uploads\/2014\/10\/8994.jpg\",\"width\":350,\"height\":300},{\"@type\":\"WebPage\",\"@id\":\"https:\/\/www.oidossucios.com\/site\/abierta-las-inscripciones-para-el-taller-de-periodismo-musical\/#webpage\",\"url\":\"https:\/\/www.oidossucios.com\/site\/abierta-las-inscripciones-para-el-taller-de-periodismo-musical\/\",\"name\":\"Abierta las Inscripciones para el Taller de Periodismo Musical - OidosSucios.Com\",\"isPartOf\":{\"@id\":\"https:\/\/www.oidossucios.com\/site\/#website\"},\"primaryImageOfPage\":{\"@id\":\"https:\/\/www.oidossucios.com\/site\/abierta-las-inscripciones-para-el-taller-de-periodismo-musical\/#primaryimage\"},\"datePublished\":\"2014-10-31T04:25:00+00:00\",\"dateModified\":\"2014-10-31T04:25:00+00:00\",\"author\":{\"@id\":\"https:\/\/www.oidossucios.com\/site\/#\/schema\/person\/24559eeb76bf83a63296fb072393a688\"},\"description\":\"Los d\\u00edas 8 y 9 de Noviembre en la Universidad Sim\\u00f3n Bol\\u00edvar se llevar\\u00e1 a cabo el Taller de Periodismo Musical\",\"inLanguage\":\"es\",\"potentialAction\":[{\"@type\":\"ReadAction\",\"target\":[\"https:\/\/www.oidossucios.com\/site\/abierta-las-inscripciones-para-el-taller-de-periodismo-musical\/\"]}]},{\"@type\":[\"Person\"],\"@id\":\"https:\/\/www.oidossucios.com\/site\/#\/schema\/person\/24559eeb76bf83a63296fb072393a688\",\"name\":\"Oidossucios\",\"image\":{\"@type\":\"ImageObject\",\"@id\":\"https:\/\/www.oidossucios.com\/site\/#personlogo\",\"inLanguage\":\"es\",\"url\":\"https:\/\/secure.gravatar.com\/avatar\/74fcb480f42f1a33e50a0b6e6369a3f907be2e43dc84fa5f76c66e9c22b4a5ab?s=96&d=mm&r=g\",\"caption\":\"Oidossucios\"},\"sameAs\":[\"https:\/\/twitter.com\/oidossucios\"]}]}<\/script>\n<!-- \/ Yoast SEO plugin. -->","jetpack_sharing_enabled":true,"_links":{"self":[{"href":"https:\/\/www.oidossucios.com\/site\/wp-json\/wp\/v2\/posts\/8994","targetHints":{"allow":["GET"]}}],"collection":[{"href":"https:\/\/www.oidossucios.com\/site\/wp-json\/wp\/v2\/posts"}],"about":[{"href":"https:\/\/www.oidossucios.com\/site\/wp-json\/wp\/v2\/types\/post"}],"author":[{"embeddable":true,"href":"https:\/\/www.oidossucios.com\/site\/wp-json\/wp\/v2\/users\/4"}],"replies":[{"embeddable":true,"href":"https:\/\/www.oidossucios.com\/site\/wp-json\/wp\/v2\/comments?post=8994"}],"version-history":[{"count":0,"href":"https:\/\/www.oidossucios.com\/site\/wp-json\/wp\/v2\/posts\/8994\/revisions"}],"wp:featuredmedia":[{"embeddable":true,"href":"https:\/\/www.oidossucios.com\/site\/wp-json\/wp\/v2\/media\/100008994"}],"wp:attachment":[{"href":"https:\/\/www.oidossucios.com\/site\/wp-json\/wp\/v2\/media?parent=8994"}],"wp:term":[{"taxonomy":"category","embeddable":true,"href":"https:\/\/www.oidossucios.com\/site\/wp-json\/wp\/v2\/categories?post=8994"},{"taxonomy":"post_tag","embeddable":true,"href":"https:\/\/www.oidossucios.com\/site\/wp-json\/wp\/v2\/tags?post=8994"}],"curies":[{"name":"wp","href":"https:\/\/api.w.org\/{rel}","templated":true}]}}