{"id":9007,"date":"2014-11-07T02:35:00","date_gmt":"2014-11-07T02:35:00","guid":{"rendered":"https:\/\/www.oidossucios.com\/site\/2014\/11\/07\/electrocirkus-trae-las-leyendas-del-rock-al-teresa-carreno\/"},"modified":"2014-11-07T02:35:00","modified_gmt":"2014-11-07T02:35:00","slug":"electrocirkus-trae-las-leyendas-del-rock-al-teresa-carreno","status":"publish","type":"post","link":"https:\/\/www.oidossucios.com\/site\/electrocirkus-trae-las-leyendas-del-rock-al-teresa-carreno\/","title":{"rendered":"Electrocirkus trae las Leyendas del Rock al Teresa Carre\u00f1o"},"content":{"rendered":"<p style=\"text-align: justify;\">A petici&oacute;n del p&uacute;blico y gracias al &eacute;xito obtenido en otras ediciones, Electrocirkus vuelve a presentar su espect&aacute;culo LEYENDAS DEL ROCK, donde tocar&aacute;n los mejores temas de sus discos &#8220;Grandes &Eacute;xitos&#8221; y Rock On&#8221;, junto a los cl&aacute;sicos que interpretaron grupos como Journey, Pink Floyd, Black Sabbath, Queen, Aerosmith, The Beatles, Gun&acute;s N&acute; Roses, Deep Purple, Scorpions, Iron Maiden, AC\/DC, Ozzy Osbourne, Van Halen, Kiss y Whitesnake entre otros.<\/p>\n<p>El evento tendr&aacute; lugar nada menos que en la Sala Jos&eacute; F&eacute;lix Ribas del Teatro Teresa Carre&ntilde;o, el jueves 20 de noviembre a las 7:00 pm. Las entradas tienen un costo de Bs. 50 y se encuentran a la venta en las taquillas del teatro. De esta forma Eduardo S&aacute;ez, Emile Makhlouf, Federico Capocci y Miguel Pepe dan otro paso importante en su carrera. El show tendr&aacute; una duraci&oacute;n de dos horas y contar&aacute; con invitados especiales de la talla de Nicky Scarola, Eduardo Nieto y Eduardo Viloria. <\/p>\n<p>&ldquo;Para la banda es un inmenso honor poder tocar en el prestigioso Teatro Teresa Carre&ntilde;o en la sala Jos&eacute; F&eacute;lix Ribas, llamada &#8220;Sala del Nuevo Arte&#8221;, poder llevar nuestra m&uacute;sica, en el coraz&oacute;n cultural de Caracas y entregar toda nuestra energ&iacute;a y musicalidad&nbsp; a manos llenas, as&iacute; como las grandes orquestas y m&uacute;sicos que se han presentado en este&nbsp; gran Teatro&rdquo;, afirmo Emile Makhlouf, vocalista de Electrocirkus.<\/p>\n<p>&ldquo;Ya han pasado casi diez a&ntilde;os desde que el proyecto de Electrocirkus comenz&oacute; tocando en bares, como todas las bandas cuando dan sus primeros pasos en este mundo art&iacute;stico,&nbsp; y nos place enormemente el poder llegar a tan alto escenario y demostrar que el Rock no ha muerto, que est&aacute; vigente en todos nosotros y todav&iacute;a falta mucho por dar&rdquo;, agreg&oacute; Makhlouf.<\/p>\n<p>Los integrantes de la banda aseguran que para ellos &ldquo;es&nbsp; una completa emoci&oacute;n y placer disfrutar el compartir con nuestro p&uacute;blico la m&uacute;sica todas estas grandiosas bandas que nos marcaron como m&uacute;sicos y nos llevaron a querer so&ntilde;ar y luchar por lo que m&aacute;s nos gusta que es hacer buena m&uacute;sica, en este caso pasando desde Los Beatles a Black Sabbath y qu&eacute; decir de Pink Floyd y Jorney, la influencia de las guitarras con Van Halen,&nbsp; y la grandeza de cantantes tan importantes como David Coberdale con Whitesnake y Freddy Mercury con Queen, entre otros.&rdquo;<\/p>\n<p>Electrocirkus sigue consagr&aacute;ndose como una de las mejores bandas de rock de toda Venezuela. Su destacada y reciente participaci&oacute;n en el Festival Viva Rock Latino que organiza Hard Rock Cafe, as&iacute; como sus diferentes y exitosos tributos as&iacute; lo ratifican. Adem&aacute;s, vale recordar que han tenido el honor de abrir los conciertos de iconos del rock como Kiss, Gun&acute;s N&acute; Roses, Slash, Saxon y Lou Gramm, dejando en alto al talento nacional. <\/p>\n<p>Fuente: Nota de Prensa<\/p>\n","protected":false},"excerpt":{"rendered":"<p>El evento tendr\u00e1 lugar nada menos que en la Sala Jos\u00e9 F\u00e9lix Ribas del Teatro Teresa Carre\u00f1o, el jueves 20 de noviembre a las 7:00 pm<\/p>\n","protected":false},"author":4,"featured_media":100009007,"comment_status":"open","ping_status":"open","sticky":false,"template":"","format":"standard","meta":{"_jetpack_memberships_contains_paid_content":false,"footnotes":""},"categories":[142],"tags":[],"class_list":["post-9007","post","type-post","status-publish","format-standard","has-post-thumbnail","hentry","category-buzznews"],"jetpack_featured_media_url":"https:\/\/www.oidossucios.com\/site\/wp-content\/uploads\/2014\/11\/9007.jpg","yoast_head":"<!-- This site is optimized with the Yoast SEO plugin v14.0.4 - https:\/\/yoast.com\/wordpress\/plugins\/seo\/ -->\n<title>Electrocirkus trae las Leyendas del Rock al Teresa Carre\u00f1o - OidosSucios.Com<\/title>\n<meta name=\"description\" content=\"El evento tendr\u00e1 lugar nada menos que en la Sala Jos\u00e9 F\u00e9lix Ribas del Teatro Teresa Carre\u00f1o, el jueves 20 de noviembre a las 7:00 pm\" \/>\n<meta name=\"robots\" content=\"index, follow\" \/>\n<meta name=\"googlebot\" content=\"index, follow, max-snippet:-1, max-image-preview:large, max-video-preview:-1\" \/>\n<meta name=\"bingbot\" content=\"index, follow, max-snippet:-1, max-image-preview:large, max-video-preview:-1\" \/>\n<link rel=\"canonical\" href=\"https:\/\/www.oidossucios.com\/site\/electrocirkus-trae-las-leyendas-del-rock-al-teresa-carreno\/\" \/>\n<meta property=\"og:locale\" content=\"es_ES\" \/>\n<meta property=\"og:type\" content=\"article\" \/>\n<meta property=\"og:title\" content=\"Electrocirkus trae las Leyendas del Rock al Teresa Carre\u00f1o - OidosSucios.Com\" \/>\n<meta property=\"og:description\" content=\"El evento tendr\u00e1 lugar nada menos que en la Sala Jos\u00e9 F\u00e9lix Ribas del Teatro Teresa Carre\u00f1o, el jueves 20 de noviembre a las 7:00 pm\" \/>\n<meta property=\"og:url\" content=\"https:\/\/www.oidossucios.com\/site\/electrocirkus-trae-las-leyendas-del-rock-al-teresa-carreno\/\" \/>\n<meta property=\"og:site_name\" content=\"OidosSucios.Com\" \/>\n<meta property=\"article:published_time\" content=\"2014-11-07T02:35:00+00:00\" \/>\n<meta property=\"og:image\" content=\"https:\/\/www.oidossucios.com\/site\/wp-content\/uploads\/2014\/11\/9007.jpg\" \/>\n\t<meta property=\"og:image:width\" content=\"350\" \/>\n\t<meta property=\"og:image:height\" content=\"300\" \/>\n<meta name=\"twitter:card\" content=\"summary_large_image\" \/>\n<meta name=\"twitter:creator\" content=\"@oidossucios\" \/>\n<script type=\"application\/ld+json\" class=\"yoast-schema-graph\">{\"@context\":\"https:\/\/schema.org\",\"@graph\":[{\"@type\":\"WebSite\",\"@id\":\"https:\/\/www.oidossucios.com\/site\/#website\",\"url\":\"https:\/\/www.oidossucios.com\/site\/\",\"name\":\"OidosSucios.Com\",\"description\":\"M\\u00fasica, conciertos, discos\",\"potentialAction\":[{\"@type\":\"SearchAction\",\"target\":\"https:\/\/www.oidossucios.com\/site\/?s={search_term_string}\",\"query-input\":\"required name=search_term_string\"}],\"inLanguage\":\"es\"},{\"@type\":\"ImageObject\",\"@id\":\"https:\/\/www.oidossucios.com\/site\/electrocirkus-trae-las-leyendas-del-rock-al-teresa-carreno\/#primaryimage\",\"inLanguage\":\"es\",\"url\":\"https:\/\/www.oidossucios.com\/site\/wp-content\/uploads\/2014\/11\/9007.jpg\",\"width\":350,\"height\":300},{\"@type\":\"WebPage\",\"@id\":\"https:\/\/www.oidossucios.com\/site\/electrocirkus-trae-las-leyendas-del-rock-al-teresa-carreno\/#webpage\",\"url\":\"https:\/\/www.oidossucios.com\/site\/electrocirkus-trae-las-leyendas-del-rock-al-teresa-carreno\/\",\"name\":\"Electrocirkus trae las Leyendas del Rock al Teresa Carre\\u00f1o - OidosSucios.Com\",\"isPartOf\":{\"@id\":\"https:\/\/www.oidossucios.com\/site\/#website\"},\"primaryImageOfPage\":{\"@id\":\"https:\/\/www.oidossucios.com\/site\/electrocirkus-trae-las-leyendas-del-rock-al-teresa-carreno\/#primaryimage\"},\"datePublished\":\"2014-11-07T02:35:00+00:00\",\"dateModified\":\"2014-11-07T02:35:00+00:00\",\"author\":{\"@id\":\"https:\/\/www.oidossucios.com\/site\/#\/schema\/person\/24559eeb76bf83a63296fb072393a688\"},\"description\":\"El evento tendr\\u00e1 lugar nada menos que en la Sala Jos\\u00e9 F\\u00e9lix Ribas del Teatro Teresa Carre\\u00f1o, el jueves 20 de noviembre a las 7:00 pm\",\"inLanguage\":\"es\",\"potentialAction\":[{\"@type\":\"ReadAction\",\"target\":[\"https:\/\/www.oidossucios.com\/site\/electrocirkus-trae-las-leyendas-del-rock-al-teresa-carreno\/\"]}]},{\"@type\":[\"Person\"],\"@id\":\"https:\/\/www.oidossucios.com\/site\/#\/schema\/person\/24559eeb76bf83a63296fb072393a688\",\"name\":\"Oidossucios\",\"image\":{\"@type\":\"ImageObject\",\"@id\":\"https:\/\/www.oidossucios.com\/site\/#personlogo\",\"inLanguage\":\"es\",\"url\":\"https:\/\/secure.gravatar.com\/avatar\/74fcb480f42f1a33e50a0b6e6369a3f907be2e43dc84fa5f76c66e9c22b4a5ab?s=96&d=mm&r=g\",\"caption\":\"Oidossucios\"},\"sameAs\":[\"https:\/\/twitter.com\/oidossucios\"]}]}<\/script>\n<!-- \/ Yoast SEO plugin. -->","jetpack_sharing_enabled":true,"_links":{"self":[{"href":"https:\/\/www.oidossucios.com\/site\/wp-json\/wp\/v2\/posts\/9007","targetHints":{"allow":["GET"]}}],"collection":[{"href":"https:\/\/www.oidossucios.com\/site\/wp-json\/wp\/v2\/posts"}],"about":[{"href":"https:\/\/www.oidossucios.com\/site\/wp-json\/wp\/v2\/types\/post"}],"author":[{"embeddable":true,"href":"https:\/\/www.oidossucios.com\/site\/wp-json\/wp\/v2\/users\/4"}],"replies":[{"embeddable":true,"href":"https:\/\/www.oidossucios.com\/site\/wp-json\/wp\/v2\/comments?post=9007"}],"version-history":[{"count":0,"href":"https:\/\/www.oidossucios.com\/site\/wp-json\/wp\/v2\/posts\/9007\/revisions"}],"wp:featuredmedia":[{"embeddable":true,"href":"https:\/\/www.oidossucios.com\/site\/wp-json\/wp\/v2\/media\/100009007"}],"wp:attachment":[{"href":"https:\/\/www.oidossucios.com\/site\/wp-json\/wp\/v2\/media?parent=9007"}],"wp:term":[{"taxonomy":"category","embeddable":true,"href":"https:\/\/www.oidossucios.com\/site\/wp-json\/wp\/v2\/categories?post=9007"},{"taxonomy":"post_tag","embeddable":true,"href":"https:\/\/www.oidossucios.com\/site\/wp-json\/wp\/v2\/tags?post=9007"}],"curies":[{"name":"wp","href":"https:\/\/api.w.org\/{rel}","templated":true}]}}