{"id":9009,"date":"2014-11-07T03:28:00","date_gmt":"2014-11-07T03:28:00","guid":{"rendered":"https:\/\/www.oidossucios.com\/site\/2014\/11\/07\/los-rolling-stones-tocaran-en-colombia\/"},"modified":"2014-11-07T03:28:00","modified_gmt":"2014-11-07T03:28:00","slug":"los-rolling-stones-tocaran-en-colombia","status":"publish","type":"post","link":"https:\/\/www.oidossucios.com\/site\/los-rolling-stones-tocaran-en-colombia\/","title":{"rendered":"Los Rolling Stones tocar\u00e1n en Colombia"},"content":{"rendered":"<p style=\"text-align: justify;\">El grupo integrado por Mick Jagger, Keith Richards, Ron Wood y Charlie Watts se presentar&aacute; en Medell&iacute;n el a&ntilde;o que viene como parte de una gira que incluye varios pa&iacute;ses de Sudam&eacute;rica. El alcalde An&iacute;bal Gaviria fue el encargado de confirmar la noticia.<\/p>\n<p>&#8220;Esperamos que esa noticia ya oficial se d&eacute; por los responsables del concierto y esperamos que definan y aclaren exactamente la fecha&#8221;, dijo Gaviria, asegurando que la capital de Antoquia ser&aacute; parte del recorrido de la banda. Se estima que el concierto ser&iacute;a el 24 de marzo de 2015. Se supone que el show se dar&aacute; en el estadio donde ya tocaron Madonna y Beyonc&eacute;. Desde el &aacute;mbito pol&iacute;tico local, crecen las especulaciones porque se estima que el lugar no tiene capacidad suficiente para albergar el m&iacute;nimo de 20 mil personas para garantizar el negocio costar&iacute;a 4 millones y medio de d&oacute;lares por presentaci&oacute;n. <\/p>\n<p>En una nota a una agencia de noticias Keith Richards desliz&oacute; The Rolling Stones que estar&aacute; en la Argentina y en Per&uacute; pero en ninguno de esos pa&iacute;ses a&uacute;n hay confirmaciones de conciertos.<\/p>\n<p style=\"text-align: justify;\">&nbsp;<\/p>\n<p style=\"text-align: justify;\">Fuente: Generacion B<\/p>\n","protected":false},"excerpt":{"rendered":"<p>En una nota a una agencia de noticias Keith Richards desliz\u00f3 The Rolling Stones que estar\u00e1 en la Argentina y en Per\u00fa<\/p>\n","protected":false},"author":4,"featured_media":100009009,"comment_status":"open","ping_status":"open","sticky":false,"template":"","format":"standard","meta":{"_jetpack_memberships_contains_paid_content":false,"footnotes":""},"categories":[142],"tags":[],"class_list":["post-9009","post","type-post","status-publish","format-standard","has-post-thumbnail","hentry","category-buzznews"],"jetpack_featured_media_url":"https:\/\/www.oidossucios.com\/site\/wp-content\/uploads\/2014\/11\/9009.jpg","yoast_head":"<!-- This site is optimized with the Yoast SEO plugin v14.0.4 - https:\/\/yoast.com\/wordpress\/plugins\/seo\/ -->\n<title>Los Rolling Stones tocar\u00e1n en Colombia - OidosSucios.Com<\/title>\n<meta name=\"description\" content=\"En una nota a una agencia de noticias Keith Richards desliz\u00f3 The Rolling Stones que estar\u00e1 en la Argentina y en Per\u00fa\" \/>\n<meta name=\"robots\" content=\"index, follow\" \/>\n<meta name=\"googlebot\" content=\"index, follow, max-snippet:-1, max-image-preview:large, max-video-preview:-1\" \/>\n<meta name=\"bingbot\" content=\"index, follow, max-snippet:-1, max-image-preview:large, max-video-preview:-1\" \/>\n<link rel=\"canonical\" href=\"https:\/\/www.oidossucios.com\/site\/los-rolling-stones-tocaran-en-colombia\/\" \/>\n<meta property=\"og:locale\" content=\"es_ES\" \/>\n<meta property=\"og:type\" content=\"article\" \/>\n<meta property=\"og:title\" content=\"Los Rolling Stones tocar\u00e1n en Colombia - OidosSucios.Com\" \/>\n<meta property=\"og:description\" content=\"En una nota a una agencia de noticias Keith Richards desliz\u00f3 The Rolling Stones que estar\u00e1 en la Argentina y en Per\u00fa\" \/>\n<meta property=\"og:url\" content=\"https:\/\/www.oidossucios.com\/site\/los-rolling-stones-tocaran-en-colombia\/\" \/>\n<meta property=\"og:site_name\" content=\"OidosSucios.Com\" \/>\n<meta property=\"article:published_time\" content=\"2014-11-07T03:28:00+00:00\" \/>\n<meta property=\"og:image\" content=\"https:\/\/www.oidossucios.com\/site\/wp-content\/uploads\/2014\/11\/9009.jpg\" \/>\n\t<meta property=\"og:image:width\" content=\"350\" \/>\n\t<meta property=\"og:image:height\" content=\"300\" \/>\n<meta name=\"twitter:card\" content=\"summary_large_image\" \/>\n<meta name=\"twitter:creator\" content=\"@oidossucios\" \/>\n<script type=\"application\/ld+json\" class=\"yoast-schema-graph\">{\"@context\":\"https:\/\/schema.org\",\"@graph\":[{\"@type\":\"WebSite\",\"@id\":\"https:\/\/www.oidossucios.com\/site\/#website\",\"url\":\"https:\/\/www.oidossucios.com\/site\/\",\"name\":\"OidosSucios.Com\",\"description\":\"M\\u00fasica, conciertos, discos\",\"potentialAction\":[{\"@type\":\"SearchAction\",\"target\":\"https:\/\/www.oidossucios.com\/site\/?s={search_term_string}\",\"query-input\":\"required name=search_term_string\"}],\"inLanguage\":\"es\"},{\"@type\":\"ImageObject\",\"@id\":\"https:\/\/www.oidossucios.com\/site\/los-rolling-stones-tocaran-en-colombia\/#primaryimage\",\"inLanguage\":\"es\",\"url\":\"https:\/\/www.oidossucios.com\/site\/wp-content\/uploads\/2014\/11\/9009.jpg\",\"width\":350,\"height\":300},{\"@type\":\"WebPage\",\"@id\":\"https:\/\/www.oidossucios.com\/site\/los-rolling-stones-tocaran-en-colombia\/#webpage\",\"url\":\"https:\/\/www.oidossucios.com\/site\/los-rolling-stones-tocaran-en-colombia\/\",\"name\":\"Los Rolling Stones tocar\\u00e1n en Colombia - OidosSucios.Com\",\"isPartOf\":{\"@id\":\"https:\/\/www.oidossucios.com\/site\/#website\"},\"primaryImageOfPage\":{\"@id\":\"https:\/\/www.oidossucios.com\/site\/los-rolling-stones-tocaran-en-colombia\/#primaryimage\"},\"datePublished\":\"2014-11-07T03:28:00+00:00\",\"dateModified\":\"2014-11-07T03:28:00+00:00\",\"author\":{\"@id\":\"https:\/\/www.oidossucios.com\/site\/#\/schema\/person\/24559eeb76bf83a63296fb072393a688\"},\"description\":\"En una nota a una agencia de noticias Keith Richards desliz\\u00f3 The Rolling Stones que estar\\u00e1 en la Argentina y en Per\\u00fa\",\"inLanguage\":\"es\",\"potentialAction\":[{\"@type\":\"ReadAction\",\"target\":[\"https:\/\/www.oidossucios.com\/site\/los-rolling-stones-tocaran-en-colombia\/\"]}]},{\"@type\":[\"Person\"],\"@id\":\"https:\/\/www.oidossucios.com\/site\/#\/schema\/person\/24559eeb76bf83a63296fb072393a688\",\"name\":\"Oidossucios\",\"image\":{\"@type\":\"ImageObject\",\"@id\":\"https:\/\/www.oidossucios.com\/site\/#personlogo\",\"inLanguage\":\"es\",\"url\":\"https:\/\/secure.gravatar.com\/avatar\/74fcb480f42f1a33e50a0b6e6369a3f907be2e43dc84fa5f76c66e9c22b4a5ab?s=96&d=mm&r=g\",\"caption\":\"Oidossucios\"},\"sameAs\":[\"https:\/\/twitter.com\/oidossucios\"]}]}<\/script>\n<!-- \/ Yoast SEO plugin. -->","jetpack_sharing_enabled":true,"_links":{"self":[{"href":"https:\/\/www.oidossucios.com\/site\/wp-json\/wp\/v2\/posts\/9009","targetHints":{"allow":["GET"]}}],"collection":[{"href":"https:\/\/www.oidossucios.com\/site\/wp-json\/wp\/v2\/posts"}],"about":[{"href":"https:\/\/www.oidossucios.com\/site\/wp-json\/wp\/v2\/types\/post"}],"author":[{"embeddable":true,"href":"https:\/\/www.oidossucios.com\/site\/wp-json\/wp\/v2\/users\/4"}],"replies":[{"embeddable":true,"href":"https:\/\/www.oidossucios.com\/site\/wp-json\/wp\/v2\/comments?post=9009"}],"version-history":[{"count":0,"href":"https:\/\/www.oidossucios.com\/site\/wp-json\/wp\/v2\/posts\/9009\/revisions"}],"wp:featuredmedia":[{"embeddable":true,"href":"https:\/\/www.oidossucios.com\/site\/wp-json\/wp\/v2\/media\/100009009"}],"wp:attachment":[{"href":"https:\/\/www.oidossucios.com\/site\/wp-json\/wp\/v2\/media?parent=9009"}],"wp:term":[{"taxonomy":"category","embeddable":true,"href":"https:\/\/www.oidossucios.com\/site\/wp-json\/wp\/v2\/categories?post=9009"},{"taxonomy":"post_tag","embeddable":true,"href":"https:\/\/www.oidossucios.com\/site\/wp-json\/wp\/v2\/tags?post=9009"}],"curies":[{"name":"wp","href":"https:\/\/api.w.org\/{rel}","templated":true}]}}