{"id":9019,"date":"2014-11-14T01:12:00","date_gmt":"2014-11-14T01:12:00","guid":{"rendered":"https:\/\/www.oidossucios.com\/site\/2014\/11\/14\/la-carretera-el-libro-que-recorre-las-memorias-de-caramelos-de-cianuro\/"},"modified":"2020-05-07T08:47:58","modified_gmt":"2020-05-07T12:47:58","slug":"la-carretera-el-libro-que-recorre-las-memorias-de-caramelos-de-cianuro","status":"publish","type":"post","link":"https:\/\/www.oidossucios.com\/site\/la-carretera-el-libro-que-recorre-las-memorias-de-caramelos-de-cianuro\/","title":{"rendered":"La Carretera, el libro que recorre las memorias de Caramelos de Cianuro"},"content":{"rendered":"<p style=\"text-align: justify;\">La banda venezolana presenta una obra literaria que explora su historia musical con im&aacute;genes, acontecimientos e informaciones que hasta ahora no hab&iacute;an sido revelados a sus fan&aacute;ticos<\/p>\n<p>M&aacute;s de dos d&eacute;cadas de carrera, innumerables conciertos ofrecidos dentro y fuera de Venezuela, videoclips, el p&uacute;blico, los viajes, las esperas, las experiencias y los personajes que hacen vida dentro de Caramelos de Cianuro son puestos de relieve en &ldquo;La Carretera&rdquo;, libro que la exitosa banda venezolana bautizar&aacute; este 25 de noviembre.<\/p>\n<p>La publicaci&oacute;n recoge importantes momentos de la historia de la que en sus inicios fue una agrupaci&oacute;n de amigos que se junt&oacute; a hacer m&uacute;sica para pasarla bien y se convirti&oacute; en una banda de rock criticada, amada y sobretodo respetada que en la actualidad es referencia musical obligada de la m&uacute;sica hecha en Venezuela.<\/p>\n<p>Im&aacute;genes y testimonios se fusionan en cada p&aacute;gina de esta obra literaria que deja en evidencia porqu&eacute; Caramelos de Cianuro no pierde vigencia.&nbsp; As&iacute;, el espectador puede recorrer la historia de la banda desde sus inicios, el desarrollo, las rupturas, un camino abundante en &eacute;xitos y tambi&eacute;n en excesos, as&iacute; como el esfuerzo y la determinaci&oacute;n de los integrantes de CDC por sobresalir del com&uacute;n denominador del pop rock venezolano.<\/p>\n<p>Escrito por William Padr&oacute;n, &ldquo;La Carretera&rdquo; retrata el camino recorrido por Caramelos de Cianuro desde una &oacute;ptica divertida, lleno de aventuras, tragedias y fraternidad. La pluma de este periodista, escritor, productor y manager&nbsp; con m&aacute;s de 15 a&ntilde;os de experiencia -quien ha seguido la carrera de Caramelos de Cianuro durante ese tiempo-, es la encargada de dar vida a los relatos surgidos de las memorias de los integrantes, as&iacute; como entrevistas a personalidades externas que revelar&aacute;n momentos y acontecimientos que no se hab&iacute;an contado hasta ahora.<\/p>\n<p>M&aacute;s de 200 fotograf&iacute;as y la voz de entrevistados que tienen y tuvieron que ver con la vida art&iacute;stica de la banda forman parte de este libro que todo fan&aacute;tico de la popular agrupaci&oacute;n no querr&aacute; dejar de tener.<\/p>\n<p>&ldquo;Caramelos de Cianuro- La Carretera&rdquo; es publicado por&nbsp; Editorial El Nacional y estar&aacute; a la venta en todas las librer&iacute;as del pa&iacute;s.<\/p>\n<p>Fuente: Nota de Prensa<\/p>\n","protected":false},"excerpt":{"rendered":"<p>Im\u00e1genes y testimonios se fusionan en cada p\u00e1gina de esta obra literaria que deja en evidencia porqu\u00e9 Caramelos de Cianuro no pierde vigencia<\/p>\n","protected":false},"author":4,"featured_media":100009019,"comment_status":"open","ping_status":"open","sticky":false,"template":"","format":"standard","meta":{"_jetpack_memberships_contains_paid_content":false,"footnotes":""},"categories":[142],"tags":[],"class_list":["post-9019","post","type-post","status-publish","format-standard","has-post-thumbnail","hentry","category-buzznews"],"jetpack_featured_media_url":"https:\/\/www.oidossucios.com\/site\/wp-content\/uploads\/2014\/11\/9019.jpg","yoast_head":"<!-- This site is optimized with the Yoast SEO plugin v14.0.4 - https:\/\/yoast.com\/wordpress\/plugins\/seo\/ -->\n<title>La Carretera, el libro que recorre las memorias de Caramelos de Cianuro - OidosSucios.Com<\/title>\n<meta name=\"description\" content=\"Im\u00e1genes y testimonios se fusionan en cada p\u00e1gina de esta obra literaria que deja en evidencia porqu\u00e9 Caramelos de Cianuro no pierde vigencia\" \/>\n<meta name=\"robots\" content=\"index, follow\" \/>\n<meta name=\"googlebot\" content=\"index, follow, max-snippet:-1, max-image-preview:large, max-video-preview:-1\" \/>\n<meta name=\"bingbot\" content=\"index, follow, max-snippet:-1, max-image-preview:large, max-video-preview:-1\" \/>\n<link rel=\"canonical\" href=\"https:\/\/www.oidossucios.com\/site\/la-carretera-el-libro-que-recorre-las-memorias-de-caramelos-de-cianuro\/\" \/>\n<meta property=\"og:locale\" content=\"es_ES\" \/>\n<meta property=\"og:type\" content=\"article\" \/>\n<meta property=\"og:title\" content=\"La Carretera, el libro que recorre las memorias de Caramelos de Cianuro - OidosSucios.Com\" \/>\n<meta property=\"og:description\" content=\"Im\u00e1genes y testimonios se fusionan en cada p\u00e1gina de esta obra literaria que deja en evidencia porqu\u00e9 Caramelos de Cianuro no pierde vigencia\" \/>\n<meta property=\"og:url\" content=\"https:\/\/www.oidossucios.com\/site\/la-carretera-el-libro-que-recorre-las-memorias-de-caramelos-de-cianuro\/\" \/>\n<meta property=\"og:site_name\" content=\"OidosSucios.Com\" \/>\n<meta property=\"article:published_time\" content=\"2014-11-14T01:12:00+00:00\" \/>\n<meta property=\"article:modified_time\" content=\"2020-05-07T12:47:58+00:00\" \/>\n<meta property=\"og:image\" content=\"https:\/\/www.oidossucios.com\/site\/wp-content\/uploads\/2014\/11\/9019.jpg\" \/>\n\t<meta property=\"og:image:width\" content=\"350\" \/>\n\t<meta property=\"og:image:height\" content=\"300\" \/>\n<meta name=\"twitter:card\" content=\"summary_large_image\" \/>\n<meta name=\"twitter:creator\" content=\"@oidossucios\" \/>\n<script type=\"application\/ld+json\" class=\"yoast-schema-graph\">{\"@context\":\"https:\/\/schema.org\",\"@graph\":[{\"@type\":\"WebSite\",\"@id\":\"https:\/\/www.oidossucios.com\/site\/#website\",\"url\":\"https:\/\/www.oidossucios.com\/site\/\",\"name\":\"OidosSucios.Com\",\"description\":\"M\\u00fasica, conciertos, discos\",\"potentialAction\":[{\"@type\":\"SearchAction\",\"target\":\"https:\/\/www.oidossucios.com\/site\/?s={search_term_string}\",\"query-input\":\"required name=search_term_string\"}],\"inLanguage\":\"es\"},{\"@type\":\"ImageObject\",\"@id\":\"https:\/\/www.oidossucios.com\/site\/la-carretera-el-libro-que-recorre-las-memorias-de-caramelos-de-cianuro\/#primaryimage\",\"inLanguage\":\"es\",\"url\":\"https:\/\/www.oidossucios.com\/site\/wp-content\/uploads\/2014\/11\/9019.jpg\",\"width\":350,\"height\":300},{\"@type\":\"WebPage\",\"@id\":\"https:\/\/www.oidossucios.com\/site\/la-carretera-el-libro-que-recorre-las-memorias-de-caramelos-de-cianuro\/#webpage\",\"url\":\"https:\/\/www.oidossucios.com\/site\/la-carretera-el-libro-que-recorre-las-memorias-de-caramelos-de-cianuro\/\",\"name\":\"La Carretera, el libro que recorre las memorias de Caramelos de Cianuro - OidosSucios.Com\",\"isPartOf\":{\"@id\":\"https:\/\/www.oidossucios.com\/site\/#website\"},\"primaryImageOfPage\":{\"@id\":\"https:\/\/www.oidossucios.com\/site\/la-carretera-el-libro-que-recorre-las-memorias-de-caramelos-de-cianuro\/#primaryimage\"},\"datePublished\":\"2014-11-14T01:12:00+00:00\",\"dateModified\":\"2020-05-07T12:47:58+00:00\",\"author\":{\"@id\":\"https:\/\/www.oidossucios.com\/site\/#\/schema\/person\/24559eeb76bf83a63296fb072393a688\"},\"description\":\"Im\\u00e1genes y testimonios se fusionan en cada p\\u00e1gina de esta obra literaria que deja en evidencia porqu\\u00e9 Caramelos de Cianuro no pierde vigencia\",\"inLanguage\":\"es\",\"potentialAction\":[{\"@type\":\"ReadAction\",\"target\":[\"https:\/\/www.oidossucios.com\/site\/la-carretera-el-libro-que-recorre-las-memorias-de-caramelos-de-cianuro\/\"]}]},{\"@type\":[\"Person\"],\"@id\":\"https:\/\/www.oidossucios.com\/site\/#\/schema\/person\/24559eeb76bf83a63296fb072393a688\",\"name\":\"Oidossucios\",\"image\":{\"@type\":\"ImageObject\",\"@id\":\"https:\/\/www.oidossucios.com\/site\/#personlogo\",\"inLanguage\":\"es\",\"url\":\"https:\/\/secure.gravatar.com\/avatar\/74fcb480f42f1a33e50a0b6e6369a3f907be2e43dc84fa5f76c66e9c22b4a5ab?s=96&d=mm&r=g\",\"caption\":\"Oidossucios\"},\"sameAs\":[\"https:\/\/twitter.com\/oidossucios\"]}]}<\/script>\n<!-- \/ Yoast SEO plugin. -->","jetpack_sharing_enabled":true,"_links":{"self":[{"href":"https:\/\/www.oidossucios.com\/site\/wp-json\/wp\/v2\/posts\/9019","targetHints":{"allow":["GET"]}}],"collection":[{"href":"https:\/\/www.oidossucios.com\/site\/wp-json\/wp\/v2\/posts"}],"about":[{"href":"https:\/\/www.oidossucios.com\/site\/wp-json\/wp\/v2\/types\/post"}],"author":[{"embeddable":true,"href":"https:\/\/www.oidossucios.com\/site\/wp-json\/wp\/v2\/users\/4"}],"replies":[{"embeddable":true,"href":"https:\/\/www.oidossucios.com\/site\/wp-json\/wp\/v2\/comments?post=9019"}],"version-history":[{"count":1,"href":"https:\/\/www.oidossucios.com\/site\/wp-json\/wp\/v2\/posts\/9019\/revisions"}],"predecessor-version":[{"id":111116686,"href":"https:\/\/www.oidossucios.com\/site\/wp-json\/wp\/v2\/posts\/9019\/revisions\/111116686"}],"wp:featuredmedia":[{"embeddable":true,"href":"https:\/\/www.oidossucios.com\/site\/wp-json\/wp\/v2\/media\/100009019"}],"wp:attachment":[{"href":"https:\/\/www.oidossucios.com\/site\/wp-json\/wp\/v2\/media?parent=9019"}],"wp:term":[{"taxonomy":"category","embeddable":true,"href":"https:\/\/www.oidossucios.com\/site\/wp-json\/wp\/v2\/categories?post=9019"},{"taxonomy":"post_tag","embeddable":true,"href":"https:\/\/www.oidossucios.com\/site\/wp-json\/wp\/v2\/tags?post=9019"}],"curies":[{"name":"wp","href":"https:\/\/api.w.org\/{rel}","templated":true}]}}