{"id":9024,"date":"2014-11-19T01:48:00","date_gmt":"2014-11-19T01:48:00","guid":{"rendered":"https:\/\/www.oidossucios.com\/site\/2014\/11\/19\/technical-work-se-presenta-en-el-poliedro-de-caracas-en-el-teresa-carreno-y-en-el-molino-rojo\/"},"modified":"2020-05-07T08:47:58","modified_gmt":"2020-05-07T12:47:58","slug":"technical-work-se-presenta-en-el-poliedro-de-caracas-en-el-teresa-carreno-y-en-el-molino-rojo","status":"publish","type":"post","link":"https:\/\/www.oidossucios.com\/site\/technical-work-se-presenta-en-el-poliedro-de-caracas-en-el-teresa-carreno-y-en-el-molino-rojo\/","title":{"rendered":"Technical Work se presenta en el Poliedro de Caracas, en el Teresa Carre\u00f1o y en el Molino Rojo"},"content":{"rendered":"<p style=\"text-align: justify;\">La agrupaci&oacute;n Technical Work (TW) vive uno de sus mejores momentos y se apodera de la escena con tres importantes presentaciones: la primera se llevar&aacute; a cabo este viernes 21 de noviembre en el Molino Rojo a partir de las 9:00 pm; la segunda el jueves 27 de noviembre nada menos que en el Teatro Teresa Carre&ntilde;o a las 7:00 pm y para cerrar, el mi&eacute;rcoles 3 de diciembre en el Festival Latinoamericano de M&uacute;sica Suena Caracas bajo la c&uacute;pula del Poliedro de Caracas desde las 6:00 pm, compartiendo tarima con bandas internacionales de la talla de Carcass, Masacre y Rata Blanca. <\/p>\n<p>En la actualidad son pocas las bandas nacionales que tienen la originalidad y la personalidad de TW, combinando el metal, el hard rock y el progresivo con elementos de la m&uacute;sica afro-venezolana, creando un sonido &uacute;nico e innovador. <\/p>\n<p>&#8220;El estilo musical de TW definitivamente es Metal, no es nuevo que cada integrante en una banda tiene diferentes influencias que determinan su manera de percibir y ejecutar la m&uacute;sica que hace, que en nuestro caso van desde el post grunge, hasta el metal mas extremo&#8221;, expres&oacute; la agrupaci&oacute;n.<\/p>\n<p>Integrada por Julio Portillo en la guitarra, Demian Mexicano en la guitarra, Juan Carlos Gonz&aacute;lez en la voz, Boris Roude en la bater&iacute;a y Abraham Mart&iacute;nez en el bajo, TW asegura que en todos sus shows interpretar&aacute; &#8220;los temas en los que hemos estado trabajando durante este &uacute;ltimo a&ntilde;o tratando de aprovechar&nbsp; de la mejor manera el tiempo disponible para la exposici&oacute;n de la banda&#8221;.<\/p>\n<p>Referente el espect&aacute;culo que tienen preparado para sus tres conciertos la banda adelanta que &#8220;el p&uacute;blico definitivamente podr&aacute; disfrutar de un show diferente en cuanto al performance que realiza TW junto a los Afro C&oacute;digos, ensamble de tambores donde adaptamos la percusi&oacute;n afro-venezolana a la m&uacute;sica que estamos haciendo&#8221;.<\/p>\n<p>Los cinco integrantes de TW no descansan, adem&aacute;s de sus presentaciones, se encuentran trabajando en su primer CD. &#8220;Actualmente estamos terminando la pre-producci&oacute;n del material que hemos estado componiendo , una vez este proceso sea terminado, comenzaremos con las gestiones necesarias para dar inicio a la&nbsp; grabaci&oacute;n de lo que ser&aacute; nuestro primer disco&#8221;.<\/p>\n<p>Fuente: Nota de Prensa<\/p>\n","protected":false},"excerpt":{"rendered":"<p>Referente el espect\u00e1culo que tienen preparado para sus tres conciertos la banda adelanta que el p\u00fablico definitivamente podr\u00e1 disfrutar de un show diferente<\/p>\n","protected":false},"author":4,"featured_media":100009024,"comment_status":"open","ping_status":"open","sticky":false,"template":"","format":"standard","meta":{"_jetpack_memberships_contains_paid_content":false,"footnotes":""},"categories":[142],"tags":[],"class_list":["post-9024","post","type-post","status-publish","format-standard","has-post-thumbnail","hentry","category-buzznews"],"jetpack_featured_media_url":"https:\/\/www.oidossucios.com\/site\/wp-content\/uploads\/2014\/11\/9024.jpg","yoast_head":"<!-- This site is optimized with the Yoast SEO plugin v14.0.4 - https:\/\/yoast.com\/wordpress\/plugins\/seo\/ -->\n<title>Technical Work se presenta en el Poliedro de Caracas, en el Teresa Carre\u00f1o y en el Molino Rojo - OidosSucios.Com<\/title>\n<meta name=\"description\" content=\"Referente el espect\u00e1culo que tienen preparado para sus tres conciertos la banda adelanta que el p\u00fablico definitivamente podr\u00e1 disfrutar de un show diferente\" \/>\n<meta name=\"robots\" content=\"index, follow\" \/>\n<meta name=\"googlebot\" content=\"index, follow, max-snippet:-1, max-image-preview:large, max-video-preview:-1\" \/>\n<meta name=\"bingbot\" content=\"index, follow, max-snippet:-1, max-image-preview:large, max-video-preview:-1\" \/>\n<link rel=\"canonical\" href=\"https:\/\/www.oidossucios.com\/site\/technical-work-se-presenta-en-el-poliedro-de-caracas-en-el-teresa-carreno-y-en-el-molino-rojo\/\" \/>\n<meta property=\"og:locale\" content=\"es_ES\" \/>\n<meta property=\"og:type\" content=\"article\" \/>\n<meta property=\"og:title\" content=\"Technical Work se presenta en el Poliedro de Caracas, en el Teresa Carre\u00f1o y en el Molino Rojo - OidosSucios.Com\" \/>\n<meta property=\"og:description\" content=\"Referente el espect\u00e1culo que tienen preparado para sus tres conciertos la banda adelanta que el p\u00fablico definitivamente podr\u00e1 disfrutar de un show diferente\" \/>\n<meta property=\"og:url\" content=\"https:\/\/www.oidossucios.com\/site\/technical-work-se-presenta-en-el-poliedro-de-caracas-en-el-teresa-carreno-y-en-el-molino-rojo\/\" \/>\n<meta property=\"og:site_name\" content=\"OidosSucios.Com\" \/>\n<meta property=\"article:published_time\" content=\"2014-11-19T01:48:00+00:00\" \/>\n<meta property=\"article:modified_time\" content=\"2020-05-07T12:47:58+00:00\" \/>\n<meta property=\"og:image\" content=\"https:\/\/www.oidossucios.com\/site\/wp-content\/uploads\/2014\/11\/9024.jpg\" \/>\n\t<meta property=\"og:image:width\" content=\"350\" \/>\n\t<meta property=\"og:image:height\" content=\"300\" \/>\n<meta name=\"twitter:card\" content=\"summary_large_image\" \/>\n<meta name=\"twitter:creator\" content=\"@oidossucios\" \/>\n<script type=\"application\/ld+json\" class=\"yoast-schema-graph\">{\"@context\":\"https:\/\/schema.org\",\"@graph\":[{\"@type\":\"WebSite\",\"@id\":\"https:\/\/www.oidossucios.com\/site\/#website\",\"url\":\"https:\/\/www.oidossucios.com\/site\/\",\"name\":\"OidosSucios.Com\",\"description\":\"M\\u00fasica, conciertos, discos\",\"potentialAction\":[{\"@type\":\"SearchAction\",\"target\":\"https:\/\/www.oidossucios.com\/site\/?s={search_term_string}\",\"query-input\":\"required name=search_term_string\"}],\"inLanguage\":\"es\"},{\"@type\":\"ImageObject\",\"@id\":\"https:\/\/www.oidossucios.com\/site\/technical-work-se-presenta-en-el-poliedro-de-caracas-en-el-teresa-carreno-y-en-el-molino-rojo\/#primaryimage\",\"inLanguage\":\"es\",\"url\":\"https:\/\/www.oidossucios.com\/site\/wp-content\/uploads\/2014\/11\/9024.jpg\",\"width\":350,\"height\":300},{\"@type\":\"WebPage\",\"@id\":\"https:\/\/www.oidossucios.com\/site\/technical-work-se-presenta-en-el-poliedro-de-caracas-en-el-teresa-carreno-y-en-el-molino-rojo\/#webpage\",\"url\":\"https:\/\/www.oidossucios.com\/site\/technical-work-se-presenta-en-el-poliedro-de-caracas-en-el-teresa-carreno-y-en-el-molino-rojo\/\",\"name\":\"Technical Work se presenta en el Poliedro de Caracas, en el Teresa Carre\\u00f1o y en el Molino Rojo - OidosSucios.Com\",\"isPartOf\":{\"@id\":\"https:\/\/www.oidossucios.com\/site\/#website\"},\"primaryImageOfPage\":{\"@id\":\"https:\/\/www.oidossucios.com\/site\/technical-work-se-presenta-en-el-poliedro-de-caracas-en-el-teresa-carreno-y-en-el-molino-rojo\/#primaryimage\"},\"datePublished\":\"2014-11-19T01:48:00+00:00\",\"dateModified\":\"2020-05-07T12:47:58+00:00\",\"author\":{\"@id\":\"https:\/\/www.oidossucios.com\/site\/#\/schema\/person\/24559eeb76bf83a63296fb072393a688\"},\"description\":\"Referente el espect\\u00e1culo que tienen preparado para sus tres conciertos la banda adelanta que el p\\u00fablico definitivamente podr\\u00e1 disfrutar de un show diferente\",\"inLanguage\":\"es\",\"potentialAction\":[{\"@type\":\"ReadAction\",\"target\":[\"https:\/\/www.oidossucios.com\/site\/technical-work-se-presenta-en-el-poliedro-de-caracas-en-el-teresa-carreno-y-en-el-molino-rojo\/\"]}]},{\"@type\":[\"Person\"],\"@id\":\"https:\/\/www.oidossucios.com\/site\/#\/schema\/person\/24559eeb76bf83a63296fb072393a688\",\"name\":\"Oidossucios\",\"image\":{\"@type\":\"ImageObject\",\"@id\":\"https:\/\/www.oidossucios.com\/site\/#personlogo\",\"inLanguage\":\"es\",\"url\":\"https:\/\/secure.gravatar.com\/avatar\/74fcb480f42f1a33e50a0b6e6369a3f907be2e43dc84fa5f76c66e9c22b4a5ab?s=96&d=mm&r=g\",\"caption\":\"Oidossucios\"},\"sameAs\":[\"https:\/\/twitter.com\/oidossucios\"]}]}<\/script>\n<!-- \/ Yoast SEO plugin. -->","jetpack_sharing_enabled":true,"_links":{"self":[{"href":"https:\/\/www.oidossucios.com\/site\/wp-json\/wp\/v2\/posts\/9024","targetHints":{"allow":["GET"]}}],"collection":[{"href":"https:\/\/www.oidossucios.com\/site\/wp-json\/wp\/v2\/posts"}],"about":[{"href":"https:\/\/www.oidossucios.com\/site\/wp-json\/wp\/v2\/types\/post"}],"author":[{"embeddable":true,"href":"https:\/\/www.oidossucios.com\/site\/wp-json\/wp\/v2\/users\/4"}],"replies":[{"embeddable":true,"href":"https:\/\/www.oidossucios.com\/site\/wp-json\/wp\/v2\/comments?post=9024"}],"version-history":[{"count":1,"href":"https:\/\/www.oidossucios.com\/site\/wp-json\/wp\/v2\/posts\/9024\/revisions"}],"predecessor-version":[{"id":111116681,"href":"https:\/\/www.oidossucios.com\/site\/wp-json\/wp\/v2\/posts\/9024\/revisions\/111116681"}],"wp:featuredmedia":[{"embeddable":true,"href":"https:\/\/www.oidossucios.com\/site\/wp-json\/wp\/v2\/media\/100009024"}],"wp:attachment":[{"href":"https:\/\/www.oidossucios.com\/site\/wp-json\/wp\/v2\/media?parent=9024"}],"wp:term":[{"taxonomy":"category","embeddable":true,"href":"https:\/\/www.oidossucios.com\/site\/wp-json\/wp\/v2\/categories?post=9024"},{"taxonomy":"post_tag","embeddable":true,"href":"https:\/\/www.oidossucios.com\/site\/wp-json\/wp\/v2\/tags?post=9024"}],"curies":[{"name":"wp","href":"https:\/\/api.w.org\/{rel}","templated":true}]}}