{"id":9029,"date":"2014-11-20T02:52:00","date_gmt":"2014-11-20T02:52:00","guid":{"rendered":"https:\/\/www.oidossucios.com\/site\/2014\/11\/20\/steven-wilson-anuncia-lanzamiento-de-nuevo-disco-hand-cannot-erase\/"},"modified":"2020-05-07T08:47:57","modified_gmt":"2020-05-07T12:47:57","slug":"steven-wilson-anuncia-lanzamiento-de-nuevo-disco-hand-cannot-erase","status":"publish","type":"post","link":"https:\/\/www.oidossucios.com\/site\/steven-wilson-anuncia-lanzamiento-de-nuevo-disco-hand-cannot-erase\/","title":{"rendered":"Steven Wilson anuncia lanzamiento de nuevo disco, Hand. Cannot. Erase."},"content":{"rendered":"<p style=\"text-align: justify;\">El pr&oacute;ximo mes de febrero, Steven Wilson estrenar&aacute; su cuarto &aacute;lbum de estudio titulado Hand. Cannot. Erase. Esta producci&oacute;n, que ser&aacute; lanzada a trav&eacute;s de Kscope, es la sucesora de The Raven That Refused to Sing (And Other Stories) del 2013.<\/p>\n<p>De igual forma, el m&uacute;sico dio a conocer a trav&eacute;s de su p&aacute;gina de Facebook las fechas de su pr&oacute;xima gira en Europa que comenzar&aacute; en marzo del 2015, y sobre la que coment&oacute;, &ldquo;Estamos actualmente desarrollando un show que espero supere tanto en la m&uacute;sica como en lo visual a las giras previas, con un set list basado en el nuevo disco, as&iacute; como explorar el pasado de mis composiciones para dar nuevas sorpresas&rdquo;.<\/p>\n<p>Puedes revisar sus fechas completas aqu&iacute;.<\/p>\n<p>Fuente: Somos &Iacute;dolos<\/p>\n","protected":false},"excerpt":{"rendered":"<p>El m\u00fasico dio a conoceras fechas de su pr\u00f3xima gira en Europa que comenzar\u00e1 en marzo del 2015<\/p>\n","protected":false},"author":4,"featured_media":100009029,"comment_status":"open","ping_status":"open","sticky":false,"template":"","format":"standard","meta":{"_jetpack_memberships_contains_paid_content":false,"footnotes":""},"categories":[142],"tags":[],"class_list":["post-9029","post","type-post","status-publish","format-standard","has-post-thumbnail","hentry","category-buzznews"],"jetpack_featured_media_url":"https:\/\/www.oidossucios.com\/site\/wp-content\/uploads\/2014\/11\/9029.jpg","yoast_head":"<!-- This site is optimized with the Yoast SEO plugin v14.0.4 - https:\/\/yoast.com\/wordpress\/plugins\/seo\/ -->\n<title>Steven Wilson anuncia lanzamiento de nuevo disco, Hand. Cannot. Erase. - OidosSucios.Com<\/title>\n<meta name=\"description\" content=\"El m\u00fasico dio a conoceras fechas de su pr\u00f3xima gira en Europa que comenzar\u00e1 en marzo del 2015\" \/>\n<meta name=\"robots\" content=\"index, follow\" \/>\n<meta name=\"googlebot\" content=\"index, follow, max-snippet:-1, max-image-preview:large, max-video-preview:-1\" \/>\n<meta name=\"bingbot\" content=\"index, follow, max-snippet:-1, max-image-preview:large, max-video-preview:-1\" \/>\n<link rel=\"canonical\" href=\"https:\/\/www.oidossucios.com\/site\/steven-wilson-anuncia-lanzamiento-de-nuevo-disco-hand-cannot-erase\/\" \/>\n<meta property=\"og:locale\" content=\"es_ES\" \/>\n<meta property=\"og:type\" content=\"article\" \/>\n<meta property=\"og:title\" content=\"Steven Wilson anuncia lanzamiento de nuevo disco, Hand. Cannot. Erase. - OidosSucios.Com\" \/>\n<meta property=\"og:description\" content=\"El m\u00fasico dio a conoceras fechas de su pr\u00f3xima gira en Europa que comenzar\u00e1 en marzo del 2015\" \/>\n<meta property=\"og:url\" content=\"https:\/\/www.oidossucios.com\/site\/steven-wilson-anuncia-lanzamiento-de-nuevo-disco-hand-cannot-erase\/\" \/>\n<meta property=\"og:site_name\" content=\"OidosSucios.Com\" \/>\n<meta property=\"article:published_time\" content=\"2014-11-20T02:52:00+00:00\" \/>\n<meta property=\"article:modified_time\" content=\"2020-05-07T12:47:57+00:00\" \/>\n<meta property=\"og:image\" content=\"https:\/\/www.oidossucios.com\/site\/wp-content\/uploads\/2014\/11\/9029.jpg\" \/>\n\t<meta property=\"og:image:width\" content=\"350\" \/>\n\t<meta property=\"og:image:height\" content=\"300\" \/>\n<meta name=\"twitter:card\" content=\"summary_large_image\" \/>\n<meta name=\"twitter:creator\" content=\"@oidossucios\" \/>\n<script type=\"application\/ld+json\" class=\"yoast-schema-graph\">{\"@context\":\"https:\/\/schema.org\",\"@graph\":[{\"@type\":\"WebSite\",\"@id\":\"https:\/\/www.oidossucios.com\/site\/#website\",\"url\":\"https:\/\/www.oidossucios.com\/site\/\",\"name\":\"OidosSucios.Com\",\"description\":\"M\\u00fasica, conciertos, discos\",\"potentialAction\":[{\"@type\":\"SearchAction\",\"target\":\"https:\/\/www.oidossucios.com\/site\/?s={search_term_string}\",\"query-input\":\"required name=search_term_string\"}],\"inLanguage\":\"es\"},{\"@type\":\"ImageObject\",\"@id\":\"https:\/\/www.oidossucios.com\/site\/steven-wilson-anuncia-lanzamiento-de-nuevo-disco-hand-cannot-erase\/#primaryimage\",\"inLanguage\":\"es\",\"url\":\"https:\/\/www.oidossucios.com\/site\/wp-content\/uploads\/2014\/11\/9029.jpg\",\"width\":350,\"height\":300},{\"@type\":\"WebPage\",\"@id\":\"https:\/\/www.oidossucios.com\/site\/steven-wilson-anuncia-lanzamiento-de-nuevo-disco-hand-cannot-erase\/#webpage\",\"url\":\"https:\/\/www.oidossucios.com\/site\/steven-wilson-anuncia-lanzamiento-de-nuevo-disco-hand-cannot-erase\/\",\"name\":\"Steven Wilson anuncia lanzamiento de nuevo disco, Hand. Cannot. Erase. - OidosSucios.Com\",\"isPartOf\":{\"@id\":\"https:\/\/www.oidossucios.com\/site\/#website\"},\"primaryImageOfPage\":{\"@id\":\"https:\/\/www.oidossucios.com\/site\/steven-wilson-anuncia-lanzamiento-de-nuevo-disco-hand-cannot-erase\/#primaryimage\"},\"datePublished\":\"2014-11-20T02:52:00+00:00\",\"dateModified\":\"2020-05-07T12:47:57+00:00\",\"author\":{\"@id\":\"https:\/\/www.oidossucios.com\/site\/#\/schema\/person\/24559eeb76bf83a63296fb072393a688\"},\"description\":\"El m\\u00fasico dio a conoceras fechas de su pr\\u00f3xima gira en Europa que comenzar\\u00e1 en marzo del 2015\",\"inLanguage\":\"es\",\"potentialAction\":[{\"@type\":\"ReadAction\",\"target\":[\"https:\/\/www.oidossucios.com\/site\/steven-wilson-anuncia-lanzamiento-de-nuevo-disco-hand-cannot-erase\/\"]}]},{\"@type\":[\"Person\"],\"@id\":\"https:\/\/www.oidossucios.com\/site\/#\/schema\/person\/24559eeb76bf83a63296fb072393a688\",\"name\":\"Oidossucios\",\"image\":{\"@type\":\"ImageObject\",\"@id\":\"https:\/\/www.oidossucios.com\/site\/#personlogo\",\"inLanguage\":\"es\",\"url\":\"https:\/\/secure.gravatar.com\/avatar\/74fcb480f42f1a33e50a0b6e6369a3f907be2e43dc84fa5f76c66e9c22b4a5ab?s=96&d=mm&r=g\",\"caption\":\"Oidossucios\"},\"sameAs\":[\"https:\/\/twitter.com\/oidossucios\"]}]}<\/script>\n<!-- \/ Yoast SEO plugin. -->","jetpack_sharing_enabled":true,"_links":{"self":[{"href":"https:\/\/www.oidossucios.com\/site\/wp-json\/wp\/v2\/posts\/9029","targetHints":{"allow":["GET"]}}],"collection":[{"href":"https:\/\/www.oidossucios.com\/site\/wp-json\/wp\/v2\/posts"}],"about":[{"href":"https:\/\/www.oidossucios.com\/site\/wp-json\/wp\/v2\/types\/post"}],"author":[{"embeddable":true,"href":"https:\/\/www.oidossucios.com\/site\/wp-json\/wp\/v2\/users\/4"}],"replies":[{"embeddable":true,"href":"https:\/\/www.oidossucios.com\/site\/wp-json\/wp\/v2\/comments?post=9029"}],"version-history":[{"count":1,"href":"https:\/\/www.oidossucios.com\/site\/wp-json\/wp\/v2\/posts\/9029\/revisions"}],"predecessor-version":[{"id":111116677,"href":"https:\/\/www.oidossucios.com\/site\/wp-json\/wp\/v2\/posts\/9029\/revisions\/111116677"}],"wp:featuredmedia":[{"embeddable":true,"href":"https:\/\/www.oidossucios.com\/site\/wp-json\/wp\/v2\/media\/100009029"}],"wp:attachment":[{"href":"https:\/\/www.oidossucios.com\/site\/wp-json\/wp\/v2\/media?parent=9029"}],"wp:term":[{"taxonomy":"category","embeddable":true,"href":"https:\/\/www.oidossucios.com\/site\/wp-json\/wp\/v2\/categories?post=9029"},{"taxonomy":"post_tag","embeddable":true,"href":"https:\/\/www.oidossucios.com\/site\/wp-json\/wp\/v2\/tags?post=9029"}],"curies":[{"name":"wp","href":"https:\/\/api.w.org\/{rel}","templated":true}]}}