{"id":9034,"date":"2014-11-22T04:33:00","date_gmt":"2014-11-22T04:33:00","guid":{"rendered":"https:\/\/www.oidossucios.com\/site\/2014\/11\/22\/nuevo-trailer-y-fecha-de-estreno-de-better-call-saul-2\/"},"modified":"2020-05-07T08:47:57","modified_gmt":"2020-05-07T12:47:57","slug":"nuevo-trailer-y-fecha-de-estreno-de-better-call-saul-2","status":"publish","type":"post","link":"https:\/\/www.oidossucios.com\/site\/nuevo-trailer-y-fecha-de-estreno-de-better-call-saul-2\/","title":{"rendered":"Nuevo tr\u00e1iler y fecha de estreno de Better Call Saul"},"content":{"rendered":"<p>Por <\/p>\n<p>El spin-off de la famosa serie de televisi&oacute;n, Breaking Bad, estren&oacute; recientemente un nuevo tr&aacute;iler y public&oacute; oficialmente su fecha de estreno. Se llamar&aacute; Better Call Saul y la trama gira en torno al personaje Saul Goodman, abogado de Walter White, quien es el protagonista de la serie.<\/p>\n<p>La fecha de estreno es el 8 de febrero de 2015 y Latinoam&eacute;rica podr&aacute; disfrutarla a trav&eacute;s de Netflix, que transmitir&aacute; la serie al mismo tiempo que en Estados Unidos. Este show fue creado por Vince Gilligan y Peter Gould. Gilligan fue quien dio vida a Breaking Bad, que dur&oacute; 5 temporadas y es considerada una de las mejores series televisivas.<\/p>\n<p>Bob Odenkirk es el nombre del actor que interpretar&aacute; a Saul. Este artista norteamericano ha trabajado en cine y televisi&oacute;n. Algunos de los shows en los que ha participado son: Saturday Night Live, Ben Stiller Show, Futurama, Arrested Development, How I Met Your Mother y Rules of Engagement.<\/p>\n","protected":false},"excerpt":{"rendered":"<p>El spin-off de la famosa serie de televisi\u00f3n, Breaking Bad, estren\u00f3 recientemente un nuevo tr\u00e1iler y public\u00f3 oficialmente su fecha de estreno<\/p>\n","protected":false},"author":4,"featured_media":0,"comment_status":"open","ping_status":"open","sticky":false,"template":"","format":"standard","meta":{"_jetpack_memberships_contains_paid_content":false,"footnotes":""},"categories":[672],"tags":[],"class_list":["post-9034","post","type-post","status-publish","format-standard","hentry","category-tv"],"jetpack_featured_media_url":"","yoast_head":"<!-- This site is optimized with the Yoast SEO plugin v14.0.4 - https:\/\/yoast.com\/wordpress\/plugins\/seo\/ -->\n<title>Nuevo tr\u00e1iler y fecha de estreno de Better Call Saul - OidosSucios.Com<\/title>\n<meta name=\"description\" content=\"El spin-off de la famosa serie de televisi\u00f3n, Breaking Bad, estren\u00f3 recientemente un nuevo tr\u00e1iler y public\u00f3 oficialmente su fecha de estreno\" \/>\n<meta name=\"robots\" content=\"index, follow\" \/>\n<meta name=\"googlebot\" content=\"index, follow, max-snippet:-1, max-image-preview:large, max-video-preview:-1\" \/>\n<meta name=\"bingbot\" content=\"index, follow, max-snippet:-1, max-image-preview:large, max-video-preview:-1\" \/>\n<link rel=\"canonical\" href=\"https:\/\/www.oidossucios.com\/site\/nuevo-trailer-y-fecha-de-estreno-de-better-call-saul-2\/\" \/>\n<meta property=\"og:locale\" content=\"es_ES\" \/>\n<meta property=\"og:type\" content=\"article\" \/>\n<meta property=\"og:title\" content=\"Nuevo tr\u00e1iler y fecha de estreno de Better Call Saul - OidosSucios.Com\" \/>\n<meta property=\"og:description\" content=\"El spin-off de la famosa serie de televisi\u00f3n, Breaking Bad, estren\u00f3 recientemente un nuevo tr\u00e1iler y public\u00f3 oficialmente su fecha de estreno\" \/>\n<meta property=\"og:url\" content=\"https:\/\/www.oidossucios.com\/site\/nuevo-trailer-y-fecha-de-estreno-de-better-call-saul-2\/\" \/>\n<meta property=\"og:site_name\" content=\"OidosSucios.Com\" \/>\n<meta property=\"article:published_time\" content=\"2014-11-22T04:33:00+00:00\" \/>\n<meta property=\"article:modified_time\" content=\"2020-05-07T12:47:57+00:00\" \/>\n<meta name=\"twitter:card\" content=\"summary_large_image\" \/>\n<meta name=\"twitter:creator\" content=\"@oidossucios\" \/>\n<script type=\"application\/ld+json\" class=\"yoast-schema-graph\">{\"@context\":\"https:\/\/schema.org\",\"@graph\":[{\"@type\":\"WebSite\",\"@id\":\"https:\/\/www.oidossucios.com\/site\/#website\",\"url\":\"https:\/\/www.oidossucios.com\/site\/\",\"name\":\"OidosSucios.Com\",\"description\":\"M\\u00fasica, conciertos, discos\",\"potentialAction\":[{\"@type\":\"SearchAction\",\"target\":\"https:\/\/www.oidossucios.com\/site\/?s={search_term_string}\",\"query-input\":\"required name=search_term_string\"}],\"inLanguage\":\"es\"},{\"@type\":\"WebPage\",\"@id\":\"https:\/\/www.oidossucios.com\/site\/nuevo-trailer-y-fecha-de-estreno-de-better-call-saul-2\/#webpage\",\"url\":\"https:\/\/www.oidossucios.com\/site\/nuevo-trailer-y-fecha-de-estreno-de-better-call-saul-2\/\",\"name\":\"Nuevo tr\\u00e1iler y fecha de estreno de Better Call Saul - OidosSucios.Com\",\"isPartOf\":{\"@id\":\"https:\/\/www.oidossucios.com\/site\/#website\"},\"datePublished\":\"2014-11-22T04:33:00+00:00\",\"dateModified\":\"2020-05-07T12:47:57+00:00\",\"author\":{\"@id\":\"https:\/\/www.oidossucios.com\/site\/#\/schema\/person\/24559eeb76bf83a63296fb072393a688\"},\"description\":\"El spin-off de la famosa serie de televisi\\u00f3n, Breaking Bad, estren\\u00f3 recientemente un nuevo tr\\u00e1iler y public\\u00f3 oficialmente su fecha de estreno\",\"inLanguage\":\"es\",\"potentialAction\":[{\"@type\":\"ReadAction\",\"target\":[\"https:\/\/www.oidossucios.com\/site\/nuevo-trailer-y-fecha-de-estreno-de-better-call-saul-2\/\"]}]},{\"@type\":[\"Person\"],\"@id\":\"https:\/\/www.oidossucios.com\/site\/#\/schema\/person\/24559eeb76bf83a63296fb072393a688\",\"name\":\"Oidossucios\",\"image\":{\"@type\":\"ImageObject\",\"@id\":\"https:\/\/www.oidossucios.com\/site\/#personlogo\",\"inLanguage\":\"es\",\"url\":\"https:\/\/secure.gravatar.com\/avatar\/74fcb480f42f1a33e50a0b6e6369a3f907be2e43dc84fa5f76c66e9c22b4a5ab?s=96&d=mm&r=g\",\"caption\":\"Oidossucios\"},\"sameAs\":[\"https:\/\/twitter.com\/oidossucios\"]}]}<\/script>\n<!-- \/ Yoast SEO plugin. -->","jetpack_sharing_enabled":true,"_links":{"self":[{"href":"https:\/\/www.oidossucios.com\/site\/wp-json\/wp\/v2\/posts\/9034","targetHints":{"allow":["GET"]}}],"collection":[{"href":"https:\/\/www.oidossucios.com\/site\/wp-json\/wp\/v2\/posts"}],"about":[{"href":"https:\/\/www.oidossucios.com\/site\/wp-json\/wp\/v2\/types\/post"}],"author":[{"embeddable":true,"href":"https:\/\/www.oidossucios.com\/site\/wp-json\/wp\/v2\/users\/4"}],"replies":[{"embeddable":true,"href":"https:\/\/www.oidossucios.com\/site\/wp-json\/wp\/v2\/comments?post=9034"}],"version-history":[{"count":1,"href":"https:\/\/www.oidossucios.com\/site\/wp-json\/wp\/v2\/posts\/9034\/revisions"}],"predecessor-version":[{"id":111116672,"href":"https:\/\/www.oidossucios.com\/site\/wp-json\/wp\/v2\/posts\/9034\/revisions\/111116672"}],"wp:attachment":[{"href":"https:\/\/www.oidossucios.com\/site\/wp-json\/wp\/v2\/media?parent=9034"}],"wp:term":[{"taxonomy":"category","embeddable":true,"href":"https:\/\/www.oidossucios.com\/site\/wp-json\/wp\/v2\/categories?post=9034"},{"taxonomy":"post_tag","embeddable":true,"href":"https:\/\/www.oidossucios.com\/site\/wp-json\/wp\/v2\/tags?post=9034"}],"curies":[{"name":"wp","href":"https:\/\/api.w.org\/{rel}","templated":true}]}}