{"id":904,"date":"2004-01-03T18:34:00","date_gmt":"2004-01-03T18:34:00","guid":{"rendered":"https:\/\/www.oidossucios.com\/site\/2004\/01\/03\/todos-quieren-ver-a-iron-maiden\/"},"modified":"2004-01-03T18:34:00","modified_gmt":"2004-01-03T18:34:00","slug":"todos-quieren-ver-a-iron-maiden","status":"publish","type":"post","link":"https:\/\/www.oidossucios.com\/site\/todos-quieren-ver-a-iron-maiden\/","title":{"rendered":"Todos quieren ver a Iron Maiden"},"content":{"rendered":"<p>La fiebre desatada por ver la etapa latinoamericana de &#8216;Dance of Death World Tour&#8217;, la gira mundial de Iron Maiden, no conoce precedentes y ya los 3 pa\u00edses donde se presentar\u00e1 la agrupaci\u00f3n, Argentina, Chile y Brasil, est\u00e1n a punto de colgar el cartel de &#8216;No hay entradas&#8217;.<\/p>\n<p>Medios de los tres pa\u00edses han publicado como la expectativa reinante en el p\u00fablico por la gira, que presentar\u00e1 el mismo show que en el resto del mundo, hace que las entradas vuelen de los sitios de venta. En Chile por ejemplo, el anuncio publicado en el peri\u00f3dico en navidad, donde sal\u00edan los integrantes de la banda abrazados a Santa Claus, gener\u00f3 un repunte inesperado.<\/p>\n<p>&#8216;La idea era alentar a los padres de familia, los j\u00f3venes y tambi\u00e9n a los que fueron j\u00f3venes hace ya dos d\u00e9cadas para que compraran la entrada para ver a una de sus bandas favoritas. Que entendieran que ese era el mejor regalo que pod\u00edan hacer en estas fechas&#8217;, comenta al diario La Tercera, Boris Rosenblit, ejecutivo de CIE Chile, la productora responsable del pr\u00f3ximo show del sexteto brit\u00e1nico en la Pista Atl\u00e9tica del Estadio Nacional de Santiago (Chile).<\/p>\n<p>&#8216;La buena venta que estamos teniendo&#8217;, dice Francisco Go\u00f1i, de CIE, &#8216;nos permite pensar en un lleno total de 22 mil e, incluso, 25 mil personas&#8217;. Para ello cita como ejemplo lo sucedido hace dos a\u00f1os, y en el mismo escenario, con Red Hot Chili Peppers. &#8216;Esa vez -sigue- llevamos 22 mil personas, pero el mayor n\u00famero de boletos se facturaron durante la \u00faltima semana. Esta vez el panorama es mejor, ya que faltando 15 d\u00edas hemos vendido un 43 por ciento m\u00e1s que con Red Hot Chili Peppers&#8217;.<\/p>\n<p>La comitiva de Iron Maiden est\u00e1 integrada por 26 personas, un n\u00famero bastante alto para una banda de metal, salvo Metallica. Las fechas de la gira latinoamericana son las siguientes:<\/p>\n<p><b>Enero 11:<\/b> Buenos Aires &#8211; Valez Sarsfield<br \/><b>Enero 13:<\/b> Santiago &#8211; Pista Atletica<br \/><b>Enero 16:<\/b> Rio de Janeiro &#8211; ATL Hall<br \/><b>Enero 17:<\/b> Sao Paulo &#8211; Pacaembu Stadium<\/p>\n","protected":false},"excerpt":{"rendered":"<p>La fiebre desatada por la gira latinoamericana de Iron Maiden no tiene precedentes. A una semana de iniciarse el tour, los 3 pa\u00edses donde se presentar\u00e1n est\u00e1n a punto de colgar el cartel de &#8216;No hay entradas&#8217;.<\/p>\n","protected":false},"author":4,"featured_media":10000900,"comment_status":"open","ping_status":"open","sticky":false,"template":"","format":"standard","meta":{"_jetpack_memberships_contains_paid_content":false,"footnotes":""},"categories":[250],"tags":[173],"class_list":["post-904","post","type-post","status-publish","format-standard","has-post-thumbnail","hentry","category-noticias","tag-iron-maiden"],"jetpack_featured_media_url":"https:\/\/www.oidossucios.com\/site\/wp-content\/uploads\/2003\/12\/900.jpg","yoast_head":"<!-- This site is optimized with the Yoast SEO plugin v14.0.4 - https:\/\/yoast.com\/wordpress\/plugins\/seo\/ -->\n<title>Todos quieren ver a Iron Maiden - OidosSucios.Com<\/title>\n<meta name=\"description\" content=\"Hugo Ch\u00e1vez sorprendi\u00f3 hoy en su programa dominical Alo Presidente, al presentar a Gustavo Cerati, quien estaba acompa\u00f1ado de Charly Alberti y anunci\u00f3 el regreso de su anterior banda para dar un show como celebraci\u00f3n del segundo aniversario de la vuelta del presidente al poder.\" \/>\n<meta name=\"robots\" content=\"index, follow\" \/>\n<meta name=\"googlebot\" content=\"index, follow, max-snippet:-1, max-image-preview:large, max-video-preview:-1\" \/>\n<meta name=\"bingbot\" content=\"index, follow, max-snippet:-1, max-image-preview:large, max-video-preview:-1\" \/>\n<link rel=\"canonical\" href=\"https:\/\/www.oidossucios.com\/site\/todos-quieren-ver-a-iron-maiden\/\" \/>\n<meta property=\"og:locale\" content=\"es_ES\" \/>\n<meta property=\"og:type\" content=\"article\" \/>\n<meta property=\"og:title\" content=\"Todos quieren ver a Iron Maiden - OidosSucios.Com\" \/>\n<meta property=\"og:description\" content=\"Hugo Ch\u00e1vez sorprendi\u00f3 hoy en su programa dominical Alo Presidente, al presentar a Gustavo Cerati, quien estaba acompa\u00f1ado de Charly Alberti y anunci\u00f3 el regreso de su anterior banda para dar un show como celebraci\u00f3n del segundo aniversario de la vuelta del presidente al poder.\" \/>\n<meta property=\"og:url\" content=\"https:\/\/www.oidossucios.com\/site\/todos-quieren-ver-a-iron-maiden\/\" \/>\n<meta property=\"og:site_name\" content=\"OidosSucios.Com\" \/>\n<meta property=\"article:published_time\" content=\"2004-01-03T18:34:00+00:00\" \/>\n<meta property=\"og:image\" content=\"https:\/\/www.oidossucios.com\/site\/wp-content\/uploads\/2003\/12\/900.jpg\" \/>\n\t<meta property=\"og:image:width\" content=\"290\" \/>\n\t<meta property=\"og:image:height\" content=\"100\" \/>\n<meta name=\"twitter:card\" content=\"summary_large_image\" \/>\n<meta name=\"twitter:creator\" content=\"@oidossucios\" \/>\n<script type=\"application\/ld+json\" class=\"yoast-schema-graph\">{\"@context\":\"https:\/\/schema.org\",\"@graph\":[{\"@type\":\"WebSite\",\"@id\":\"https:\/\/www.oidossucios.com\/site\/#website\",\"url\":\"https:\/\/www.oidossucios.com\/site\/\",\"name\":\"OidosSucios.Com\",\"description\":\"M\\u00fasica, conciertos, discos\",\"potentialAction\":[{\"@type\":\"SearchAction\",\"target\":\"https:\/\/www.oidossucios.com\/site\/?s={search_term_string}\",\"query-input\":\"required name=search_term_string\"}],\"inLanguage\":\"es\"},{\"@type\":\"ImageObject\",\"@id\":\"https:\/\/www.oidossucios.com\/site\/todos-quieren-ver-a-iron-maiden\/#primaryimage\",\"inLanguage\":\"es\",\"url\":\"https:\/\/www.oidossucios.com\/site\/wp-content\/uploads\/2003\/12\/900.jpg\",\"width\":290,\"height\":100},{\"@type\":\"WebPage\",\"@id\":\"https:\/\/www.oidossucios.com\/site\/todos-quieren-ver-a-iron-maiden\/#webpage\",\"url\":\"https:\/\/www.oidossucios.com\/site\/todos-quieren-ver-a-iron-maiden\/\",\"name\":\"Todos quieren ver a Iron Maiden - OidosSucios.Com\",\"isPartOf\":{\"@id\":\"https:\/\/www.oidossucios.com\/site\/#website\"},\"primaryImageOfPage\":{\"@id\":\"https:\/\/www.oidossucios.com\/site\/todos-quieren-ver-a-iron-maiden\/#primaryimage\"},\"datePublished\":\"2004-01-03T18:34:00+00:00\",\"dateModified\":\"2004-01-03T18:34:00+00:00\",\"author\":{\"@id\":\"https:\/\/www.oidossucios.com\/site\/#\/schema\/person\/24559eeb76bf83a63296fb072393a688\"},\"description\":\"Hugo Ch\\u00e1vez sorprendi\\u00f3 hoy en su programa dominical Alo Presidente, al presentar a Gustavo Cerati, quien estaba acompa\\u00f1ado de Charly Alberti y anunci\\u00f3 el regreso de su anterior banda para dar un show como celebraci\\u00f3n del segundo aniversario de la vuelta del presidente al poder.\",\"inLanguage\":\"es\",\"potentialAction\":[{\"@type\":\"ReadAction\",\"target\":[\"https:\/\/www.oidossucios.com\/site\/todos-quieren-ver-a-iron-maiden\/\"]}]},{\"@type\":[\"Person\"],\"@id\":\"https:\/\/www.oidossucios.com\/site\/#\/schema\/person\/24559eeb76bf83a63296fb072393a688\",\"name\":\"Oidossucios\",\"image\":{\"@type\":\"ImageObject\",\"@id\":\"https:\/\/www.oidossucios.com\/site\/#personlogo\",\"inLanguage\":\"es\",\"url\":\"https:\/\/secure.gravatar.com\/avatar\/74fcb480f42f1a33e50a0b6e6369a3f907be2e43dc84fa5f76c66e9c22b4a5ab?s=96&d=mm&r=g\",\"caption\":\"Oidossucios\"},\"sameAs\":[\"https:\/\/twitter.com\/oidossucios\"]}]}<\/script>\n<!-- \/ Yoast SEO plugin. -->","jetpack_sharing_enabled":true,"_links":{"self":[{"href":"https:\/\/www.oidossucios.com\/site\/wp-json\/wp\/v2\/posts\/904","targetHints":{"allow":["GET"]}}],"collection":[{"href":"https:\/\/www.oidossucios.com\/site\/wp-json\/wp\/v2\/posts"}],"about":[{"href":"https:\/\/www.oidossucios.com\/site\/wp-json\/wp\/v2\/types\/post"}],"author":[{"embeddable":true,"href":"https:\/\/www.oidossucios.com\/site\/wp-json\/wp\/v2\/users\/4"}],"replies":[{"embeddable":true,"href":"https:\/\/www.oidossucios.com\/site\/wp-json\/wp\/v2\/comments?post=904"}],"version-history":[{"count":0,"href":"https:\/\/www.oidossucios.com\/site\/wp-json\/wp\/v2\/posts\/904\/revisions"}],"wp:featuredmedia":[{"embeddable":true,"href":"https:\/\/www.oidossucios.com\/site\/wp-json\/wp\/v2\/media\/10000900"}],"wp:attachment":[{"href":"https:\/\/www.oidossucios.com\/site\/wp-json\/wp\/v2\/media?parent=904"}],"wp:term":[{"taxonomy":"category","embeddable":true,"href":"https:\/\/www.oidossucios.com\/site\/wp-json\/wp\/v2\/categories?post=904"},{"taxonomy":"post_tag","embeddable":true,"href":"https:\/\/www.oidossucios.com\/site\/wp-json\/wp\/v2\/tags?post=904"}],"curies":[{"name":"wp","href":"https:\/\/api.w.org\/{rel}","templated":true}]}}