{"id":9114,"date":"2015-01-13T15:58:00","date_gmt":"2015-01-13T15:58:00","guid":{"rendered":"https:\/\/www.oidossucios.com\/site\/2015\/01\/13\/fundacion-nuevas-bandas-anuncia-actividades-2015\/"},"modified":"2020-05-07T08:47:49","modified_gmt":"2020-05-07T12:47:49","slug":"fundacion-nuevas-bandas-anuncia-actividades-2015","status":"publish","type":"post","link":"https:\/\/www.oidossucios.com\/site\/fundacion-nuevas-bandas-anuncia-actividades-2015\/","title":{"rendered":"Fundaci\u00f3n Nuevas Bandas anuncia actividades 2015"},"content":{"rendered":"<p style=\"text-align: justify;\">Fotograf&iacute;a Ni&ntilde;o Nuclear (Ganadores FNB14) por Pedro Pe&ntilde;a <\/p>\n<p>La Fundaci&oacute;n Nuevas Bandas se complace en anunciar las actividades que se llevar&aacute;n a cabo durante el 2015. Una serie de eventos que forman parte de la gesti&oacute;n cultural y planificaci&oacute;n que a&ntilde;o tras a&ntilde;o da a conocer el crecimiento y desarrollo&nbsp; de nuestra sociedad en materia musical.<\/p>\n<p>De cara a un nuevo a&ntilde;o, ya la programaci&oacute;n y dem&aacute;s eventos habituales toman forma: Festival Nuevas Bandas, Sesiones VRock (tributos, ac&uacute;sticos, cantautores, sinf&oacute;nicos), Promoviendo Talentos, Intercolegial de Nuevas Bandas, Circuito Nuevas Bandas, Festival de Jazz, Muestra de M&uacute;sica electr&oacute;nica y la celebraci&oacute;n de los 10 a&ntilde;os del programa radial Rock en &Ntilde;.<\/p>\n<p>Desde el 13 y hasta el 19 de Julio se llevar&aacute; a cabo el Festival Nuevas Bandas 2015, evento principal que llega a sus 25 a&ntilde;os de vida y dentro de esta celebraci&oacute;n se estar&aacute; rindiendo homenaje a la agrupaci&oacute;n m&aacute;s emblem&aacute;tica del ska-rock-pop fusi&oacute;n venezolano y agrupaci&oacute;n de culto latinoamericano: Desorden P&uacute;blico, quienes este a&ntilde;o cumplen 30 a&ntilde;os de carrera art&iacute;stica. Se le suman conferencias, lanzamientos de libros y otras actividades adicionales.<\/p>\n<p>Desde el mes de Febrero comienzan las Sesiones VRock, una serie de eventos en diferentes formatos que van desde tributos, ac&uacute;sticos, cantautores, sinf&oacute;nicos y el &ldquo;frente a frente&rdquo; de m&uacute;sicos, donde la importancia es mostrar el otro lado del pop rock venezolano dentro de un formato &iacute;ntimo. Estas actividades se ir&aacute;n anunciando mes a mes. <\/p>\n<p>A partir de marzo y durante los siguientes meses se estar&aacute;n realizando los habituales talleres de Producci&oacute;n de Eventos Musicales, Manager, Periodismo Musical y Producci&oacute;n de Videos Guerrilla para Marketing Musical.<\/p>\n<p>En Mayo regresa el Intercolegial Nuevas Bandas 2015, evento dedicado a la exposici&oacute;n de las n&oacute;veles agrupaciones en diferentes colegios de la ciudad. En retrospectiva es el primer paso que dan formaciones juveniles en su desarrollo musical. &nbsp;<\/p>\n<p>Posterior al llamado de inscripciones en que se har&aacute; en Abril, se estar&aacute; recorriendo el pa&iacute;s dentro del marco del Circuito Nuevas Bandas, una serie de conciertos en todas las regiones de Venezuela donde se van eligiendo agrupaciones a nivel nacional y est&aacute; planificado para Mayo.<\/p>\n<p>Durante el primer trimestre del a&ntilde;o, gracias a la alianza con Cultura Chacao y Educaci&oacute;n Chacao se estar&aacute; llevando a cabo Promoviendo Talentos, una serie de shows en los colegios del Municipio Chacao para impulsar las inquietudes y potencialidades musicales de estos adolescentes.<\/p>\n<p>Septiembre llegar&aacute; con la celebraci&oacute;n de los 10 a&ntilde;os del programa radial Rock en &Ntilde;. Previo a esta conmemoraci&oacute;n el equipo de producci&oacute;n estar&aacute; realizando shows &iacute;ntimos como preparativos: 10 M&uacute;sicos, 10 temas, 10 a&ntilde;os de VRock&hellip; una antesala de esta d&eacute;cada de apoyo al rock venezolano en el que las voces de F&eacute;lix Allueva, Ram&oacute;n Castro, Ver&oacute;nica G&oacute;mez, Julio Gonz&aacute;lez, Manuel Redondo y en la actualidad Pericles S&aacute;nchez han mostrado el grueso musical del pa&iacute;s.<\/p>\n<p>A todo este conglomerado de actividades se le suman dos nuevas apuestas que har&aacute; la Fundaci&oacute;n Nuevas Bandas para el tercer trimestre del a&ntilde;o, se trata del Festival Jazz NB y la Muestra de M&uacute;sica Electr&oacute;nica: 40 a&ntilde;os de M&aacute;quinas y emociones (Electr&oacute;nica de Ac&aacute;).<\/p>\n<p>Con este calendario de 2015 la Fundaci&oacute;n Nuevas Bandas ya comienza a activar su maquinaria de producci&oacute;n para mantener la cultura en movimiento. Cada una de estas actividades se ir&aacute; informando de manera espec&iacute;fica de acuerdo a la fecha y evento particular.<\/p>\n<p>Fuente: Nota de Prensa<\/p>\n","protected":false},"excerpt":{"rendered":"<p>Reconocimiento a los 30 a\u00f1os de trayectoria de Desorden P\u00fablico y celebraci\u00f3n de los 25 a\u00f1os del Festival Nuevas Bandas<\/p>\n","protected":false},"author":4,"featured_media":100009114,"comment_status":"open","ping_status":"open","sticky":false,"template":"","format":"standard","meta":{"_jetpack_memberships_contains_paid_content":false,"footnotes":""},"categories":[142],"tags":[],"class_list":["post-9114","post","type-post","status-publish","format-standard","has-post-thumbnail","hentry","category-buzznews"],"jetpack_featured_media_url":"https:\/\/www.oidossucios.com\/site\/wp-content\/uploads\/2015\/01\/9114.jpg","yoast_head":"<!-- This site is optimized with the Yoast SEO plugin v14.0.4 - https:\/\/yoast.com\/wordpress\/plugins\/seo\/ -->\n<title>Fundaci\u00f3n Nuevas Bandas anuncia actividades 2015 - OidosSucios.Com<\/title>\n<meta name=\"description\" content=\"Reconocimiento a los 30 a\u00f1os de trayectoria de Desorden P\u00fablico y celebraci\u00f3n de los 25 a\u00f1os del Festival Nuevas Bandas\" \/>\n<meta name=\"robots\" content=\"index, follow\" \/>\n<meta name=\"googlebot\" content=\"index, follow, max-snippet:-1, max-image-preview:large, max-video-preview:-1\" \/>\n<meta name=\"bingbot\" content=\"index, follow, max-snippet:-1, max-image-preview:large, max-video-preview:-1\" \/>\n<link rel=\"canonical\" href=\"https:\/\/www.oidossucios.com\/site\/fundacion-nuevas-bandas-anuncia-actividades-2015\/\" \/>\n<meta property=\"og:locale\" content=\"es_ES\" \/>\n<meta property=\"og:type\" content=\"article\" \/>\n<meta property=\"og:title\" content=\"Fundaci\u00f3n Nuevas Bandas anuncia actividades 2015 - OidosSucios.Com\" \/>\n<meta property=\"og:description\" content=\"Reconocimiento a los 30 a\u00f1os de trayectoria de Desorden P\u00fablico y celebraci\u00f3n de los 25 a\u00f1os del Festival Nuevas Bandas\" \/>\n<meta property=\"og:url\" content=\"https:\/\/www.oidossucios.com\/site\/fundacion-nuevas-bandas-anuncia-actividades-2015\/\" \/>\n<meta property=\"og:site_name\" content=\"OidosSucios.Com\" \/>\n<meta property=\"article:published_time\" content=\"2015-01-13T15:58:00+00:00\" \/>\n<meta property=\"article:modified_time\" content=\"2020-05-07T12:47:49+00:00\" \/>\n<meta property=\"og:image\" content=\"https:\/\/www.oidossucios.com\/site\/wp-content\/uploads\/2015\/01\/9114.jpg\" \/>\n\t<meta property=\"og:image:width\" content=\"350\" \/>\n\t<meta property=\"og:image:height\" content=\"300\" \/>\n<meta name=\"twitter:card\" content=\"summary_large_image\" \/>\n<meta name=\"twitter:creator\" content=\"@oidossucios\" \/>\n<script type=\"application\/ld+json\" class=\"yoast-schema-graph\">{\"@context\":\"https:\/\/schema.org\",\"@graph\":[{\"@type\":\"WebSite\",\"@id\":\"https:\/\/www.oidossucios.com\/site\/#website\",\"url\":\"https:\/\/www.oidossucios.com\/site\/\",\"name\":\"OidosSucios.Com\",\"description\":\"M\\u00fasica, conciertos, discos\",\"potentialAction\":[{\"@type\":\"SearchAction\",\"target\":\"https:\/\/www.oidossucios.com\/site\/?s={search_term_string}\",\"query-input\":\"required name=search_term_string\"}],\"inLanguage\":\"es\"},{\"@type\":\"ImageObject\",\"@id\":\"https:\/\/www.oidossucios.com\/site\/fundacion-nuevas-bandas-anuncia-actividades-2015\/#primaryimage\",\"inLanguage\":\"es\",\"url\":\"https:\/\/www.oidossucios.com\/site\/wp-content\/uploads\/2015\/01\/9114.jpg\",\"width\":350,\"height\":300},{\"@type\":\"WebPage\",\"@id\":\"https:\/\/www.oidossucios.com\/site\/fundacion-nuevas-bandas-anuncia-actividades-2015\/#webpage\",\"url\":\"https:\/\/www.oidossucios.com\/site\/fundacion-nuevas-bandas-anuncia-actividades-2015\/\",\"name\":\"Fundaci\\u00f3n Nuevas Bandas anuncia actividades 2015 - OidosSucios.Com\",\"isPartOf\":{\"@id\":\"https:\/\/www.oidossucios.com\/site\/#website\"},\"primaryImageOfPage\":{\"@id\":\"https:\/\/www.oidossucios.com\/site\/fundacion-nuevas-bandas-anuncia-actividades-2015\/#primaryimage\"},\"datePublished\":\"2015-01-13T15:58:00+00:00\",\"dateModified\":\"2020-05-07T12:47:49+00:00\",\"author\":{\"@id\":\"https:\/\/www.oidossucios.com\/site\/#\/schema\/person\/24559eeb76bf83a63296fb072393a688\"},\"description\":\"Reconocimiento a los 30 a\\u00f1os de trayectoria de Desorden P\\u00fablico y celebraci\\u00f3n de los 25 a\\u00f1os del Festival Nuevas Bandas\",\"inLanguage\":\"es\",\"potentialAction\":[{\"@type\":\"ReadAction\",\"target\":[\"https:\/\/www.oidossucios.com\/site\/fundacion-nuevas-bandas-anuncia-actividades-2015\/\"]}]},{\"@type\":[\"Person\"],\"@id\":\"https:\/\/www.oidossucios.com\/site\/#\/schema\/person\/24559eeb76bf83a63296fb072393a688\",\"name\":\"Oidossucios\",\"image\":{\"@type\":\"ImageObject\",\"@id\":\"https:\/\/www.oidossucios.com\/site\/#personlogo\",\"inLanguage\":\"es\",\"url\":\"https:\/\/secure.gravatar.com\/avatar\/74fcb480f42f1a33e50a0b6e6369a3f907be2e43dc84fa5f76c66e9c22b4a5ab?s=96&d=mm&r=g\",\"caption\":\"Oidossucios\"},\"sameAs\":[\"https:\/\/twitter.com\/oidossucios\"]}]}<\/script>\n<!-- \/ Yoast SEO plugin. -->","jetpack_sharing_enabled":true,"_links":{"self":[{"href":"https:\/\/www.oidossucios.com\/site\/wp-json\/wp\/v2\/posts\/9114","targetHints":{"allow":["GET"]}}],"collection":[{"href":"https:\/\/www.oidossucios.com\/site\/wp-json\/wp\/v2\/posts"}],"about":[{"href":"https:\/\/www.oidossucios.com\/site\/wp-json\/wp\/v2\/types\/post"}],"author":[{"embeddable":true,"href":"https:\/\/www.oidossucios.com\/site\/wp-json\/wp\/v2\/users\/4"}],"replies":[{"embeddable":true,"href":"https:\/\/www.oidossucios.com\/site\/wp-json\/wp\/v2\/comments?post=9114"}],"version-history":[{"count":1,"href":"https:\/\/www.oidossucios.com\/site\/wp-json\/wp\/v2\/posts\/9114\/revisions"}],"predecessor-version":[{"id":111116595,"href":"https:\/\/www.oidossucios.com\/site\/wp-json\/wp\/v2\/posts\/9114\/revisions\/111116595"}],"wp:featuredmedia":[{"embeddable":true,"href":"https:\/\/www.oidossucios.com\/site\/wp-json\/wp\/v2\/media\/100009114"}],"wp:attachment":[{"href":"https:\/\/www.oidossucios.com\/site\/wp-json\/wp\/v2\/media?parent=9114"}],"wp:term":[{"taxonomy":"category","embeddable":true,"href":"https:\/\/www.oidossucios.com\/site\/wp-json\/wp\/v2\/categories?post=9114"},{"taxonomy":"post_tag","embeddable":true,"href":"https:\/\/www.oidossucios.com\/site\/wp-json\/wp\/v2\/tags?post=9114"}],"curies":[{"name":"wp","href":"https:\/\/api.w.org\/{rel}","templated":true}]}}