{"id":9120,"date":"2015-01-16T03:34:00","date_gmt":"2015-01-16T03:34:00","guid":{"rendered":"https:\/\/www.oidossucios.com\/site\/2015\/01\/16\/sam-smith-ed-sheeran-damon-albarn-y-mas-nominados-a-los-brit-awards\/"},"modified":"2020-05-07T08:47:48","modified_gmt":"2020-05-07T12:47:48","slug":"sam-smith-ed-sheeran-damon-albarn-y-mas-nominados-a-los-brit-awards","status":"publish","type":"post","link":"https:\/\/www.oidossucios.com\/site\/sam-smith-ed-sheeran-damon-albarn-y-mas-nominados-a-los-brit-awards\/","title":{"rendered":"Sam Smith, Ed Sheeran, Damon Albarn y m\u00e1s, nominados a los Brit Awards"},"content":{"rendered":"<p style=\"text-align: justify;\">Hoy fueron anunciados los nominados para los Brit Awards de este a&ntilde;o, durante una ceremonia que se realiz&oacute; en Londres. La premiaci&oacute;n se llevar&aacute; a cabo el 25 de febrero tambi&eacute;n en la capital inglesa.<\/p>\n<p>En la categor&iacute;a de Mejor Grupo Brit&aacute;nico est&aacute;n nominados Coldplay, Alt-J, One Direction, Clean Bandit y Royal Blood. En Mejor Artista Brit&aacute;nico Masculino compiten Ed Sheeran, George Ezra, Sam Smith, Damon Albarn y Paolo Nutini.<\/p>\n<p>Las nominadas a Mejor Artista Brit&aacute;nica Femenina son Ella Henderson, FKA Twigs, Jessie Ware, Lili Allen y Paloma Faith. En la categor&iacute;a de Mejor Artista Femenina Internacional est&aacute; Sia, St. Vincent, Beyonc&eacute;, Lana del Rey y Taylor Swift.<\/p>\n<p>Por su parte, en la categor&iacute;a de Mejor Artista Internacional Masculino compiten, Hozier, Beck, Jack White, John Legend y Pharrell Williams. Y en Mejor Grupo Internacional est&aacute;n The Black Keys, Foo Fighters, 5 Seconds of Summer, First Aid Kit y The War on Drugs.<\/p>\n<p>Conoce la lista completa de nominados <a href=\"http:\/\/www.brits.co.uk\/\">aqu&iacute;<\/a>.<\/p>\n<p>Fuente: Somos &Iacute;dolos<\/p>\n","protected":false},"excerpt":{"rendered":"<p>La premiaci\u00f3n se llevar\u00e1 a cabo el 25 de febrero tambi\u00e9n en la capital inglesa.<\/p>\n","protected":false},"author":4,"featured_media":100009120,"comment_status":"open","ping_status":"open","sticky":false,"template":"","format":"standard","meta":{"_jetpack_memberships_contains_paid_content":false,"footnotes":""},"categories":[142],"tags":[],"class_list":["post-9120","post","type-post","status-publish","format-standard","has-post-thumbnail","hentry","category-buzznews"],"jetpack_featured_media_url":"https:\/\/www.oidossucios.com\/site\/wp-content\/uploads\/2015\/01\/9120.jpg","yoast_head":"<!-- This site is optimized with the Yoast SEO plugin v14.0.4 - https:\/\/yoast.com\/wordpress\/plugins\/seo\/ -->\n<title>Sam Smith, Ed Sheeran, Damon Albarn y m\u00e1s, nominados a los Brit Awards - OidosSucios.Com<\/title>\n<meta name=\"description\" content=\"La premiaci\u00f3n se llevar\u00e1 a cabo el 25 de febrero tambi\u00e9n en la capital inglesa.\" \/>\n<meta name=\"robots\" content=\"index, follow\" \/>\n<meta name=\"googlebot\" content=\"index, follow, max-snippet:-1, max-image-preview:large, max-video-preview:-1\" \/>\n<meta name=\"bingbot\" content=\"index, follow, max-snippet:-1, max-image-preview:large, max-video-preview:-1\" \/>\n<link rel=\"canonical\" href=\"https:\/\/www.oidossucios.com\/site\/sam-smith-ed-sheeran-damon-albarn-y-mas-nominados-a-los-brit-awards\/\" \/>\n<meta property=\"og:locale\" content=\"es_ES\" \/>\n<meta property=\"og:type\" content=\"article\" \/>\n<meta property=\"og:title\" content=\"Sam Smith, Ed Sheeran, Damon Albarn y m\u00e1s, nominados a los Brit Awards - OidosSucios.Com\" \/>\n<meta property=\"og:description\" content=\"La premiaci\u00f3n se llevar\u00e1 a cabo el 25 de febrero tambi\u00e9n en la capital inglesa.\" \/>\n<meta property=\"og:url\" content=\"https:\/\/www.oidossucios.com\/site\/sam-smith-ed-sheeran-damon-albarn-y-mas-nominados-a-los-brit-awards\/\" \/>\n<meta property=\"og:site_name\" content=\"OidosSucios.Com\" \/>\n<meta property=\"article:published_time\" content=\"2015-01-16T03:34:00+00:00\" \/>\n<meta property=\"article:modified_time\" content=\"2020-05-07T12:47:48+00:00\" \/>\n<meta property=\"og:image\" content=\"https:\/\/www.oidossucios.com\/site\/wp-content\/uploads\/2015\/01\/9120.jpg\" \/>\n\t<meta property=\"og:image:width\" content=\"350\" \/>\n\t<meta property=\"og:image:height\" content=\"300\" \/>\n<meta name=\"twitter:card\" content=\"summary_large_image\" \/>\n<meta name=\"twitter:creator\" content=\"@oidossucios\" \/>\n<script type=\"application\/ld+json\" class=\"yoast-schema-graph\">{\"@context\":\"https:\/\/schema.org\",\"@graph\":[{\"@type\":\"WebSite\",\"@id\":\"https:\/\/www.oidossucios.com\/site\/#website\",\"url\":\"https:\/\/www.oidossucios.com\/site\/\",\"name\":\"OidosSucios.Com\",\"description\":\"M\\u00fasica, conciertos, discos\",\"potentialAction\":[{\"@type\":\"SearchAction\",\"target\":\"https:\/\/www.oidossucios.com\/site\/?s={search_term_string}\",\"query-input\":\"required name=search_term_string\"}],\"inLanguage\":\"es\"},{\"@type\":\"ImageObject\",\"@id\":\"https:\/\/www.oidossucios.com\/site\/sam-smith-ed-sheeran-damon-albarn-y-mas-nominados-a-los-brit-awards\/#primaryimage\",\"inLanguage\":\"es\",\"url\":\"https:\/\/www.oidossucios.com\/site\/wp-content\/uploads\/2015\/01\/9120.jpg\",\"width\":350,\"height\":300},{\"@type\":\"WebPage\",\"@id\":\"https:\/\/www.oidossucios.com\/site\/sam-smith-ed-sheeran-damon-albarn-y-mas-nominados-a-los-brit-awards\/#webpage\",\"url\":\"https:\/\/www.oidossucios.com\/site\/sam-smith-ed-sheeran-damon-albarn-y-mas-nominados-a-los-brit-awards\/\",\"name\":\"Sam Smith, Ed Sheeran, Damon Albarn y m\\u00e1s, nominados a los Brit Awards - OidosSucios.Com\",\"isPartOf\":{\"@id\":\"https:\/\/www.oidossucios.com\/site\/#website\"},\"primaryImageOfPage\":{\"@id\":\"https:\/\/www.oidossucios.com\/site\/sam-smith-ed-sheeran-damon-albarn-y-mas-nominados-a-los-brit-awards\/#primaryimage\"},\"datePublished\":\"2015-01-16T03:34:00+00:00\",\"dateModified\":\"2020-05-07T12:47:48+00:00\",\"author\":{\"@id\":\"https:\/\/www.oidossucios.com\/site\/#\/schema\/person\/24559eeb76bf83a63296fb072393a688\"},\"description\":\"La premiaci\\u00f3n se llevar\\u00e1 a cabo el 25 de febrero tambi\\u00e9n en la capital inglesa.\",\"inLanguage\":\"es\",\"potentialAction\":[{\"@type\":\"ReadAction\",\"target\":[\"https:\/\/www.oidossucios.com\/site\/sam-smith-ed-sheeran-damon-albarn-y-mas-nominados-a-los-brit-awards\/\"]}]},{\"@type\":[\"Person\"],\"@id\":\"https:\/\/www.oidossucios.com\/site\/#\/schema\/person\/24559eeb76bf83a63296fb072393a688\",\"name\":\"Oidossucios\",\"image\":{\"@type\":\"ImageObject\",\"@id\":\"https:\/\/www.oidossucios.com\/site\/#personlogo\",\"inLanguage\":\"es\",\"url\":\"https:\/\/secure.gravatar.com\/avatar\/74fcb480f42f1a33e50a0b6e6369a3f907be2e43dc84fa5f76c66e9c22b4a5ab?s=96&d=mm&r=g\",\"caption\":\"Oidossucios\"},\"sameAs\":[\"https:\/\/twitter.com\/oidossucios\"]}]}<\/script>\n<!-- \/ Yoast SEO plugin. -->","jetpack_sharing_enabled":true,"_links":{"self":[{"href":"https:\/\/www.oidossucios.com\/site\/wp-json\/wp\/v2\/posts\/9120","targetHints":{"allow":["GET"]}}],"collection":[{"href":"https:\/\/www.oidossucios.com\/site\/wp-json\/wp\/v2\/posts"}],"about":[{"href":"https:\/\/www.oidossucios.com\/site\/wp-json\/wp\/v2\/types\/post"}],"author":[{"embeddable":true,"href":"https:\/\/www.oidossucios.com\/site\/wp-json\/wp\/v2\/users\/4"}],"replies":[{"embeddable":true,"href":"https:\/\/www.oidossucios.com\/site\/wp-json\/wp\/v2\/comments?post=9120"}],"version-history":[{"count":1,"href":"https:\/\/www.oidossucios.com\/site\/wp-json\/wp\/v2\/posts\/9120\/revisions"}],"predecessor-version":[{"id":111116588,"href":"https:\/\/www.oidossucios.com\/site\/wp-json\/wp\/v2\/posts\/9120\/revisions\/111116588"}],"wp:featuredmedia":[{"embeddable":true,"href":"https:\/\/www.oidossucios.com\/site\/wp-json\/wp\/v2\/media\/100009120"}],"wp:attachment":[{"href":"https:\/\/www.oidossucios.com\/site\/wp-json\/wp\/v2\/media?parent=9120"}],"wp:term":[{"taxonomy":"category","embeddable":true,"href":"https:\/\/www.oidossucios.com\/site\/wp-json\/wp\/v2\/categories?post=9120"},{"taxonomy":"post_tag","embeddable":true,"href":"https:\/\/www.oidossucios.com\/site\/wp-json\/wp\/v2\/tags?post=9120"}],"curies":[{"name":"wp","href":"https:\/\/api.w.org\/{rel}","templated":true}]}}