{"id":9134,"date":"2015-01-23T01:36:00","date_gmt":"2015-01-23T01:36:00","guid":{"rendered":"https:\/\/www.oidossucios.com\/site\/2015\/01\/23\/la-fundacion-nuevas-bandas-inicia-sus-cursos-de-capacitacion-de-2015\/"},"modified":"2020-05-07T08:47:47","modified_gmt":"2020-05-07T12:47:47","slug":"la-fundacion-nuevas-bandas-inicia-sus-cursos-de-capacitacion-de-2015","status":"publish","type":"post","link":"https:\/\/www.oidossucios.com\/site\/la-fundacion-nuevas-bandas-inicia-sus-cursos-de-capacitacion-de-2015\/","title":{"rendered":"La Fundaci\u00f3n Nuevas Bandas inicia sus cursos de capacitaci\u00f3n de 2015"},"content":{"rendered":"<p style=\"text-align: justify;\">La Fundaci&oacute;n Nuevas Bandas a trav&eacute;s de sus programas de formaci&oacute;n anual inicia sus actividades did&aacute;cticas en el &aacute;mbito musical, es por ello que anuncia las&nbsp; inscripciones para El Taller de Producci&oacute;n de Espect&aacute;culos Musicales que se llevar&aacute; a cabo los d&iacute;as&nbsp; 02, 03, 04 y 05 de Marzo en los espacios del Impact Hub de Bello Campo.<\/p>\n<p>&iquest;Qu&eacute; no sabes por d&oacute;nde empezar para armar tu concierto, evento, show, festival? &iquest;Te parece que los permisos, impuestos, patrocinantes, promoci&oacute;n, direcci&oacute;n t&eacute;cnica, montaje, equipos y dem&aacute;s es un desaf&iacute;o imposible de solucionar? No hay que estresarse mucho&hellip; todo esto se abordar&aacute; en este taller que ya lleva m&aacute;s de 15 a&ntilde;os dict&aacute;ndose.<\/p>\n<p>Con este taller se intenta dotar al participante de la informaci&oacute;n global requerida para la producci&oacute;n de un espect&aacute;culo musical, logrando adem&aacute;s, un acercamiento al dise&ntilde;o de proyectos de producci&oacute;n de espect&aacute;culos, as&iacute; mismo servir de mecanismo para el traslado de la informaci&oacute;n y experiencia acumulada por la Fundaci&oacute;n Nuevas Bandas, en el campo de la producci&oacute;n de eventos.<\/p>\n<p><strong>OBJETIVO GENERAL<\/strong><\/p>\n<p>1)&nbsp; Dotar al participante de la informaci&oacute;n global requerida para la producci&oacute;n de un espect&aacute;culo musical, logrando, adem&aacute;s, un acercamiento al dise&ntilde;o de proyectos de producci&oacute;n de espect&aacute;culos.<\/p>\n<p>2)&nbsp; Servir de mecanismo para el traslado de la informaci&oacute;n y experiencia acumulada por la Fundaci&oacute;n Nuevas Bandas, en el campo de la producci&oacute;n de eventos.<\/p>\n<p><strong>CONTENIDO<\/strong><\/p>\n<p>1) Proceso y elementos que componen una producci&oacute;n.<\/p>\n<p>2) Dise&ntilde;o de anteproyecto de producci&oacute;n.<\/p>\n<p>3) Permisolog&iacute;a. Previsi&oacute;n, seguridad y empresas aseguradoras.<\/p>\n<p>4) Financiamiento.&nbsp; Patrocinio y apoyo institucional.<\/p>\n<p>5) La escena. Direcci&oacute;n t&eacute;cnica, manejo de informaci&oacute;n sobre sonido, rider t&eacute;cnico, iluminaci&oacute;n, montaje, condiciones sobre la tarima.<\/p>\n<p>6) Promoci&oacute;n, publicidad y medios de comunicaci&oacute;n.<\/p>\n<p><strong>TALLER &ldquo;PRODUCCION DE ESPECT&Aacute;CULOS MUSICALES&rdquo; 2015<\/strong><\/p>\n<p><strong>FECHA<\/strong>: Lunes 02, Martes 03, Mi&eacute;rcoles 04 y Jueves 05 de marzo<\/p>\n<p><strong>HORARIO<\/strong>: 5:00 pm a 8.00 pm.<\/p>\n<p>LUGAR: Impact Hub Final Avenida Libertador, Torre Xerox, Piso 3, Urbanizaci&oacute;n Bello Campo.<\/p>\n<p>COSTO: 3.500,oo BsF&nbsp;&nbsp;&nbsp;&nbsp;&nbsp;&nbsp;&nbsp;&nbsp; &nbsp;<\/p>\n<p>FACILITADORES:<\/p>\n<p>&#8211; F&eacute;lix Allueva. Presidente de la Fundaci&oacute;n Nuevas Bandas<\/p>\n<p>&#8211; Docentes AudioPlace Academia<\/p>\n<p>&#8211; William Padr&oacute;n. Coordinador de medios de la FNB<\/p>\n<p>&#8211; Invitados especiales<\/p>\n<p>INSCRIPCI&Oacute;N:<\/p>\n<p>Contactar Fundaci&oacute;n Nuevas Bandas:<\/p>\n<p>Corre: nuevasbandasf@gmail.com<\/p>\n<p>Fuente: Nota de Prensa<\/p>\n","protected":false},"excerpt":{"rendered":"<p>Con este taller se intenta dotar al participante de la informaci\u00f3n global requerida para la producci\u00f3n de un espect\u00e1culo musical.<\/p>\n","protected":false},"author":4,"featured_media":100009134,"comment_status":"open","ping_status":"open","sticky":false,"template":"","format":"standard","meta":{"_jetpack_memberships_contains_paid_content":false,"footnotes":""},"categories":[250],"tags":[],"class_list":["post-9134","post","type-post","status-publish","format-standard","has-post-thumbnail","hentry","category-noticias"],"jetpack_featured_media_url":"https:\/\/www.oidossucios.com\/site\/wp-content\/uploads\/2015\/01\/9134.jpg","yoast_head":"<!-- This site is optimized with the Yoast SEO plugin v14.0.4 - https:\/\/yoast.com\/wordpress\/plugins\/seo\/ -->\n<title>La Fundaci\u00f3n Nuevas Bandas inicia sus cursos de capacitaci\u00f3n de 2015 - OidosSucios.Com<\/title>\n<meta name=\"description\" content=\"Con este taller se intenta dotar al participante de la informaci\u00f3n global requerida para la producci\u00f3n de un espect\u00e1culo musical.\" \/>\n<meta name=\"robots\" content=\"index, follow\" \/>\n<meta name=\"googlebot\" content=\"index, follow, max-snippet:-1, max-image-preview:large, max-video-preview:-1\" \/>\n<meta name=\"bingbot\" content=\"index, follow, max-snippet:-1, max-image-preview:large, max-video-preview:-1\" \/>\n<link rel=\"canonical\" href=\"https:\/\/www.oidossucios.com\/site\/la-fundacion-nuevas-bandas-inicia-sus-cursos-de-capacitacion-de-2015\/\" \/>\n<meta property=\"og:locale\" content=\"es_ES\" \/>\n<meta property=\"og:type\" content=\"article\" \/>\n<meta property=\"og:title\" content=\"La Fundaci\u00f3n Nuevas Bandas inicia sus cursos de capacitaci\u00f3n de 2015 - OidosSucios.Com\" \/>\n<meta property=\"og:description\" content=\"Con este taller se intenta dotar al participante de la informaci\u00f3n global requerida para la producci\u00f3n de un espect\u00e1culo musical.\" \/>\n<meta property=\"og:url\" content=\"https:\/\/www.oidossucios.com\/site\/la-fundacion-nuevas-bandas-inicia-sus-cursos-de-capacitacion-de-2015\/\" \/>\n<meta property=\"og:site_name\" content=\"OidosSucios.Com\" \/>\n<meta property=\"article:published_time\" content=\"2015-01-23T01:36:00+00:00\" \/>\n<meta property=\"article:modified_time\" content=\"2020-05-07T12:47:47+00:00\" \/>\n<meta property=\"og:image\" content=\"https:\/\/www.oidossucios.com\/site\/wp-content\/uploads\/2015\/01\/9134.jpg\" \/>\n\t<meta property=\"og:image:width\" content=\"350\" \/>\n\t<meta property=\"og:image:height\" content=\"300\" \/>\n<meta name=\"twitter:card\" content=\"summary_large_image\" \/>\n<meta name=\"twitter:creator\" content=\"@oidossucios\" \/>\n<script type=\"application\/ld+json\" class=\"yoast-schema-graph\">{\"@context\":\"https:\/\/schema.org\",\"@graph\":[{\"@type\":\"WebSite\",\"@id\":\"https:\/\/www.oidossucios.com\/site\/#website\",\"url\":\"https:\/\/www.oidossucios.com\/site\/\",\"name\":\"OidosSucios.Com\",\"description\":\"M\\u00fasica, conciertos, discos\",\"potentialAction\":[{\"@type\":\"SearchAction\",\"target\":\"https:\/\/www.oidossucios.com\/site\/?s={search_term_string}\",\"query-input\":\"required name=search_term_string\"}],\"inLanguage\":\"es\"},{\"@type\":\"ImageObject\",\"@id\":\"https:\/\/www.oidossucios.com\/site\/la-fundacion-nuevas-bandas-inicia-sus-cursos-de-capacitacion-de-2015\/#primaryimage\",\"inLanguage\":\"es\",\"url\":\"https:\/\/www.oidossucios.com\/site\/wp-content\/uploads\/2015\/01\/9134.jpg\",\"width\":350,\"height\":300},{\"@type\":\"WebPage\",\"@id\":\"https:\/\/www.oidossucios.com\/site\/la-fundacion-nuevas-bandas-inicia-sus-cursos-de-capacitacion-de-2015\/#webpage\",\"url\":\"https:\/\/www.oidossucios.com\/site\/la-fundacion-nuevas-bandas-inicia-sus-cursos-de-capacitacion-de-2015\/\",\"name\":\"La Fundaci\\u00f3n Nuevas Bandas inicia sus cursos de capacitaci\\u00f3n de 2015 - OidosSucios.Com\",\"isPartOf\":{\"@id\":\"https:\/\/www.oidossucios.com\/site\/#website\"},\"primaryImageOfPage\":{\"@id\":\"https:\/\/www.oidossucios.com\/site\/la-fundacion-nuevas-bandas-inicia-sus-cursos-de-capacitacion-de-2015\/#primaryimage\"},\"datePublished\":\"2015-01-23T01:36:00+00:00\",\"dateModified\":\"2020-05-07T12:47:47+00:00\",\"author\":{\"@id\":\"https:\/\/www.oidossucios.com\/site\/#\/schema\/person\/24559eeb76bf83a63296fb072393a688\"},\"description\":\"Con este taller se intenta dotar al participante de la informaci\\u00f3n global requerida para la producci\\u00f3n de un espect\\u00e1culo musical.\",\"inLanguage\":\"es\",\"potentialAction\":[{\"@type\":\"ReadAction\",\"target\":[\"https:\/\/www.oidossucios.com\/site\/la-fundacion-nuevas-bandas-inicia-sus-cursos-de-capacitacion-de-2015\/\"]}]},{\"@type\":[\"Person\"],\"@id\":\"https:\/\/www.oidossucios.com\/site\/#\/schema\/person\/24559eeb76bf83a63296fb072393a688\",\"name\":\"Oidossucios\",\"image\":{\"@type\":\"ImageObject\",\"@id\":\"https:\/\/www.oidossucios.com\/site\/#personlogo\",\"inLanguage\":\"es\",\"url\":\"https:\/\/secure.gravatar.com\/avatar\/74fcb480f42f1a33e50a0b6e6369a3f907be2e43dc84fa5f76c66e9c22b4a5ab?s=96&d=mm&r=g\",\"caption\":\"Oidossucios\"},\"sameAs\":[\"https:\/\/twitter.com\/oidossucios\"]}]}<\/script>\n<!-- \/ Yoast SEO plugin. -->","jetpack_sharing_enabled":true,"_links":{"self":[{"href":"https:\/\/www.oidossucios.com\/site\/wp-json\/wp\/v2\/posts\/9134","targetHints":{"allow":["GET"]}}],"collection":[{"href":"https:\/\/www.oidossucios.com\/site\/wp-json\/wp\/v2\/posts"}],"about":[{"href":"https:\/\/www.oidossucios.com\/site\/wp-json\/wp\/v2\/types\/post"}],"author":[{"embeddable":true,"href":"https:\/\/www.oidossucios.com\/site\/wp-json\/wp\/v2\/users\/4"}],"replies":[{"embeddable":true,"href":"https:\/\/www.oidossucios.com\/site\/wp-json\/wp\/v2\/comments?post=9134"}],"version-history":[{"count":1,"href":"https:\/\/www.oidossucios.com\/site\/wp-json\/wp\/v2\/posts\/9134\/revisions"}],"predecessor-version":[{"id":111116575,"href":"https:\/\/www.oidossucios.com\/site\/wp-json\/wp\/v2\/posts\/9134\/revisions\/111116575"}],"wp:featuredmedia":[{"embeddable":true,"href":"https:\/\/www.oidossucios.com\/site\/wp-json\/wp\/v2\/media\/100009134"}],"wp:attachment":[{"href":"https:\/\/www.oidossucios.com\/site\/wp-json\/wp\/v2\/media?parent=9134"}],"wp:term":[{"taxonomy":"category","embeddable":true,"href":"https:\/\/www.oidossucios.com\/site\/wp-json\/wp\/v2\/categories?post=9134"},{"taxonomy":"post_tag","embeddable":true,"href":"https:\/\/www.oidossucios.com\/site\/wp-json\/wp\/v2\/tags?post=9134"}],"curies":[{"name":"wp","href":"https:\/\/api.w.org\/{rel}","templated":true}]}}