{"id":9142,"date":"2015-01-27T01:27:00","date_gmt":"2015-01-27T01:27:00","guid":{"rendered":"https:\/\/www.oidossucios.com\/site\/2015\/01\/27\/iran-debuta-como-solista-con-maiquetia\/"},"modified":"2020-05-07T08:47:46","modified_gmt":"2020-05-07T12:47:46","slug":"iran-debuta-como-solista-con-maiquetia","status":"publish","type":"post","link":"https:\/\/www.oidossucios.com\/site\/iran-debuta-como-solista-con-maiquetia\/","title":{"rendered":"Ir\u00e1n debuta como solista con Maiquet\u00eda"},"content":{"rendered":"<p style=\"text-align: justify;\">Luis Ir&aacute;n voz, guitarrista y compositor de Los Paranoias anuncia el lanzamiento de su nuevo proyecto como solista llamado sencillamente, Ir&aacute;n. &ldquo;Maiquet&iacute;a&rdquo;, su primer sencillo promocional, se encuentra disponible para su descarga gratuita en el websie oficial de su sello maccarecords.com<\/p>\n<p>Junto a Los Paranoias, Luis Ir&aacute;n&nbsp; form&oacute; parte de la generaci&oacute;n de bandas venezolanas con mayor renombre en nuestro pa&iacute;s: lograron una importante presencia en el canal de videos MTV y alcanzaron en tres oportunidades el primer lugar de la Cartelera Pop Rock del Record Report de Venezuela. Adem&aacute;s, compartieron tarima con artistas internacionales de la talla de REM, Travis, Jethro Tull, y Alan Parsons, entre otros; y realizaron importantes giras a nivel&nbsp; nacional a lo largo de sus 10 a&ntilde;os juntos.<\/p>\n<p>En el mes de Enero de 2015 Luis Ir&aacute;n, anuncia por redes sociales el lanzamiento de Maiquet&iacute;a, primer sencillo que formar&aacute; parte de su &aacute;lbum debut [como solista] cuya fecha de lanzamiento ser&aacute; anunciada, junto a una gira por distintas ciudades de Venezuela en los pr&oacute;ximos meses.<\/p>\n<p>Maiquet&iacute;a en palabras del propio Luis es: &ldquo;&hellip; un lamento hacia la profunda emigraci&oacute;n que est&aacute; viviendo Venezuela y que poco a poco va colocando distancia entre seres queridos, familia y amigos&#8230;&rdquo;. El tema fue producido por Luis Ir&aacute;n y Ricardo Mart&iacute;nez [Wahala, Famasloop] quien tambi&eacute;n se encarg&oacute; de la grabaci&oacute;n y la mezcla en Remoto Estudio. Los m&uacute;sicos que participaron en este trabajo fueron Oscar P&eacute;rez en la bater&iacute;a y el mismo Ricardo Mart&iacute;nez en el bajo. Las guitarras, los coros y la voz l&iacute;der corrieron por parte de Luis Ir&aacute;n.<\/p>\n<p>Si quieres ver en VIVO la nueva propuesta musical, Ir&aacute;n, visita La Quinta Bar [Caracas] este s&aacute;bado 7 de Febrero y disfruta de las letras y melod&iacute;as de Luis Ir&aacute;n quien se estar&aacute; presentando junto a Ku&aacute;masi. Ambos brindar&aacute;n la noche perfecta para celebrar por la m&uacute;sica.<\/p>\n<p>&iexcl;Recuerda!<\/p>\n<p>Maiquet&iacute;a est&aacute; DISPONIBLE para su DESGARGA por maccarecords.com<\/p>\n<p>Para mayor informaci&oacute;n visita:<\/p>\n<p>@luisiran en Twitter, Instagram, Snapchat y Soundcloud | Facebook: LuisIran.<\/p>\n<p>Fuente: Nota de Prensa<\/p>\n","protected":false},"excerpt":{"rendered":"<p>En el mes de Enero de 2015 Luis Ir\u00e1n, anuncia por redes sociales el lanzamiento de Maiquet\u00eda, primer sencillo que formar\u00e1 parte de su \u00e1lbum debut.<\/p>\n","protected":false},"author":4,"featured_media":100009142,"comment_status":"open","ping_status":"open","sticky":false,"template":"","format":"standard","meta":{"_jetpack_memberships_contains_paid_content":false,"footnotes":""},"categories":[142],"tags":[],"class_list":["post-9142","post","type-post","status-publish","format-standard","has-post-thumbnail","hentry","category-buzznews"],"jetpack_featured_media_url":"https:\/\/www.oidossucios.com\/site\/wp-content\/uploads\/2015\/01\/9142.jpg","yoast_head":"<!-- This site is optimized with the Yoast SEO plugin v14.0.4 - https:\/\/yoast.com\/wordpress\/plugins\/seo\/ -->\n<title>Ir\u00e1n debuta como solista con Maiquet\u00eda - OidosSucios.Com<\/title>\n<meta name=\"description\" content=\"En el mes de Enero de 2015 Luis Ir\u00e1n, anuncia por redes sociales el lanzamiento de Maiquet\u00eda, primer sencillo que formar\u00e1 parte de su \u00e1lbum debut.\" \/>\n<meta name=\"robots\" content=\"index, follow\" \/>\n<meta name=\"googlebot\" content=\"index, follow, max-snippet:-1, max-image-preview:large, max-video-preview:-1\" \/>\n<meta name=\"bingbot\" content=\"index, follow, max-snippet:-1, max-image-preview:large, max-video-preview:-1\" \/>\n<link rel=\"canonical\" href=\"https:\/\/www.oidossucios.com\/site\/iran-debuta-como-solista-con-maiquetia\/\" \/>\n<meta property=\"og:locale\" content=\"es_ES\" \/>\n<meta property=\"og:type\" content=\"article\" \/>\n<meta property=\"og:title\" content=\"Ir\u00e1n debuta como solista con Maiquet\u00eda - OidosSucios.Com\" \/>\n<meta property=\"og:description\" content=\"En el mes de Enero de 2015 Luis Ir\u00e1n, anuncia por redes sociales el lanzamiento de Maiquet\u00eda, primer sencillo que formar\u00e1 parte de su \u00e1lbum debut.\" \/>\n<meta property=\"og:url\" content=\"https:\/\/www.oidossucios.com\/site\/iran-debuta-como-solista-con-maiquetia\/\" \/>\n<meta property=\"og:site_name\" content=\"OidosSucios.Com\" \/>\n<meta property=\"article:published_time\" content=\"2015-01-27T01:27:00+00:00\" \/>\n<meta property=\"article:modified_time\" content=\"2020-05-07T12:47:46+00:00\" \/>\n<meta property=\"og:image\" content=\"https:\/\/www.oidossucios.com\/site\/wp-content\/uploads\/2015\/01\/9142.jpg\" \/>\n\t<meta property=\"og:image:width\" content=\"350\" \/>\n\t<meta property=\"og:image:height\" content=\"300\" \/>\n<meta name=\"twitter:card\" content=\"summary_large_image\" \/>\n<meta name=\"twitter:creator\" content=\"@oidossucios\" \/>\n<script type=\"application\/ld+json\" class=\"yoast-schema-graph\">{\"@context\":\"https:\/\/schema.org\",\"@graph\":[{\"@type\":\"WebSite\",\"@id\":\"https:\/\/www.oidossucios.com\/site\/#website\",\"url\":\"https:\/\/www.oidossucios.com\/site\/\",\"name\":\"OidosSucios.Com\",\"description\":\"M\\u00fasica, conciertos, discos\",\"potentialAction\":[{\"@type\":\"SearchAction\",\"target\":\"https:\/\/www.oidossucios.com\/site\/?s={search_term_string}\",\"query-input\":\"required name=search_term_string\"}],\"inLanguage\":\"es\"},{\"@type\":\"ImageObject\",\"@id\":\"https:\/\/www.oidossucios.com\/site\/iran-debuta-como-solista-con-maiquetia\/#primaryimage\",\"inLanguage\":\"es\",\"url\":\"https:\/\/www.oidossucios.com\/site\/wp-content\/uploads\/2015\/01\/9142.jpg\",\"width\":350,\"height\":300},{\"@type\":\"WebPage\",\"@id\":\"https:\/\/www.oidossucios.com\/site\/iran-debuta-como-solista-con-maiquetia\/#webpage\",\"url\":\"https:\/\/www.oidossucios.com\/site\/iran-debuta-como-solista-con-maiquetia\/\",\"name\":\"Ir\\u00e1n debuta como solista con Maiquet\\u00eda - OidosSucios.Com\",\"isPartOf\":{\"@id\":\"https:\/\/www.oidossucios.com\/site\/#website\"},\"primaryImageOfPage\":{\"@id\":\"https:\/\/www.oidossucios.com\/site\/iran-debuta-como-solista-con-maiquetia\/#primaryimage\"},\"datePublished\":\"2015-01-27T01:27:00+00:00\",\"dateModified\":\"2020-05-07T12:47:46+00:00\",\"author\":{\"@id\":\"https:\/\/www.oidossucios.com\/site\/#\/schema\/person\/24559eeb76bf83a63296fb072393a688\"},\"description\":\"En el mes de Enero de 2015 Luis Ir\\u00e1n, anuncia por redes sociales el lanzamiento de Maiquet\\u00eda, primer sencillo que formar\\u00e1 parte de su \\u00e1lbum debut.\",\"inLanguage\":\"es\",\"potentialAction\":[{\"@type\":\"ReadAction\",\"target\":[\"https:\/\/www.oidossucios.com\/site\/iran-debuta-como-solista-con-maiquetia\/\"]}]},{\"@type\":[\"Person\"],\"@id\":\"https:\/\/www.oidossucios.com\/site\/#\/schema\/person\/24559eeb76bf83a63296fb072393a688\",\"name\":\"Oidossucios\",\"image\":{\"@type\":\"ImageObject\",\"@id\":\"https:\/\/www.oidossucios.com\/site\/#personlogo\",\"inLanguage\":\"es\",\"url\":\"https:\/\/secure.gravatar.com\/avatar\/74fcb480f42f1a33e50a0b6e6369a3f907be2e43dc84fa5f76c66e9c22b4a5ab?s=96&d=mm&r=g\",\"caption\":\"Oidossucios\"},\"sameAs\":[\"https:\/\/twitter.com\/oidossucios\"]}]}<\/script>\n<!-- \/ Yoast SEO plugin. -->","jetpack_sharing_enabled":true,"_links":{"self":[{"href":"https:\/\/www.oidossucios.com\/site\/wp-json\/wp\/v2\/posts\/9142","targetHints":{"allow":["GET"]}}],"collection":[{"href":"https:\/\/www.oidossucios.com\/site\/wp-json\/wp\/v2\/posts"}],"about":[{"href":"https:\/\/www.oidossucios.com\/site\/wp-json\/wp\/v2\/types\/post"}],"author":[{"embeddable":true,"href":"https:\/\/www.oidossucios.com\/site\/wp-json\/wp\/v2\/users\/4"}],"replies":[{"embeddable":true,"href":"https:\/\/www.oidossucios.com\/site\/wp-json\/wp\/v2\/comments?post=9142"}],"version-history":[{"count":1,"href":"https:\/\/www.oidossucios.com\/site\/wp-json\/wp\/v2\/posts\/9142\/revisions"}],"predecessor-version":[{"id":111116566,"href":"https:\/\/www.oidossucios.com\/site\/wp-json\/wp\/v2\/posts\/9142\/revisions\/111116566"}],"wp:featuredmedia":[{"embeddable":true,"href":"https:\/\/www.oidossucios.com\/site\/wp-json\/wp\/v2\/media\/100009142"}],"wp:attachment":[{"href":"https:\/\/www.oidossucios.com\/site\/wp-json\/wp\/v2\/media?parent=9142"}],"wp:term":[{"taxonomy":"category","embeddable":true,"href":"https:\/\/www.oidossucios.com\/site\/wp-json\/wp\/v2\/categories?post=9142"},{"taxonomy":"post_tag","embeddable":true,"href":"https:\/\/www.oidossucios.com\/site\/wp-json\/wp\/v2\/tags?post=9142"}],"curies":[{"name":"wp","href":"https:\/\/api.w.org\/{rel}","templated":true}]}}