{"id":9170,"date":"2015-02-12T23:30:00","date_gmt":"2015-02-12T23:30:00","guid":{"rendered":"https:\/\/www.oidossucios.com\/site\/2015\/02\/12\/dave-grohl-embajador-del-record-store-day-2015\/"},"modified":"2020-05-07T08:47:44","modified_gmt":"2020-05-07T12:47:44","slug":"dave-grohl-embajador-del-record-store-day-2015","status":"publish","type":"post","link":"https:\/\/www.oidossucios.com\/site\/dave-grohl-embajador-del-record-store-day-2015\/","title":{"rendered":"Dave Grohl, embajador del Record Store Day 2015"},"content":{"rendered":"<p style=\"text-align: justify;\">Conociendo a Dave Grohl, uno lo podr&iacute;a ver de portavoz\/representante de casi cualquier cosa. Vamos que lo pones a vender crecepelo y se lo compras. As&iacute; que el que haya sido elegido Embajador del Record Store Day 2015 no nos sorprende lo m&aacute;s m&iacute;nimo. Otra cosa es que sea un cargo que uno tenga idea de para qu&eacute; sirve. Bueno, si: promocionar el acontecimiento algo que, con el frontman de Foo Fighters al frente, es objetivo cumplido.<\/p>\n<p>Desde 2007 se viene celebrando esta iniciativa que tiene como objetivo reconocer el papel de las tiendas de discos en la promoci&oacute;n y exposici&oacute;n de la m&uacute;sica desde hace tantos a&ntilde;os. Cada a&ntilde;o m&aacute;s bandas se suman publicando ediciones limitadas o temas nuevos con los que atraer al comprador a las tiendas.<\/p>\n<p>Escribe Grohl: <\/p>\n<p>&#8220;Encontr&eacute; mi llamada en una cesta de una oscura, polvorienta tienda de discos.<\/p>\n<p>Blockbuster 20 Original Hits by the Original Stars de K-Tel de 1975 con Alice Cooper, War, Kool and the Gang, Average White Band y muchos m&aacute;s, comprado en una peque&ntilde;a tienda de discos en mi vecindario provinciano de Virginia, fue el disco que cambi&oacute; mi vida y me hizo querer convertirme en m&uacute;sico. Solo o&iacute;r &ldquo;Frankenstein&rdquo; de Edgar Winter, qued&eacute; enganchado. Mi vida cambi&oacute; para siempre. Fue el primer d&iacute;a del resto de mi vida.<\/p>\n<p>Crecer en Springfield, Virginia, en los 70 y 80, mis tiendas de discos independientes locales eran mis sitios m&aacute;gicos y misteriosos en los que pasaba todo mi tiempo libre (y gastaba todo mi dinero), hallando lo que acabar&iacute;a por convertirse en la banda sonora de mi vida. Cada fin de semana me mor&iacute;a de ganas de coger lo que me hab&iacute;a ganado cortando el c&eacute;sped para ir a una tarde llena de descubrimientos. &iexcl;Y la pesca siempre daba buenas piezas! Me pasaba horas mirando todos los archivadores, examinando el artwork de cada portada, los t&iacute;tulos y cr&eacute;ditos, buscando m&uacute;sica que me inspirara o me entendiera o simplemente me ayudara a escapar. Esos sitios se convirtieron en mis iglesias, mis bibliotecas, mis escuelas. Me hac&iacute;an sentir como en casa. Y no s&eacute; donde estar&iacute;a hoy de no haberlos tenido.<\/p>\n<p>Recientemente, he tenido la fortuna de redescubrir este sentimiento de emoci&oacute;n, esa m&aacute;gica sensaci&oacute;n de encontrar algo por uno mismo, al ver hacerlo a mis hijas. Dejadme que os diga: nada me enorgullece m&aacute;s que ver a mis hijas poner ese primer LP de Roky Erickson que una de ellas escogi&oacute; por su cuenta en uno de nuestros viajes de fin de semana a la tienda de discos. O ver el respeto que tienen cuando manejan su vinilo de los Beatles. Con el cuidado con el que guardan los &aacute;lbumes en su funda, asegur&aacute;ndose que se guardan en su correcto orden. Ver como se dan cuenta de lo importante y crucial que es cada parte de esta experiencia, sirve para que reviva la magia de mis experiencias iniciales con los singles y &aacute;lbumes en vinilo, su artwork, mensajes, etc. una y otra vez.<\/p>\n<p>&nbsp;&nbsp;&nbsp; Creo que el poder de la tienda de discos para inspirar sigue vivo y bien, y que su importancia para nuestra pr&oacute;xima generaci&oacute;n de m&uacute;sicos es crucial. Coged una tarde (y algo de dinero duramente ganado cortando c&eacute;spedes) y por favor, apoyadlas.<\/p>\n<p>&nbsp;&nbsp;&nbsp; Uno nunca sabe, quiz&aacute; tambi&eacute;n cambie vuesta vida para siempre.<\/p>\n<p>&nbsp;&nbsp;&nbsp; Dave&#8221;<\/p>\n<p style=\"text-align: justify;\">&nbsp;<\/p>\n<p style=\"text-align: justify;\">Fuente: Portal Alternativo<\/p>\n","protected":false},"excerpt":{"rendered":"<p>Desde 2007 se viene celebrando esta iniciativa que tiene como objetivo reconocer el papel de las tiendas de discos en la promoci\u00f3n y exposici\u00f3n de la m\u00fasica<\/p>\n","protected":false},"author":4,"featured_media":100009170,"comment_status":"open","ping_status":"open","sticky":false,"template":"","format":"standard","meta":{"_jetpack_memberships_contains_paid_content":false,"footnotes":""},"categories":[142],"tags":[],"class_list":["post-9170","post","type-post","status-publish","format-standard","has-post-thumbnail","hentry","category-buzznews"],"jetpack_featured_media_url":"https:\/\/www.oidossucios.com\/site\/wp-content\/uploads\/2015\/02\/9170.jpg","yoast_head":"<!-- This site is optimized with the Yoast SEO plugin v14.0.4 - https:\/\/yoast.com\/wordpress\/plugins\/seo\/ -->\n<title>Dave Grohl, embajador del Record Store Day 2015 - OidosSucios.Com<\/title>\n<meta name=\"description\" content=\"Desde 2007 se viene celebrando esta iniciativa que tiene como objetivo reconocer el papel de las tiendas de discos en la promoci\u00f3n y exposici\u00f3n de la m\u00fasica\" \/>\n<meta name=\"robots\" content=\"index, follow\" \/>\n<meta name=\"googlebot\" content=\"index, follow, max-snippet:-1, max-image-preview:large, max-video-preview:-1\" \/>\n<meta name=\"bingbot\" content=\"index, follow, max-snippet:-1, max-image-preview:large, max-video-preview:-1\" \/>\n<link rel=\"canonical\" href=\"https:\/\/www.oidossucios.com\/site\/dave-grohl-embajador-del-record-store-day-2015\/\" \/>\n<meta property=\"og:locale\" content=\"es_ES\" \/>\n<meta property=\"og:type\" content=\"article\" \/>\n<meta property=\"og:title\" content=\"Dave Grohl, embajador del Record Store Day 2015 - OidosSucios.Com\" \/>\n<meta property=\"og:description\" content=\"Desde 2007 se viene celebrando esta iniciativa que tiene como objetivo reconocer el papel de las tiendas de discos en la promoci\u00f3n y exposici\u00f3n de la m\u00fasica\" \/>\n<meta property=\"og:url\" content=\"https:\/\/www.oidossucios.com\/site\/dave-grohl-embajador-del-record-store-day-2015\/\" \/>\n<meta property=\"og:site_name\" content=\"OidosSucios.Com\" \/>\n<meta property=\"article:published_time\" content=\"2015-02-12T23:30:00+00:00\" \/>\n<meta property=\"article:modified_time\" content=\"2020-05-07T12:47:44+00:00\" \/>\n<meta property=\"og:image\" content=\"https:\/\/www.oidossucios.com\/site\/wp-content\/uploads\/2015\/02\/9170.jpg\" \/>\n\t<meta property=\"og:image:width\" content=\"350\" \/>\n\t<meta property=\"og:image:height\" content=\"300\" \/>\n<meta name=\"twitter:card\" content=\"summary_large_image\" \/>\n<meta name=\"twitter:creator\" content=\"@oidossucios\" \/>\n<script type=\"application\/ld+json\" class=\"yoast-schema-graph\">{\"@context\":\"https:\/\/schema.org\",\"@graph\":[{\"@type\":\"WebSite\",\"@id\":\"https:\/\/www.oidossucios.com\/site\/#website\",\"url\":\"https:\/\/www.oidossucios.com\/site\/\",\"name\":\"OidosSucios.Com\",\"description\":\"M\\u00fasica, conciertos, discos\",\"potentialAction\":[{\"@type\":\"SearchAction\",\"target\":\"https:\/\/www.oidossucios.com\/site\/?s={search_term_string}\",\"query-input\":\"required name=search_term_string\"}],\"inLanguage\":\"es\"},{\"@type\":\"ImageObject\",\"@id\":\"https:\/\/www.oidossucios.com\/site\/dave-grohl-embajador-del-record-store-day-2015\/#primaryimage\",\"inLanguage\":\"es\",\"url\":\"https:\/\/www.oidossucios.com\/site\/wp-content\/uploads\/2015\/02\/9170.jpg\",\"width\":350,\"height\":300},{\"@type\":\"WebPage\",\"@id\":\"https:\/\/www.oidossucios.com\/site\/dave-grohl-embajador-del-record-store-day-2015\/#webpage\",\"url\":\"https:\/\/www.oidossucios.com\/site\/dave-grohl-embajador-del-record-store-day-2015\/\",\"name\":\"Dave Grohl, embajador del Record Store Day 2015 - OidosSucios.Com\",\"isPartOf\":{\"@id\":\"https:\/\/www.oidossucios.com\/site\/#website\"},\"primaryImageOfPage\":{\"@id\":\"https:\/\/www.oidossucios.com\/site\/dave-grohl-embajador-del-record-store-day-2015\/#primaryimage\"},\"datePublished\":\"2015-02-12T23:30:00+00:00\",\"dateModified\":\"2020-05-07T12:47:44+00:00\",\"author\":{\"@id\":\"https:\/\/www.oidossucios.com\/site\/#\/schema\/person\/24559eeb76bf83a63296fb072393a688\"},\"description\":\"Desde 2007 se viene celebrando esta iniciativa que tiene como objetivo reconocer el papel de las tiendas de discos en la promoci\\u00f3n y exposici\\u00f3n de la m\\u00fasica\",\"inLanguage\":\"es\",\"potentialAction\":[{\"@type\":\"ReadAction\",\"target\":[\"https:\/\/www.oidossucios.com\/site\/dave-grohl-embajador-del-record-store-day-2015\/\"]}]},{\"@type\":[\"Person\"],\"@id\":\"https:\/\/www.oidossucios.com\/site\/#\/schema\/person\/24559eeb76bf83a63296fb072393a688\",\"name\":\"Oidossucios\",\"image\":{\"@type\":\"ImageObject\",\"@id\":\"https:\/\/www.oidossucios.com\/site\/#personlogo\",\"inLanguage\":\"es\",\"url\":\"https:\/\/secure.gravatar.com\/avatar\/74fcb480f42f1a33e50a0b6e6369a3f907be2e43dc84fa5f76c66e9c22b4a5ab?s=96&d=mm&r=g\",\"caption\":\"Oidossucios\"},\"sameAs\":[\"https:\/\/twitter.com\/oidossucios\"]}]}<\/script>\n<!-- \/ Yoast SEO plugin. -->","jetpack_sharing_enabled":true,"_links":{"self":[{"href":"https:\/\/www.oidossucios.com\/site\/wp-json\/wp\/v2\/posts\/9170","targetHints":{"allow":["GET"]}}],"collection":[{"href":"https:\/\/www.oidossucios.com\/site\/wp-json\/wp\/v2\/posts"}],"about":[{"href":"https:\/\/www.oidossucios.com\/site\/wp-json\/wp\/v2\/types\/post"}],"author":[{"embeddable":true,"href":"https:\/\/www.oidossucios.com\/site\/wp-json\/wp\/v2\/users\/4"}],"replies":[{"embeddable":true,"href":"https:\/\/www.oidossucios.com\/site\/wp-json\/wp\/v2\/comments?post=9170"}],"version-history":[{"count":1,"href":"https:\/\/www.oidossucios.com\/site\/wp-json\/wp\/v2\/posts\/9170\/revisions"}],"predecessor-version":[{"id":111116539,"href":"https:\/\/www.oidossucios.com\/site\/wp-json\/wp\/v2\/posts\/9170\/revisions\/111116539"}],"wp:featuredmedia":[{"embeddable":true,"href":"https:\/\/www.oidossucios.com\/site\/wp-json\/wp\/v2\/media\/100009170"}],"wp:attachment":[{"href":"https:\/\/www.oidossucios.com\/site\/wp-json\/wp\/v2\/media?parent=9170"}],"wp:term":[{"taxonomy":"category","embeddable":true,"href":"https:\/\/www.oidossucios.com\/site\/wp-json\/wp\/v2\/categories?post=9170"},{"taxonomy":"post_tag","embeddable":true,"href":"https:\/\/www.oidossucios.com\/site\/wp-json\/wp\/v2\/tags?post=9170"}],"curies":[{"name":"wp","href":"https:\/\/api.w.org\/{rel}","templated":true}]}}