{"id":9188,"date":"2015-02-26T22:53:00","date_gmt":"2015-02-26T22:53:00","guid":{"rendered":"https:\/\/www.oidossucios.com\/site\/2015\/02\/26\/circo-vulkano-se-pregunta-donde-esta-javier\/"},"modified":"2020-05-07T08:47:42","modified_gmt":"2020-05-07T12:47:42","slug":"circo-vulkano-se-pregunta-donde-esta-javier","status":"publish","type":"post","link":"https:\/\/www.oidossucios.com\/site\/circo-vulkano-se-pregunta-donde-esta-javier\/","title":{"rendered":"Circo Vulkano se pregunta: \u00bfD\u00f3nde est\u00e1 Javier?"},"content":{"rendered":"<p style=\"text-align: justify;\">La banda caraque&ntilde;a conformada por Chonto (mel&oacute;dica), Mag&uacute; (guitarra), Kev (bajo), Luisle (bater&iacute;a), Rumberto (percusi&oacute;n), Brayler (tromb&oacute;n), LuisDa (trompeta) y Tomasito Garc&iacute;a (saxof&oacute;n), estrena nuevo video: &ldquo;&iquest;D&oacute;nde est&aacute; Javier?&rdquo;, por Equilibrio.Net.<\/p>\n<p>Circo Vulkano vuelve a llenarnos de cumbia y rumba gitana con esta nueva producci&oacute;n audiovisual. &ldquo;&iquest;D&oacute;nde est&aacute; Javier?&rdquo; es uno de los temas que conforma el disco El Reto, lanzado por la agrupaci&oacute;n en el a&ntilde;o 2013.<\/p>\n<p>Este video fue grabado en la ciudad de Maracaibo, luego de haber citado para un casting ficticio a toda su fanaticada de dicha ciudad. La realidad, es que iban a formar parte de la nueva pieza audiovisual de la banda. La producci&oacute;n de la pieza estuvo a cargo de Cinestesia.<\/p>\n<p>Dentro de los lanzamientos planeados para el primer semestre del presente a&ntilde;o, est&aacute; el estreno del video de &ldquo;Pal manicomio&rdquo; y &ldquo;El &uacute;nico culpable&rdquo;. Ambos temas incluidos, tambi&eacute;n, dentro del disco El Reto.<\/p>\n<p>Tras dos discos en su haber, presentaciones dentro y fuera de Venezuela y siete a&ntilde;os de trayectoria, Circo Vulkano se encuentra de lleno en la producci&oacute;n de su pr&oacute;ximo &aacute;lbum titulado: &ldquo;Para los viajeros&rdquo;, el cual est&aacute; considerablemente adelantado en el proceso de grabaci&oacute;n.<\/p>\n<p>Para ver &ldquo;&iquest;D&oacute;nde est&aacute; Javier?&rdquo;, s&oacute;lo deben ingresar a Equilibrio.Net y disfrutar de esta nueva producci&oacute;n audiovisual.<\/p>\n<p>&hellip; Y recuerda, Circo Vulkano va con &ldquo;V&rdquo; y &ldquo;K&rdquo; en el ano.<\/p>\n<p>Para m&aacute;s informaci&oacute;n:<\/p>\n<p>Web<\/p>\n<p>Twitter<\/p>\n<p>Facebook<\/p>\n<p>Fuente: Nota de Prensa<\/p>\n","protected":false},"excerpt":{"rendered":"<p>Dentro de los lanzamientos planeados para el primer semestre del presente a\u00f1o, est\u00e1 el estreno del video de Pal manicomio y El \u00fanico culpable<\/p>\n","protected":false},"author":4,"featured_media":100009188,"comment_status":"open","ping_status":"open","sticky":false,"template":"","format":"standard","meta":{"_jetpack_memberships_contains_paid_content":false,"footnotes":""},"categories":[142],"tags":[],"class_list":["post-9188","post","type-post","status-publish","format-standard","has-post-thumbnail","hentry","category-buzznews"],"jetpack_featured_media_url":"https:\/\/www.oidossucios.com\/site\/wp-content\/uploads\/2015\/02\/9188.jpg","yoast_head":"<!-- This site is optimized with the Yoast SEO plugin v14.0.4 - https:\/\/yoast.com\/wordpress\/plugins\/seo\/ -->\n<title>Circo Vulkano se pregunta: \u00bfD\u00f3nde est\u00e1 Javier? - OidosSucios.Com<\/title>\n<meta name=\"description\" content=\"Dentro de los lanzamientos planeados para el primer semestre del presente a\u00f1o, est\u00e1 el estreno del video de Pal manicomio y El \u00fanico culpable\" \/>\n<meta name=\"robots\" content=\"index, follow\" \/>\n<meta name=\"googlebot\" content=\"index, follow, max-snippet:-1, max-image-preview:large, max-video-preview:-1\" \/>\n<meta name=\"bingbot\" content=\"index, follow, max-snippet:-1, max-image-preview:large, max-video-preview:-1\" \/>\n<link rel=\"canonical\" href=\"https:\/\/www.oidossucios.com\/site\/circo-vulkano-se-pregunta-donde-esta-javier\/\" \/>\n<meta property=\"og:locale\" content=\"es_ES\" \/>\n<meta property=\"og:type\" content=\"article\" \/>\n<meta property=\"og:title\" content=\"Circo Vulkano se pregunta: \u00bfD\u00f3nde est\u00e1 Javier? - OidosSucios.Com\" \/>\n<meta property=\"og:description\" content=\"Dentro de los lanzamientos planeados para el primer semestre del presente a\u00f1o, est\u00e1 el estreno del video de Pal manicomio y El \u00fanico culpable\" \/>\n<meta property=\"og:url\" content=\"https:\/\/www.oidossucios.com\/site\/circo-vulkano-se-pregunta-donde-esta-javier\/\" \/>\n<meta property=\"og:site_name\" content=\"OidosSucios.Com\" \/>\n<meta property=\"article:published_time\" content=\"2015-02-26T22:53:00+00:00\" \/>\n<meta property=\"article:modified_time\" content=\"2020-05-07T12:47:42+00:00\" \/>\n<meta property=\"og:image\" content=\"https:\/\/www.oidossucios.com\/site\/wp-content\/uploads\/2015\/02\/9188.jpg\" \/>\n\t<meta property=\"og:image:width\" content=\"350\" \/>\n\t<meta property=\"og:image:height\" content=\"300\" \/>\n<meta name=\"twitter:card\" content=\"summary_large_image\" \/>\n<meta name=\"twitter:creator\" content=\"@oidossucios\" \/>\n<script type=\"application\/ld+json\" class=\"yoast-schema-graph\">{\"@context\":\"https:\/\/schema.org\",\"@graph\":[{\"@type\":\"WebSite\",\"@id\":\"https:\/\/www.oidossucios.com\/site\/#website\",\"url\":\"https:\/\/www.oidossucios.com\/site\/\",\"name\":\"OidosSucios.Com\",\"description\":\"M\\u00fasica, conciertos, discos\",\"potentialAction\":[{\"@type\":\"SearchAction\",\"target\":\"https:\/\/www.oidossucios.com\/site\/?s={search_term_string}\",\"query-input\":\"required name=search_term_string\"}],\"inLanguage\":\"es\"},{\"@type\":\"ImageObject\",\"@id\":\"https:\/\/www.oidossucios.com\/site\/circo-vulkano-se-pregunta-donde-esta-javier\/#primaryimage\",\"inLanguage\":\"es\",\"url\":\"https:\/\/www.oidossucios.com\/site\/wp-content\/uploads\/2015\/02\/9188.jpg\",\"width\":350,\"height\":300},{\"@type\":\"WebPage\",\"@id\":\"https:\/\/www.oidossucios.com\/site\/circo-vulkano-se-pregunta-donde-esta-javier\/#webpage\",\"url\":\"https:\/\/www.oidossucios.com\/site\/circo-vulkano-se-pregunta-donde-esta-javier\/\",\"name\":\"Circo Vulkano se pregunta: \\u00bfD\\u00f3nde est\\u00e1 Javier? - OidosSucios.Com\",\"isPartOf\":{\"@id\":\"https:\/\/www.oidossucios.com\/site\/#website\"},\"primaryImageOfPage\":{\"@id\":\"https:\/\/www.oidossucios.com\/site\/circo-vulkano-se-pregunta-donde-esta-javier\/#primaryimage\"},\"datePublished\":\"2015-02-26T22:53:00+00:00\",\"dateModified\":\"2020-05-07T12:47:42+00:00\",\"author\":{\"@id\":\"https:\/\/www.oidossucios.com\/site\/#\/schema\/person\/24559eeb76bf83a63296fb072393a688\"},\"description\":\"Dentro de los lanzamientos planeados para el primer semestre del presente a\\u00f1o, est\\u00e1 el estreno del video de Pal manicomio y El \\u00fanico culpable\",\"inLanguage\":\"es\",\"potentialAction\":[{\"@type\":\"ReadAction\",\"target\":[\"https:\/\/www.oidossucios.com\/site\/circo-vulkano-se-pregunta-donde-esta-javier\/\"]}]},{\"@type\":[\"Person\"],\"@id\":\"https:\/\/www.oidossucios.com\/site\/#\/schema\/person\/24559eeb76bf83a63296fb072393a688\",\"name\":\"Oidossucios\",\"image\":{\"@type\":\"ImageObject\",\"@id\":\"https:\/\/www.oidossucios.com\/site\/#personlogo\",\"inLanguage\":\"es\",\"url\":\"https:\/\/secure.gravatar.com\/avatar\/74fcb480f42f1a33e50a0b6e6369a3f907be2e43dc84fa5f76c66e9c22b4a5ab?s=96&d=mm&r=g\",\"caption\":\"Oidossucios\"},\"sameAs\":[\"https:\/\/twitter.com\/oidossucios\"]}]}<\/script>\n<!-- \/ Yoast SEO plugin. -->","jetpack_sharing_enabled":true,"_links":{"self":[{"href":"https:\/\/www.oidossucios.com\/site\/wp-json\/wp\/v2\/posts\/9188","targetHints":{"allow":["GET"]}}],"collection":[{"href":"https:\/\/www.oidossucios.com\/site\/wp-json\/wp\/v2\/posts"}],"about":[{"href":"https:\/\/www.oidossucios.com\/site\/wp-json\/wp\/v2\/types\/post"}],"author":[{"embeddable":true,"href":"https:\/\/www.oidossucios.com\/site\/wp-json\/wp\/v2\/users\/4"}],"replies":[{"embeddable":true,"href":"https:\/\/www.oidossucios.com\/site\/wp-json\/wp\/v2\/comments?post=9188"}],"version-history":[{"count":1,"href":"https:\/\/www.oidossucios.com\/site\/wp-json\/wp\/v2\/posts\/9188\/revisions"}],"predecessor-version":[{"id":111116522,"href":"https:\/\/www.oidossucios.com\/site\/wp-json\/wp\/v2\/posts\/9188\/revisions\/111116522"}],"wp:featuredmedia":[{"embeddable":true,"href":"https:\/\/www.oidossucios.com\/site\/wp-json\/wp\/v2\/media\/100009188"}],"wp:attachment":[{"href":"https:\/\/www.oidossucios.com\/site\/wp-json\/wp\/v2\/media?parent=9188"}],"wp:term":[{"taxonomy":"category","embeddable":true,"href":"https:\/\/www.oidossucios.com\/site\/wp-json\/wp\/v2\/categories?post=9188"},{"taxonomy":"post_tag","embeddable":true,"href":"https:\/\/www.oidossucios.com\/site\/wp-json\/wp\/v2\/tags?post=9188"}],"curies":[{"name":"wp","href":"https:\/\/api.w.org\/{rel}","templated":true}]}}