{"id":9189,"date":"2015-02-28T15:56:00","date_gmt":"2015-02-28T15:56:00","guid":{"rendered":"https:\/\/www.oidossucios.com\/site\/2015\/02\/28\/aterciopelados-celebra-23-anos-de-carrera-con-reedicion-de-el-dorado\/"},"modified":"2020-05-07T08:47:42","modified_gmt":"2020-05-07T12:47:42","slug":"aterciopelados-celebra-23-anos-de-carrera-con-reedicion-de-el-dorado","status":"publish","type":"post","link":"https:\/\/www.oidossucios.com\/site\/aterciopelados-celebra-23-anos-de-carrera-con-reedicion-de-el-dorado\/","title":{"rendered":"Aterciopelados celebra 23 a\u00f1os de carrera con reedici\u00f3n de El Dorado"},"content":{"rendered":"<p style=\"text-align: justify;\">Andrea Echeverri recuerda sus primeras apariciones como cantante de una banda de rock sobre el escenario de Barbarie, un m&iacute;tico bar bogotano de finales de la d&eacute;cada de 1980. En aquel entonces su agrupaci&oacute;n no se llamaba Aterciopelados sino Delia y los Amino&aacute;cidos, y no imaginaba que llegar&iacute;a a convertirse en el grupo de rock m&aacute;s importante de Colombia.<\/p>\n<p>Por Barbarie, el local que la vocalista fund&oacute; junto con su entonces novio, el bajista H&eacute;ctor Buitrago y con quien luego cre&oacute; Aterciopelados, desfilaron bandas locales como La Derecha, 1280 Almas, Darkness y Catedral. En ese lugar se mantuvo vivo el esp&iacute;ritu del rock de finales de 1980 y principios de 1990, en una &eacute;poca en la que Colombia enfrentaba un periodo de cruenta violencia e inseguridad que impactaron a una juventud deseosa de escapar de la desesperanza. <\/p>\n<p>&#8220;Cuando yo me inici&eacute; en la m&uacute;sica, Colombia pasaba por una &eacute;poca dura. La violencia tambi&eacute;n estimula cosas y &eacute;ramos muchos los j&oacute;venes que busc&aacute;bamos un cambio&#8221;, dijo Echeverri en una entrevista desde su natal Bogot&aacute;. &#8220;La m&uacute;sica se convirti&oacute; entonces en una oportunidad de escaparnos un ratico de nuestra triste realidad&#8221;, agreg&oacute; la compositora e int&eacute;rprete de 49 a&ntilde;os.<\/p>\n<p>Ahora Aterciopelados cumple 23 a&ntilde;os como agrupaci&oacute;n. Echeverri y Buitrago se reunieron en agosto de 2014 para celebrar la 20a edici&oacute;n del Festival Rock al Parque, en la capital colombiana, luego de tres a&ntilde;os de separaci&oacute;n, una etapa en la que la cantautora y el m&uacute;sico se dedicaron a trabajar en sus respectivos proyectos solistas: Ruise&ntilde;ora y Conector.<\/p>\n<p>Su regreso a los escenarios ha tra&iacute;do tan buena estrella que la banda iniciar&aacute; una breve gira que comienza el 13 de marzo en el Festival Est&eacute;reo Picnic en la capital colombiana, y continuar&aacute; el 15 de marzo en el Vive Latino en M&eacute;xico, el 21 en el Festival Cumbre Taj&iacute;n y el 25 de abril en el festival Pal Norte, en la norte&ntilde;a ciudad de Monterrey.<\/p>\n<p>&#8220;En verdad que estamos disfrutando nuestro regreso a los escenarios. En este momento, la banda est&aacute; protagonizando importantes festivales musicales en Latinoam&eacute;rica, pero nuestros dos proyectos solistas siguen activos. Estamos encontr&aacute;ndonos con nuestros viejos fans y sumandos otros, y eso es muy emocionante&#8221;, se&ntilde;al&oacute; Echeverri.<\/p>\n<p>&#8220;El Dorado&#8221;, su segundo disco y quiz&aacute;s el m&aacute;s emblem&aacute;tico de su carrera, tambi&eacute;n celebra este a&ntilde;o dos d&eacute;cadas de su lanzamiento. De esa producci&oacute;n se desprenden las canciones &#8220;Bolero falaz&#8221;, &#8220;Florecita rockera&#8221; y &#8220;La estaca&#8221;, que a&ntilde;os m&aacute;s tarde formar&iacute;an parte del cancionero popular del rock latinoamericano y situar&iacute;an a Aterciopelados en un lugar privilegiado dentro de la escena musical.<\/p>\n<p>Para celebrar los 20 a&ntilde;os del mencionado &aacute;lbum, la agrupaci&oacute;n regresar&aacute; al estudio en mayo para regrabar los temas cl&aacute;sicos de esa producci&oacute;n, y cuyo resultado ser&aacute; editado por Sony Music Colombia.<\/p>\n<p>&#8220;Tambi&eacute;n estamos trabajando en nuestro primer DVD en vivo, el cual grabaremos en un concierto que haremos en Bogot&aacute; en mayo. Ser&aacute; un show especial, con nuevo vestuario y nuevas versiones de los cl&aacute;sicos de Aterciopelados&#8221;, adelant&oacute; la vocalista.<\/p>\n<p>Echeverri, la mujer que le cambi&oacute; el rostro y el sonido al rock colombiano, tambi&eacute;n record&oacute; que en sus inicios, al ser una de las pocas f&eacute;minas en la escena rockera, le toc&oacute; convivir muy de cerca con sus colegas varones.<\/p>\n<p>&#8220;A diferencia de esos a&ntilde;os en los que la escena musical en Colombia era muy peque&ntilde;a, hoy las cosas son radicalmente distintas. No hab&iacute;a managers, tampoco lugares para tocar, adem&aacute;s de Barbarie&#8230; hab&iacute;a otros tres lugares m&aacute;s a donde iban los j&oacute;venes a escuchar m&uacute;sica&#8221;, dijo la tambi&eacute;n ceramista y activista feminista.<\/p>\n<p>&#8220;Hicimos muchas giras con Los (Fabulosos) Cadillacs, con Maldita Vecindad, Molotov. Yo era la &uacute;nica mujer. Recuerdo que un d&iacute;a no llegaron nuestros instrumentos para un concierto y los Molo (Molotov) nos prestaron los suyos. &iexcl;Fueron grandes momentos y experiencias muy intensas!&#8221;, record&oacute;.<\/p>\n<p>Con ocho &aacute;lbumes en su haber, incluyendo &#8220;Con el coraz&oacute;n en la mano&#8221; (1993), &#8220;Caribe At&oacute;mico&#8221; (1998) y &#8220;R&iacute;o&#8221; (2008), Aterciopelados es una de las bandas de rock latino m&aacute;s influyentes en la escena musical. En 23 a&ntilde;os de carrera se ha hecho acreedora a varios Latin Grammy y ha sido nominada a los Grammy en diversas ocasiones.<\/p>\n<p>En el 2006, la agrupaci&oacute;n fue nombrada&nbsp; como una de las mejores agrupaciones del mundo por la revista estadounidense Time, junto con Radiohead y U2.<\/p>\n<p>Fuente: Televisa<\/p>\n","protected":false},"excerpt":{"rendered":"<p>Para celebrar los 20 a\u00f1os del mencionado \u00e1lbum, la agrupaci\u00f3n regresar\u00e1 al estudio en mayo para regrabar los temas cl\u00e1sicos de esa producci\u00f3n<\/p>\n","protected":false},"author":4,"featured_media":100009189,"comment_status":"open","ping_status":"open","sticky":false,"template":"","format":"standard","meta":{"_jetpack_memberships_contains_paid_content":false,"footnotes":""},"categories":[142],"tags":[],"class_list":["post-9189","post","type-post","status-publish","format-standard","has-post-thumbnail","hentry","category-buzznews"],"jetpack_featured_media_url":"https:\/\/www.oidossucios.com\/site\/wp-content\/uploads\/2015\/02\/9189.jpg","yoast_head":"<!-- This site is optimized with the Yoast SEO plugin v14.0.4 - https:\/\/yoast.com\/wordpress\/plugins\/seo\/ -->\n<title>Aterciopelados celebra 23 a\u00f1os de carrera con reedici\u00f3n de El Dorado - OidosSucios.Com<\/title>\n<meta name=\"description\" content=\"Para celebrar los 20 a\u00f1os del mencionado \u00e1lbum, la agrupaci\u00f3n regresar\u00e1 al estudio en mayo para regrabar los temas cl\u00e1sicos de esa producci\u00f3n\" \/>\n<meta name=\"robots\" content=\"index, follow\" \/>\n<meta name=\"googlebot\" content=\"index, follow, max-snippet:-1, max-image-preview:large, max-video-preview:-1\" \/>\n<meta name=\"bingbot\" content=\"index, follow, max-snippet:-1, max-image-preview:large, max-video-preview:-1\" \/>\n<link rel=\"canonical\" href=\"https:\/\/www.oidossucios.com\/site\/aterciopelados-celebra-23-anos-de-carrera-con-reedicion-de-el-dorado\/\" \/>\n<meta property=\"og:locale\" content=\"es_ES\" \/>\n<meta property=\"og:type\" content=\"article\" \/>\n<meta property=\"og:title\" content=\"Aterciopelados celebra 23 a\u00f1os de carrera con reedici\u00f3n de El Dorado - OidosSucios.Com\" \/>\n<meta property=\"og:description\" content=\"Para celebrar los 20 a\u00f1os del mencionado \u00e1lbum, la agrupaci\u00f3n regresar\u00e1 al estudio en mayo para regrabar los temas cl\u00e1sicos de esa producci\u00f3n\" \/>\n<meta property=\"og:url\" content=\"https:\/\/www.oidossucios.com\/site\/aterciopelados-celebra-23-anos-de-carrera-con-reedicion-de-el-dorado\/\" \/>\n<meta property=\"og:site_name\" content=\"OidosSucios.Com\" \/>\n<meta property=\"article:published_time\" content=\"2015-02-28T15:56:00+00:00\" \/>\n<meta property=\"article:modified_time\" content=\"2020-05-07T12:47:42+00:00\" \/>\n<meta property=\"og:image\" content=\"https:\/\/www.oidossucios.com\/site\/wp-content\/uploads\/2015\/02\/9189.jpg\" \/>\n\t<meta property=\"og:image:width\" content=\"350\" \/>\n\t<meta property=\"og:image:height\" content=\"300\" \/>\n<meta name=\"twitter:card\" content=\"summary_large_image\" \/>\n<meta name=\"twitter:creator\" content=\"@oidossucios\" \/>\n<script type=\"application\/ld+json\" class=\"yoast-schema-graph\">{\"@context\":\"https:\/\/schema.org\",\"@graph\":[{\"@type\":\"WebSite\",\"@id\":\"https:\/\/www.oidossucios.com\/site\/#website\",\"url\":\"https:\/\/www.oidossucios.com\/site\/\",\"name\":\"OidosSucios.Com\",\"description\":\"M\\u00fasica, conciertos, discos\",\"potentialAction\":[{\"@type\":\"SearchAction\",\"target\":\"https:\/\/www.oidossucios.com\/site\/?s={search_term_string}\",\"query-input\":\"required name=search_term_string\"}],\"inLanguage\":\"es\"},{\"@type\":\"ImageObject\",\"@id\":\"https:\/\/www.oidossucios.com\/site\/aterciopelados-celebra-23-anos-de-carrera-con-reedicion-de-el-dorado\/#primaryimage\",\"inLanguage\":\"es\",\"url\":\"https:\/\/www.oidossucios.com\/site\/wp-content\/uploads\/2015\/02\/9189.jpg\",\"width\":350,\"height\":300},{\"@type\":\"WebPage\",\"@id\":\"https:\/\/www.oidossucios.com\/site\/aterciopelados-celebra-23-anos-de-carrera-con-reedicion-de-el-dorado\/#webpage\",\"url\":\"https:\/\/www.oidossucios.com\/site\/aterciopelados-celebra-23-anos-de-carrera-con-reedicion-de-el-dorado\/\",\"name\":\"Aterciopelados celebra 23 a\\u00f1os de carrera con reedici\\u00f3n de El Dorado - OidosSucios.Com\",\"isPartOf\":{\"@id\":\"https:\/\/www.oidossucios.com\/site\/#website\"},\"primaryImageOfPage\":{\"@id\":\"https:\/\/www.oidossucios.com\/site\/aterciopelados-celebra-23-anos-de-carrera-con-reedicion-de-el-dorado\/#primaryimage\"},\"datePublished\":\"2015-02-28T15:56:00+00:00\",\"dateModified\":\"2020-05-07T12:47:42+00:00\",\"author\":{\"@id\":\"https:\/\/www.oidossucios.com\/site\/#\/schema\/person\/24559eeb76bf83a63296fb072393a688\"},\"description\":\"Para celebrar los 20 a\\u00f1os del mencionado \\u00e1lbum, la agrupaci\\u00f3n regresar\\u00e1 al estudio en mayo para regrabar los temas cl\\u00e1sicos de esa producci\\u00f3n\",\"inLanguage\":\"es\",\"potentialAction\":[{\"@type\":\"ReadAction\",\"target\":[\"https:\/\/www.oidossucios.com\/site\/aterciopelados-celebra-23-anos-de-carrera-con-reedicion-de-el-dorado\/\"]}]},{\"@type\":[\"Person\"],\"@id\":\"https:\/\/www.oidossucios.com\/site\/#\/schema\/person\/24559eeb76bf83a63296fb072393a688\",\"name\":\"Oidossucios\",\"image\":{\"@type\":\"ImageObject\",\"@id\":\"https:\/\/www.oidossucios.com\/site\/#personlogo\",\"inLanguage\":\"es\",\"url\":\"https:\/\/secure.gravatar.com\/avatar\/74fcb480f42f1a33e50a0b6e6369a3f907be2e43dc84fa5f76c66e9c22b4a5ab?s=96&d=mm&r=g\",\"caption\":\"Oidossucios\"},\"sameAs\":[\"https:\/\/twitter.com\/oidossucios\"]}]}<\/script>\n<!-- \/ Yoast SEO plugin. -->","jetpack_sharing_enabled":true,"_links":{"self":[{"href":"https:\/\/www.oidossucios.com\/site\/wp-json\/wp\/v2\/posts\/9189","targetHints":{"allow":["GET"]}}],"collection":[{"href":"https:\/\/www.oidossucios.com\/site\/wp-json\/wp\/v2\/posts"}],"about":[{"href":"https:\/\/www.oidossucios.com\/site\/wp-json\/wp\/v2\/types\/post"}],"author":[{"embeddable":true,"href":"https:\/\/www.oidossucios.com\/site\/wp-json\/wp\/v2\/users\/4"}],"replies":[{"embeddable":true,"href":"https:\/\/www.oidossucios.com\/site\/wp-json\/wp\/v2\/comments?post=9189"}],"version-history":[{"count":1,"href":"https:\/\/www.oidossucios.com\/site\/wp-json\/wp\/v2\/posts\/9189\/revisions"}],"predecessor-version":[{"id":111116517,"href":"https:\/\/www.oidossucios.com\/site\/wp-json\/wp\/v2\/posts\/9189\/revisions\/111116517"}],"wp:featuredmedia":[{"embeddable":true,"href":"https:\/\/www.oidossucios.com\/site\/wp-json\/wp\/v2\/media\/100009189"}],"wp:attachment":[{"href":"https:\/\/www.oidossucios.com\/site\/wp-json\/wp\/v2\/media?parent=9189"}],"wp:term":[{"taxonomy":"category","embeddable":true,"href":"https:\/\/www.oidossucios.com\/site\/wp-json\/wp\/v2\/categories?post=9189"},{"taxonomy":"post_tag","embeddable":true,"href":"https:\/\/www.oidossucios.com\/site\/wp-json\/wp\/v2\/tags?post=9189"}],"curies":[{"name":"wp","href":"https:\/\/api.w.org\/{rel}","templated":true}]}}