{"id":9191,"date":"2015-02-28T15:37:00","date_gmt":"2015-02-28T15:37:00","guid":{"rendered":"https:\/\/www.oidossucios.com\/site\/2015\/02\/28\/bono-sobre-la-nueva-gira-de-u2-tenemos-algo-mas-que-increible-planeado\/"},"modified":"2020-05-07T08:47:42","modified_gmt":"2020-05-07T12:47:42","slug":"bono-sobre-la-nueva-gira-de-u2-tenemos-algo-mas-que-increible-planeado","status":"publish","type":"post","link":"https:\/\/www.oidossucios.com\/site\/bono-sobre-la-nueva-gira-de-u2-tenemos-algo-mas-que-increible-planeado\/","title":{"rendered":"Bono, sobre la nueva gira de U2: Tenemos algo m\u00e1s que incre\u00edble planeado"},"content":{"rendered":"<p style=\"text-align: justify;\">El cantante de U2, Bono, sigue recuper&aacute;ndose de su aparatoso accidente de bicicleta del pasado mes de noviembre en el Central Park de Nueva York (si uno se cae, al menos que acompa&ntilde;e la ubicaci&oacute;n para hacer historia). Pero la nueva gira de la banda irlandesa arranca el 14 de mayo en Vancouver y con esa fecha hay pocas risas.<\/p>\n<p>Sea como sea, todo parece indicar que el vocalista irland&eacute;s est&aacute; confiado, pues asegura que su lado izquierdo est&aacute; un poco dolorido, pero recalca que su &ldquo;gancho de derecha est&aacute; listo para arrasar con total seguridad&rdquo;. &ldquo;Y tenemos algo m&aacute;s que incre&iacute;ble planeado y estoy listo para luchar por ello&rdquo;, adelanta a Rolling Stone, en referencia a la mencionada nueva gira de U2.<\/p>\n<p>Bono sufri&oacute; el pasado mes de noviembre un percance ciclista que termin&oacute; siendo m&aacute;s grave de lo que inicialmente pudiera haberse imaginado, pues sufri&oacute; una fractura facial en la parte izquierda de su cara que afectaba al ojo, as&iacute; como otras tres fracturas separadas en el om&oacute;plato de ese mismo lado del cuerpo.<\/p>\n<p>El m&uacute;sico fue inmediatamente operado &ldquo;durante cinco horas&rdquo; de una fractura del h&uacute;mero en seis piezas separadas. Tres placas de metal y 18 tornillos fueron necesarios para colocar todo en su sitio. Por si esto fuera poco, a la ma&ntilde;ana siguiente, fue tambi&eacute;n sometido a una operaci&oacute;n en su mano izquierda para reparar la fractura del quinto metacarpiano.<\/p>\n<p>Dejando de lado los males f&iacute;sicos, este s&aacute;bado se cumplen 32 a&ntilde;os del lanzamiento de War, el tercer disco de U2.<\/p>\n<p>Fuente: Rolling Stone Espa&ntilde;a<\/p>\n","protected":false},"excerpt":{"rendered":"<p>El cantante irland\u00e9s sigue recuper\u00e1ndose de las heridas provocadas por su aparatoso accidente ciclista. Pero estar\u00e1 listo el 14 de mayo. <\/p>\n","protected":false},"author":4,"featured_media":100009191,"comment_status":"open","ping_status":"open","sticky":false,"template":"","format":"standard","meta":{"_jetpack_memberships_contains_paid_content":false,"footnotes":""},"categories":[142],"tags":[],"class_list":["post-9191","post","type-post","status-publish","format-standard","has-post-thumbnail","hentry","category-buzznews"],"jetpack_featured_media_url":"https:\/\/www.oidossucios.com\/site\/wp-content\/uploads\/2015\/02\/9191.jpg","yoast_head":"<!-- This site is optimized with the Yoast SEO plugin v14.0.4 - https:\/\/yoast.com\/wordpress\/plugins\/seo\/ -->\n<title>Bono, sobre la nueva gira de U2: Tenemos algo m\u00e1s que incre\u00edble planeado - OidosSucios.Com<\/title>\n<meta name=\"description\" content=\"El cantante irland\u00e9s sigue recuper\u00e1ndose de las heridas provocadas por su aparatoso accidente ciclista. Pero estar\u00e1 listo el 14 de mayo.\" \/>\n<meta name=\"robots\" content=\"index, follow\" \/>\n<meta name=\"googlebot\" content=\"index, follow, max-snippet:-1, max-image-preview:large, max-video-preview:-1\" \/>\n<meta name=\"bingbot\" content=\"index, follow, max-snippet:-1, max-image-preview:large, max-video-preview:-1\" \/>\n<link rel=\"canonical\" href=\"https:\/\/www.oidossucios.com\/site\/bono-sobre-la-nueva-gira-de-u2-tenemos-algo-mas-que-increible-planeado\/\" \/>\n<meta property=\"og:locale\" content=\"es_ES\" \/>\n<meta property=\"og:type\" content=\"article\" \/>\n<meta property=\"og:title\" content=\"Bono, sobre la nueva gira de U2: Tenemos algo m\u00e1s que incre\u00edble planeado - OidosSucios.Com\" \/>\n<meta property=\"og:description\" content=\"El cantante irland\u00e9s sigue recuper\u00e1ndose de las heridas provocadas por su aparatoso accidente ciclista. Pero estar\u00e1 listo el 14 de mayo.\" \/>\n<meta property=\"og:url\" content=\"https:\/\/www.oidossucios.com\/site\/bono-sobre-la-nueva-gira-de-u2-tenemos-algo-mas-que-increible-planeado\/\" \/>\n<meta property=\"og:site_name\" content=\"OidosSucios.Com\" \/>\n<meta property=\"article:published_time\" content=\"2015-02-28T15:37:00+00:00\" \/>\n<meta property=\"article:modified_time\" content=\"2020-05-07T12:47:42+00:00\" \/>\n<meta property=\"og:image\" content=\"https:\/\/www.oidossucios.com\/site\/wp-content\/uploads\/2015\/02\/9191.jpg\" \/>\n\t<meta property=\"og:image:width\" content=\"350\" \/>\n\t<meta property=\"og:image:height\" content=\"300\" \/>\n<meta name=\"twitter:card\" content=\"summary_large_image\" \/>\n<meta name=\"twitter:creator\" content=\"@oidossucios\" \/>\n<script type=\"application\/ld+json\" class=\"yoast-schema-graph\">{\"@context\":\"https:\/\/schema.org\",\"@graph\":[{\"@type\":\"WebSite\",\"@id\":\"https:\/\/www.oidossucios.com\/site\/#website\",\"url\":\"https:\/\/www.oidossucios.com\/site\/\",\"name\":\"OidosSucios.Com\",\"description\":\"M\\u00fasica, conciertos, discos\",\"potentialAction\":[{\"@type\":\"SearchAction\",\"target\":\"https:\/\/www.oidossucios.com\/site\/?s={search_term_string}\",\"query-input\":\"required name=search_term_string\"}],\"inLanguage\":\"es\"},{\"@type\":\"ImageObject\",\"@id\":\"https:\/\/www.oidossucios.com\/site\/bono-sobre-la-nueva-gira-de-u2-tenemos-algo-mas-que-increible-planeado\/#primaryimage\",\"inLanguage\":\"es\",\"url\":\"https:\/\/www.oidossucios.com\/site\/wp-content\/uploads\/2015\/02\/9191.jpg\",\"width\":350,\"height\":300},{\"@type\":\"WebPage\",\"@id\":\"https:\/\/www.oidossucios.com\/site\/bono-sobre-la-nueva-gira-de-u2-tenemos-algo-mas-que-increible-planeado\/#webpage\",\"url\":\"https:\/\/www.oidossucios.com\/site\/bono-sobre-la-nueva-gira-de-u2-tenemos-algo-mas-que-increible-planeado\/\",\"name\":\"Bono, sobre la nueva gira de U2: Tenemos algo m\\u00e1s que incre\\u00edble planeado - OidosSucios.Com\",\"isPartOf\":{\"@id\":\"https:\/\/www.oidossucios.com\/site\/#website\"},\"primaryImageOfPage\":{\"@id\":\"https:\/\/www.oidossucios.com\/site\/bono-sobre-la-nueva-gira-de-u2-tenemos-algo-mas-que-increible-planeado\/#primaryimage\"},\"datePublished\":\"2015-02-28T15:37:00+00:00\",\"dateModified\":\"2020-05-07T12:47:42+00:00\",\"author\":{\"@id\":\"https:\/\/www.oidossucios.com\/site\/#\/schema\/person\/24559eeb76bf83a63296fb072393a688\"},\"description\":\"El cantante irland\\u00e9s sigue recuper\\u00e1ndose de las heridas provocadas por su aparatoso accidente ciclista. Pero estar\\u00e1 listo el 14 de mayo.\",\"inLanguage\":\"es\",\"potentialAction\":[{\"@type\":\"ReadAction\",\"target\":[\"https:\/\/www.oidossucios.com\/site\/bono-sobre-la-nueva-gira-de-u2-tenemos-algo-mas-que-increible-planeado\/\"]}]},{\"@type\":[\"Person\"],\"@id\":\"https:\/\/www.oidossucios.com\/site\/#\/schema\/person\/24559eeb76bf83a63296fb072393a688\",\"name\":\"Oidossucios\",\"image\":{\"@type\":\"ImageObject\",\"@id\":\"https:\/\/www.oidossucios.com\/site\/#personlogo\",\"inLanguage\":\"es\",\"url\":\"https:\/\/secure.gravatar.com\/avatar\/74fcb480f42f1a33e50a0b6e6369a3f907be2e43dc84fa5f76c66e9c22b4a5ab?s=96&d=mm&r=g\",\"caption\":\"Oidossucios\"},\"sameAs\":[\"https:\/\/twitter.com\/oidossucios\"]}]}<\/script>\n<!-- \/ Yoast SEO plugin. -->","jetpack_sharing_enabled":true,"_links":{"self":[{"href":"https:\/\/www.oidossucios.com\/site\/wp-json\/wp\/v2\/posts\/9191","targetHints":{"allow":["GET"]}}],"collection":[{"href":"https:\/\/www.oidossucios.com\/site\/wp-json\/wp\/v2\/posts"}],"about":[{"href":"https:\/\/www.oidossucios.com\/site\/wp-json\/wp\/v2\/types\/post"}],"author":[{"embeddable":true,"href":"https:\/\/www.oidossucios.com\/site\/wp-json\/wp\/v2\/users\/4"}],"replies":[{"embeddable":true,"href":"https:\/\/www.oidossucios.com\/site\/wp-json\/wp\/v2\/comments?post=9191"}],"version-history":[{"count":1,"href":"https:\/\/www.oidossucios.com\/site\/wp-json\/wp\/v2\/posts\/9191\/revisions"}],"predecessor-version":[{"id":111116518,"href":"https:\/\/www.oidossucios.com\/site\/wp-json\/wp\/v2\/posts\/9191\/revisions\/111116518"}],"wp:featuredmedia":[{"embeddable":true,"href":"https:\/\/www.oidossucios.com\/site\/wp-json\/wp\/v2\/media\/100009191"}],"wp:attachment":[{"href":"https:\/\/www.oidossucios.com\/site\/wp-json\/wp\/v2\/media?parent=9191"}],"wp:term":[{"taxonomy":"category","embeddable":true,"href":"https:\/\/www.oidossucios.com\/site\/wp-json\/wp\/v2\/categories?post=9191"},{"taxonomy":"post_tag","embeddable":true,"href":"https:\/\/www.oidossucios.com\/site\/wp-json\/wp\/v2\/tags?post=9191"}],"curies":[{"name":"wp","href":"https:\/\/api.w.org\/{rel}","templated":true}]}}