{"id":9192,"date":"2015-02-28T15:01:00","date_gmt":"2015-02-28T15:01:00","guid":{"rendered":"https:\/\/www.oidossucios.com\/site\/2015\/02\/28\/larga-vida-y-prosperidad-leonard-nimoy\/"},"modified":"2020-05-07T08:47:42","modified_gmt":"2020-05-07T12:47:42","slug":"larga-vida-y-prosperidad-leonard-nimoy","status":"publish","type":"post","link":"https:\/\/www.oidossucios.com\/site\/larga-vida-y-prosperidad-leonard-nimoy\/","title":{"rendered":"Larga vida y prosperidad Leonard Nimoy"},"content":{"rendered":"<p>Por <\/p>\n<p style=\"text-align: justify;\">El mundo del cine est&aacute; de luto nuevamente y es que tras conocer la noticia de que el famoso y querido Leonard Nimoy falleci&oacute; a los 83 a&ntilde;os, artistas y fan&aacute;ticos han reaccionado tanto en las redes sociales como con fotograf&iacute;as.<\/p>\n<p>El famoso actor interpret&oacute; al Se&ntilde;or &ldquo;Spock&rdquo; en la exitosa serie, Viaje a las Estrellas (Star Trek), y en las pel&iacute;culas basadas en la saga. Nimoy inclusive apareci&oacute; en &ldquo;Star Trek: en la oscuridad&rdquo; en el 2013.&nbsp; Adem&aacute;s dirigi&oacute; dos films basados en la serie durante 1984 y 1986 con &ldquo;Star Trek III: The Search for Spock&#8221; y &#8220;Star Trek IV: The Voyage Home&#8221;, respectivamente.<\/p>\n<p>El impacto de Viaje a las Estrellas gener&oacute; millones de fans y muchos de ellos se acercaron a la estrella que tiene <a href=\"http:\/\/www.rpp.com.pe\/2015-02-28-leonard-nimoy-fans-acuden-hasta-su-estrella-en-el-paseo-de-la-fama-foto_773570_1.html#foto\">Leonard Nimoy<\/a> en el paseo de la Fama para dejar flores, fotograf&iacute;as y dem&aacute;s.<\/p>\n<p style=\"text-align: justify;\">Con la famosa frase de &ldquo;Live long and prosper&rdquo; (Larga vida y prosperidad), el mundo dice adi&oacute;s al querido Leonard Nimoy.<\/p>\n<p><iframe loading=\"lazy\" src=\"https:\/\/www.youtube.com\/embed\/4wzG1u4zStM?feature=player_detailpage\" width=\"600\" height=\"400\" frameborder=\"0\" allowfullscreen=\"allowfullscreen\"><\/iframe><\/p>\n","protected":false},"excerpt":{"rendered":"<p>El actor de Viaje a las Estrellas falleci\u00f3 a los 83 a\u00f1os y sus fans dicen adi\u00f3s desde todas partes del mundo<\/p>\n","protected":false},"author":4,"featured_media":100009192,"comment_status":"open","ping_status":"open","sticky":false,"template":"","format":"standard","meta":{"_jetpack_memberships_contains_paid_content":false,"footnotes":""},"categories":[672],"tags":[],"class_list":["post-9192","post","type-post","status-publish","format-standard","has-post-thumbnail","hentry","category-tv"],"jetpack_featured_media_url":"https:\/\/www.oidossucios.com\/site\/wp-content\/uploads\/2015\/02\/9192.jpg","yoast_head":"<!-- This site is optimized with the Yoast SEO plugin v14.0.4 - https:\/\/yoast.com\/wordpress\/plugins\/seo\/ -->\n<title>Larga vida y prosperidad Leonard Nimoy - OidosSucios.Com<\/title>\n<meta name=\"description\" content=\"El actor de Viaje a las Estrellas falleci\u00f3 a los 83 a\u00f1os y sus fans dicen adi\u00f3s desde todas partes del mundo\" \/>\n<meta name=\"robots\" content=\"index, follow\" \/>\n<meta name=\"googlebot\" content=\"index, follow, max-snippet:-1, max-image-preview:large, max-video-preview:-1\" \/>\n<meta name=\"bingbot\" content=\"index, follow, max-snippet:-1, max-image-preview:large, max-video-preview:-1\" \/>\n<link rel=\"canonical\" href=\"https:\/\/www.oidossucios.com\/site\/larga-vida-y-prosperidad-leonard-nimoy\/\" \/>\n<meta property=\"og:locale\" content=\"es_ES\" \/>\n<meta property=\"og:type\" content=\"article\" \/>\n<meta property=\"og:title\" content=\"Larga vida y prosperidad Leonard Nimoy - OidosSucios.Com\" \/>\n<meta property=\"og:description\" content=\"El actor de Viaje a las Estrellas falleci\u00f3 a los 83 a\u00f1os y sus fans dicen adi\u00f3s desde todas partes del mundo\" \/>\n<meta property=\"og:url\" content=\"https:\/\/www.oidossucios.com\/site\/larga-vida-y-prosperidad-leonard-nimoy\/\" \/>\n<meta property=\"og:site_name\" content=\"OidosSucios.Com\" \/>\n<meta property=\"article:published_time\" content=\"2015-02-28T15:01:00+00:00\" \/>\n<meta property=\"article:modified_time\" content=\"2020-05-07T12:47:42+00:00\" \/>\n<meta property=\"og:image\" content=\"https:\/\/www.oidossucios.com\/site\/wp-content\/uploads\/2015\/02\/9192.jpg\" \/>\n\t<meta property=\"og:image:width\" content=\"350\" \/>\n\t<meta property=\"og:image:height\" content=\"300\" \/>\n<meta name=\"twitter:card\" content=\"summary_large_image\" \/>\n<meta name=\"twitter:creator\" content=\"@oidossucios\" \/>\n<script type=\"application\/ld+json\" class=\"yoast-schema-graph\">{\"@context\":\"https:\/\/schema.org\",\"@graph\":[{\"@type\":\"WebSite\",\"@id\":\"https:\/\/www.oidossucios.com\/site\/#website\",\"url\":\"https:\/\/www.oidossucios.com\/site\/\",\"name\":\"OidosSucios.Com\",\"description\":\"M\\u00fasica, conciertos, discos\",\"potentialAction\":[{\"@type\":\"SearchAction\",\"target\":\"https:\/\/www.oidossucios.com\/site\/?s={search_term_string}\",\"query-input\":\"required name=search_term_string\"}],\"inLanguage\":\"es\"},{\"@type\":\"ImageObject\",\"@id\":\"https:\/\/www.oidossucios.com\/site\/larga-vida-y-prosperidad-leonard-nimoy\/#primaryimage\",\"inLanguage\":\"es\",\"url\":\"https:\/\/www.oidossucios.com\/site\/wp-content\/uploads\/2015\/02\/9192.jpg\",\"width\":350,\"height\":300},{\"@type\":\"WebPage\",\"@id\":\"https:\/\/www.oidossucios.com\/site\/larga-vida-y-prosperidad-leonard-nimoy\/#webpage\",\"url\":\"https:\/\/www.oidossucios.com\/site\/larga-vida-y-prosperidad-leonard-nimoy\/\",\"name\":\"Larga vida y prosperidad Leonard Nimoy - OidosSucios.Com\",\"isPartOf\":{\"@id\":\"https:\/\/www.oidossucios.com\/site\/#website\"},\"primaryImageOfPage\":{\"@id\":\"https:\/\/www.oidossucios.com\/site\/larga-vida-y-prosperidad-leonard-nimoy\/#primaryimage\"},\"datePublished\":\"2015-02-28T15:01:00+00:00\",\"dateModified\":\"2020-05-07T12:47:42+00:00\",\"author\":{\"@id\":\"https:\/\/www.oidossucios.com\/site\/#\/schema\/person\/24559eeb76bf83a63296fb072393a688\"},\"description\":\"El actor de Viaje a las Estrellas falleci\\u00f3 a los 83 a\\u00f1os y sus fans dicen adi\\u00f3s desde todas partes del mundo\",\"inLanguage\":\"es\",\"potentialAction\":[{\"@type\":\"ReadAction\",\"target\":[\"https:\/\/www.oidossucios.com\/site\/larga-vida-y-prosperidad-leonard-nimoy\/\"]}]},{\"@type\":[\"Person\"],\"@id\":\"https:\/\/www.oidossucios.com\/site\/#\/schema\/person\/24559eeb76bf83a63296fb072393a688\",\"name\":\"Oidossucios\",\"image\":{\"@type\":\"ImageObject\",\"@id\":\"https:\/\/www.oidossucios.com\/site\/#personlogo\",\"inLanguage\":\"es\",\"url\":\"https:\/\/secure.gravatar.com\/avatar\/74fcb480f42f1a33e50a0b6e6369a3f907be2e43dc84fa5f76c66e9c22b4a5ab?s=96&d=mm&r=g\",\"caption\":\"Oidossucios\"},\"sameAs\":[\"https:\/\/twitter.com\/oidossucios\"]}]}<\/script>\n<!-- \/ Yoast SEO plugin. -->","jetpack_sharing_enabled":true,"_links":{"self":[{"href":"https:\/\/www.oidossucios.com\/site\/wp-json\/wp\/v2\/posts\/9192","targetHints":{"allow":["GET"]}}],"collection":[{"href":"https:\/\/www.oidossucios.com\/site\/wp-json\/wp\/v2\/posts"}],"about":[{"href":"https:\/\/www.oidossucios.com\/site\/wp-json\/wp\/v2\/types\/post"}],"author":[{"embeddable":true,"href":"https:\/\/www.oidossucios.com\/site\/wp-json\/wp\/v2\/users\/4"}],"replies":[{"embeddable":true,"href":"https:\/\/www.oidossucios.com\/site\/wp-json\/wp\/v2\/comments?post=9192"}],"version-history":[{"count":1,"href":"https:\/\/www.oidossucios.com\/site\/wp-json\/wp\/v2\/posts\/9192\/revisions"}],"predecessor-version":[{"id":111116520,"href":"https:\/\/www.oidossucios.com\/site\/wp-json\/wp\/v2\/posts\/9192\/revisions\/111116520"}],"wp:featuredmedia":[{"embeddable":true,"href":"https:\/\/www.oidossucios.com\/site\/wp-json\/wp\/v2\/media\/100009192"}],"wp:attachment":[{"href":"https:\/\/www.oidossucios.com\/site\/wp-json\/wp\/v2\/media?parent=9192"}],"wp:term":[{"taxonomy":"category","embeddable":true,"href":"https:\/\/www.oidossucios.com\/site\/wp-json\/wp\/v2\/categories?post=9192"},{"taxonomy":"post_tag","embeddable":true,"href":"https:\/\/www.oidossucios.com\/site\/wp-json\/wp\/v2\/tags?post=9192"}],"curies":[{"name":"wp","href":"https:\/\/api.w.org\/{rel}","templated":true}]}}