{"id":9207,"date":"2015-03-10T02:35:00","date_gmt":"2015-03-10T02:35:00","guid":{"rendered":"https:\/\/www.oidossucios.com\/site\/2015\/03\/10\/muse-saca-a-la-luz-un-adelanto-de-psycho-el-primer-single-de-drones\/"},"modified":"2020-05-07T08:47:40","modified_gmt":"2020-05-07T12:47:40","slug":"muse-saca-a-la-luz-un-adelanto-de-psycho-el-primer-single-de-drones","status":"publish","type":"post","link":"https:\/\/www.oidossucios.com\/site\/muse-saca-a-la-luz-un-adelanto-de-psycho-el-primer-single-de-drones\/","title":{"rendered":"Muse saca a la luz un adelanto de Psycho, el primer single de Drones"},"content":{"rendered":"<p style=\"text-align: justify;\">Muse ha sacado a la luz un adelanto de Psycho, el primer single de Drones, a trav&eacute;s de su cuenta de Instagram. La descripci&oacute;n del v&iacute;deo, que puedes ver a continuaci&oacute;n, detalla que la banda est&aacute; finalizando los &uacute;ltimos retoques del tema de presentaci&oacute;n de su s&eacute;ptimo disco de estudio; que ver&aacute; la luz a mediados de 2015.<\/p>\n<p>Matt Bellamy, el cantante de la banda, ha detallado a trav&eacute;s de su cuenta oficial de Twitter que el esperado pr&oacute;ximo single de la formaci&oacute;n ser&aacute; &#8220;muy ofensivo&#8221; como para emitirse en las emisoras de radio en respuesta a una pregunta de uno de sus seguidores sobre los rumores que aseguraban que el tema ver&iacute;a la luz de esta forma.<\/p>\n<p>La formaci&oacute;n lleva trabajando en el disco desde enero de 2013. Tras sus &uacute;ltimos experimentos son sinton&iacute;as y orquestas, Bellamy ha decidido que Drones volver&aacute; a sus or&iacute;genes rockeros. &#8220;Nos vamos a volver a centrar en nuestros propios instrumentos: guitarra, bajo y bater&iacute;a&#8221;, sentenciaba el cantante hace unos meses.<\/p>\n<p style=\"text-align: justify;\">Entre los temas que Muse abarca en este proyecto se encuentran la Tercera Guerra Mundial, la &#8220;ecolog&iacute;a profunda&#8221; y &#8220;la brecha de la empat&iacute;a&#8221; tal y como detall&oacute; el cantante de la formaci&oacute;n en septiembre de 2014 descartando una vez m&aacute;s las letras que tengan que ver con su vida personal.<\/p>\n<p style=\"text-align: justify;\">&nbsp;<\/p>\n<p style=\"text-align: justify;\">Fuente: Tribu Magazine<\/p>\n<p style=\"text-align: justify;\">&nbsp;<\/p>\n<blockquote class=\"instagram-media\" style=\"background: #FFF; border: 0; border-radius: 3px; box-shadow: 0 0 1px 0 rgba(0,0,0,0.5),0 1px 10px 0 rgba(0,0,0,0.15); margin: 1px; max-width: 658px; padding: 0; width: calc(100% - 2px);\" data-instgrm-captioned=\"\" data-instgrm-version=\"4\">\n<div style=\"padding: 8px;\">\n<div style=\"background: #F8F8F8; line-height: 0; margin-top: 40px; padding: 50% 0; text-align: center; width: 100%;\">&nbsp;<\/div>\n<p style=\"margin: 8px 0 0 0; padding: 0 4px;\"><a style=\"color: #000; font-family: Arial,sans-serif; font-size: 14px; font-style: normal; font-weight: normal; line-height: 17px; text-decoration: none; word-wrap: break-word;\" href=\"https:\/\/instagram.com\/p\/z--_HynXX9\/\" target=\"_top\" rel=\"noopener noreferrer\">Mixing #psycho to a VERY tight deadline #MuseDrones<\/a><\/p>\n<p style=\"color: #c9c8cd; font-family: Arial,sans-serif; font-size: 14px; line-height: 17px; margin-bottom: 0; margin-top: 8px; overflow: hidden; padding: 8px 0 7px; text-align: center; text-overflow: ellipsis; white-space: nowrap;\">Un v&iacute;deo publicado por @muse el <time style=\"font-family: Arial,sans-serif; font-size: 14px; line-height: 17px;\" datetime=\"2015-03-08T22:51:25+00:00\">8 de Mar de 2015 a la(s) 3:51 PDT<\/time><\/p>\n<\/p><\/div>\n<\/blockquote>\n<p> <script src=\"http:\/\/platform.instagram.com\/en_US\/embeds.js\" async=\"\" defer=\"defer\"><\/script><\/p>\n","protected":false},"excerpt":{"rendered":"<p>La banda est\u00e1 finalizando los \u00faltimos retoques del tema de presentaci\u00f3n de su s\u00e9ptimo disco de estudio<\/p>\n","protected":false},"author":4,"featured_media":100009207,"comment_status":"open","ping_status":"open","sticky":false,"template":"","format":"standard","meta":{"_jetpack_memberships_contains_paid_content":false,"footnotes":""},"categories":[142],"tags":[],"class_list":["post-9207","post","type-post","status-publish","format-standard","has-post-thumbnail","hentry","category-buzznews"],"jetpack_featured_media_url":"https:\/\/www.oidossucios.com\/site\/wp-content\/uploads\/2015\/03\/9207.jpg","yoast_head":"<!-- This site is optimized with the Yoast SEO plugin v14.0.4 - https:\/\/yoast.com\/wordpress\/plugins\/seo\/ -->\n<title>Muse saca a la luz un adelanto de Psycho, el primer single de Drones - OidosSucios.Com<\/title>\n<meta name=\"description\" content=\"La banda est\u00e1 finalizando los \u00faltimos retoques del tema de presentaci\u00f3n de su s\u00e9ptimo disco de estudio\" \/>\n<meta name=\"robots\" content=\"index, follow\" \/>\n<meta name=\"googlebot\" content=\"index, follow, max-snippet:-1, max-image-preview:large, max-video-preview:-1\" \/>\n<meta name=\"bingbot\" content=\"index, follow, max-snippet:-1, max-image-preview:large, max-video-preview:-1\" \/>\n<link rel=\"canonical\" href=\"https:\/\/www.oidossucios.com\/site\/muse-saca-a-la-luz-un-adelanto-de-psycho-el-primer-single-de-drones\/\" \/>\n<meta property=\"og:locale\" content=\"es_ES\" \/>\n<meta property=\"og:type\" content=\"article\" \/>\n<meta property=\"og:title\" content=\"Muse saca a la luz un adelanto de Psycho, el primer single de Drones - OidosSucios.Com\" \/>\n<meta property=\"og:description\" content=\"La banda est\u00e1 finalizando los \u00faltimos retoques del tema de presentaci\u00f3n de su s\u00e9ptimo disco de estudio\" \/>\n<meta property=\"og:url\" content=\"https:\/\/www.oidossucios.com\/site\/muse-saca-a-la-luz-un-adelanto-de-psycho-el-primer-single-de-drones\/\" \/>\n<meta property=\"og:site_name\" content=\"OidosSucios.Com\" \/>\n<meta property=\"article:published_time\" content=\"2015-03-10T02:35:00+00:00\" \/>\n<meta property=\"article:modified_time\" content=\"2020-05-07T12:47:40+00:00\" \/>\n<meta property=\"og:image\" content=\"https:\/\/www.oidossucios.com\/site\/wp-content\/uploads\/2015\/03\/9207.jpg\" \/>\n\t<meta property=\"og:image:width\" content=\"350\" \/>\n\t<meta property=\"og:image:height\" content=\"300\" \/>\n<meta name=\"twitter:card\" content=\"summary_large_image\" \/>\n<meta name=\"twitter:creator\" content=\"@oidossucios\" \/>\n<script type=\"application\/ld+json\" class=\"yoast-schema-graph\">{\"@context\":\"https:\/\/schema.org\",\"@graph\":[{\"@type\":\"WebSite\",\"@id\":\"https:\/\/www.oidossucios.com\/site\/#website\",\"url\":\"https:\/\/www.oidossucios.com\/site\/\",\"name\":\"OidosSucios.Com\",\"description\":\"M\\u00fasica, conciertos, discos\",\"potentialAction\":[{\"@type\":\"SearchAction\",\"target\":\"https:\/\/www.oidossucios.com\/site\/?s={search_term_string}\",\"query-input\":\"required name=search_term_string\"}],\"inLanguage\":\"es\"},{\"@type\":\"ImageObject\",\"@id\":\"https:\/\/www.oidossucios.com\/site\/muse-saca-a-la-luz-un-adelanto-de-psycho-el-primer-single-de-drones\/#primaryimage\",\"inLanguage\":\"es\",\"url\":\"https:\/\/www.oidossucios.com\/site\/wp-content\/uploads\/2015\/03\/9207.jpg\",\"width\":350,\"height\":300},{\"@type\":\"WebPage\",\"@id\":\"https:\/\/www.oidossucios.com\/site\/muse-saca-a-la-luz-un-adelanto-de-psycho-el-primer-single-de-drones\/#webpage\",\"url\":\"https:\/\/www.oidossucios.com\/site\/muse-saca-a-la-luz-un-adelanto-de-psycho-el-primer-single-de-drones\/\",\"name\":\"Muse saca a la luz un adelanto de Psycho, el primer single de Drones - OidosSucios.Com\",\"isPartOf\":{\"@id\":\"https:\/\/www.oidossucios.com\/site\/#website\"},\"primaryImageOfPage\":{\"@id\":\"https:\/\/www.oidossucios.com\/site\/muse-saca-a-la-luz-un-adelanto-de-psycho-el-primer-single-de-drones\/#primaryimage\"},\"datePublished\":\"2015-03-10T02:35:00+00:00\",\"dateModified\":\"2020-05-07T12:47:40+00:00\",\"author\":{\"@id\":\"https:\/\/www.oidossucios.com\/site\/#\/schema\/person\/24559eeb76bf83a63296fb072393a688\"},\"description\":\"La banda est\\u00e1 finalizando los \\u00faltimos retoques del tema de presentaci\\u00f3n de su s\\u00e9ptimo disco de estudio\",\"inLanguage\":\"es\",\"potentialAction\":[{\"@type\":\"ReadAction\",\"target\":[\"https:\/\/www.oidossucios.com\/site\/muse-saca-a-la-luz-un-adelanto-de-psycho-el-primer-single-de-drones\/\"]}]},{\"@type\":[\"Person\"],\"@id\":\"https:\/\/www.oidossucios.com\/site\/#\/schema\/person\/24559eeb76bf83a63296fb072393a688\",\"name\":\"Oidossucios\",\"image\":{\"@type\":\"ImageObject\",\"@id\":\"https:\/\/www.oidossucios.com\/site\/#personlogo\",\"inLanguage\":\"es\",\"url\":\"https:\/\/secure.gravatar.com\/avatar\/74fcb480f42f1a33e50a0b6e6369a3f907be2e43dc84fa5f76c66e9c22b4a5ab?s=96&d=mm&r=g\",\"caption\":\"Oidossucios\"},\"sameAs\":[\"https:\/\/twitter.com\/oidossucios\"]}]}<\/script>\n<!-- \/ Yoast SEO plugin. -->","jetpack_sharing_enabled":true,"_links":{"self":[{"href":"https:\/\/www.oidossucios.com\/site\/wp-json\/wp\/v2\/posts\/9207","targetHints":{"allow":["GET"]}}],"collection":[{"href":"https:\/\/www.oidossucios.com\/site\/wp-json\/wp\/v2\/posts"}],"about":[{"href":"https:\/\/www.oidossucios.com\/site\/wp-json\/wp\/v2\/types\/post"}],"author":[{"embeddable":true,"href":"https:\/\/www.oidossucios.com\/site\/wp-json\/wp\/v2\/users\/4"}],"replies":[{"embeddable":true,"href":"https:\/\/www.oidossucios.com\/site\/wp-json\/wp\/v2\/comments?post=9207"}],"version-history":[{"count":1,"href":"https:\/\/www.oidossucios.com\/site\/wp-json\/wp\/v2\/posts\/9207\/revisions"}],"predecessor-version":[{"id":111116500,"href":"https:\/\/www.oidossucios.com\/site\/wp-json\/wp\/v2\/posts\/9207\/revisions\/111116500"}],"wp:featuredmedia":[{"embeddable":true,"href":"https:\/\/www.oidossucios.com\/site\/wp-json\/wp\/v2\/media\/100009207"}],"wp:attachment":[{"href":"https:\/\/www.oidossucios.com\/site\/wp-json\/wp\/v2\/media?parent=9207"}],"wp:term":[{"taxonomy":"category","embeddable":true,"href":"https:\/\/www.oidossucios.com\/site\/wp-json\/wp\/v2\/categories?post=9207"},{"taxonomy":"post_tag","embeddable":true,"href":"https:\/\/www.oidossucios.com\/site\/wp-json\/wp\/v2\/tags?post=9207"}],"curies":[{"name":"wp","href":"https:\/\/api.w.org\/{rel}","templated":true}]}}