{"id":9210,"date":"2015-03-11T02:31:00","date_gmt":"2015-03-11T02:31:00","guid":{"rendered":"https:\/\/www.oidossucios.com\/site\/2015\/03\/11\/motorhead-anuncia-nuevo-disco-para-otono\/"},"modified":"2020-05-07T08:47:40","modified_gmt":"2020-05-07T12:47:40","slug":"motorhead-anuncia-nuevo-disco-para-otono","status":"publish","type":"post","link":"https:\/\/www.oidossucios.com\/site\/motorhead-anuncia-nuevo-disco-para-otono\/","title":{"rendered":"Mot\u00f6rhead anuncia nuevo disco para oto\u00f1o"},"content":{"rendered":"<p style=\"text-align: justify;\">El nuevo &aacute;lbum de Mot&ouml;rhead llegar&aacute; en oto&ntilde;o. Hace pocos d&iacute;as pod&iacute;amos ver en el perfil de la banda en Instagram fotos y mensajes de algunos de sus miembros en el estudio y ahora mediante un comunicado han dicho esto. Ni t&iacute;tulo ni fecha concreta oficial de publicaci&oacute;n hay a&uacute;n, pero la cuenta atr&aacute;s ha comenzado.<\/p>\n<p>Los de Lemmy Kilmister est&aacute;n trabajando con su productor habitual, Cameron Webb, y el disco llegar&aacute; dos a&ntilde;os despu&eacute;s de su &uacute;ltimo trabajo, Aftershock, tambi&eacute;n producido por Webb.<\/p>\n<p>Adem&aacute;s, mientras se termina de producir el disco, los brit&aacute;nicos comenzar&aacute;n una gira veraniega por Jap&oacute;n nada menos que con Foo Fighters, para terminar en septiembre con un nuevo crucero rockero, Mot&ouml;rboat Cruise, como el que hicieron el a&ntilde;o pasado y cont&oacute; con, entre otros, Anthrax, Danko Jones, Down, Zakk Wylde y Testament.<\/p>\n<p>Mientras termina de grabar, Mot&ouml;rhead ha anunciado la reedici&oacute;n en dos tandas de nueve &aacute;lbumes de su cat&aacute;logo: el 30 de marzo llegar&aacute;n Overkill, Bomber, Ace of spades, No sleep &lsquo;til hammersmith, Iron fist y Another perfect day, y&nbsp; el 27 de abril ser&aacute;n No remorse, Orgasmatron y Rock&rsquo;n&rsquo;roll.<\/p>\n<p>Fuente: Rolling Stone Espa&ntilde;a<\/p>\n","protected":false},"excerpt":{"rendered":"<p>Los de Lemmy Kilmister preparan adem\u00e1s gira japonesa veraniega con Foo Fighters, reedici\u00f3n de nueve \u00e1lbumes y la segunda convocatoria a su crucero rockero<\/p>\n","protected":false},"author":4,"featured_media":100009210,"comment_status":"open","ping_status":"open","sticky":false,"template":"","format":"standard","meta":{"_jetpack_memberships_contains_paid_content":false,"footnotes":""},"categories":[142],"tags":[],"class_list":["post-9210","post","type-post","status-publish","format-standard","has-post-thumbnail","hentry","category-buzznews"],"jetpack_featured_media_url":"https:\/\/www.oidossucios.com\/site\/wp-content\/uploads\/2015\/03\/9210.jpg","yoast_head":"<!-- This site is optimized with the Yoast SEO plugin v14.0.4 - https:\/\/yoast.com\/wordpress\/plugins\/seo\/ -->\n<title>Mot\u00f6rhead anuncia nuevo disco para oto\u00f1o - OidosSucios.Com<\/title>\n<meta name=\"description\" content=\"Los de Lemmy Kilmister preparan adem\u00e1s gira japonesa veraniega con Foo Fighters, reedici\u00f3n de nueve \u00e1lbumes y la segunda convocatoria a su crucero rockero\" \/>\n<meta name=\"robots\" content=\"index, follow\" \/>\n<meta name=\"googlebot\" content=\"index, follow, max-snippet:-1, max-image-preview:large, max-video-preview:-1\" \/>\n<meta name=\"bingbot\" content=\"index, follow, max-snippet:-1, max-image-preview:large, max-video-preview:-1\" \/>\n<link rel=\"canonical\" href=\"https:\/\/www.oidossucios.com\/site\/motorhead-anuncia-nuevo-disco-para-otono\/\" \/>\n<meta property=\"og:locale\" content=\"es_ES\" \/>\n<meta property=\"og:type\" content=\"article\" \/>\n<meta property=\"og:title\" content=\"Mot\u00f6rhead anuncia nuevo disco para oto\u00f1o - OidosSucios.Com\" \/>\n<meta property=\"og:description\" content=\"Los de Lemmy Kilmister preparan adem\u00e1s gira japonesa veraniega con Foo Fighters, reedici\u00f3n de nueve \u00e1lbumes y la segunda convocatoria a su crucero rockero\" \/>\n<meta property=\"og:url\" content=\"https:\/\/www.oidossucios.com\/site\/motorhead-anuncia-nuevo-disco-para-otono\/\" \/>\n<meta property=\"og:site_name\" content=\"OidosSucios.Com\" \/>\n<meta property=\"article:published_time\" content=\"2015-03-11T02:31:00+00:00\" \/>\n<meta property=\"article:modified_time\" content=\"2020-05-07T12:47:40+00:00\" \/>\n<meta property=\"og:image\" content=\"https:\/\/www.oidossucios.com\/site\/wp-content\/uploads\/2015\/03\/9210.jpg\" \/>\n\t<meta property=\"og:image:width\" content=\"350\" \/>\n\t<meta property=\"og:image:height\" content=\"300\" \/>\n<meta name=\"twitter:card\" content=\"summary_large_image\" \/>\n<meta name=\"twitter:creator\" content=\"@oidossucios\" \/>\n<script type=\"application\/ld+json\" class=\"yoast-schema-graph\">{\"@context\":\"https:\/\/schema.org\",\"@graph\":[{\"@type\":\"WebSite\",\"@id\":\"https:\/\/www.oidossucios.com\/site\/#website\",\"url\":\"https:\/\/www.oidossucios.com\/site\/\",\"name\":\"OidosSucios.Com\",\"description\":\"M\\u00fasica, conciertos, discos\",\"potentialAction\":[{\"@type\":\"SearchAction\",\"target\":\"https:\/\/www.oidossucios.com\/site\/?s={search_term_string}\",\"query-input\":\"required name=search_term_string\"}],\"inLanguage\":\"es\"},{\"@type\":\"ImageObject\",\"@id\":\"https:\/\/www.oidossucios.com\/site\/motorhead-anuncia-nuevo-disco-para-otono\/#primaryimage\",\"inLanguage\":\"es\",\"url\":\"https:\/\/www.oidossucios.com\/site\/wp-content\/uploads\/2015\/03\/9210.jpg\",\"width\":350,\"height\":300},{\"@type\":\"WebPage\",\"@id\":\"https:\/\/www.oidossucios.com\/site\/motorhead-anuncia-nuevo-disco-para-otono\/#webpage\",\"url\":\"https:\/\/www.oidossucios.com\/site\/motorhead-anuncia-nuevo-disco-para-otono\/\",\"name\":\"Mot\\u00f6rhead anuncia nuevo disco para oto\\u00f1o - OidosSucios.Com\",\"isPartOf\":{\"@id\":\"https:\/\/www.oidossucios.com\/site\/#website\"},\"primaryImageOfPage\":{\"@id\":\"https:\/\/www.oidossucios.com\/site\/motorhead-anuncia-nuevo-disco-para-otono\/#primaryimage\"},\"datePublished\":\"2015-03-11T02:31:00+00:00\",\"dateModified\":\"2020-05-07T12:47:40+00:00\",\"author\":{\"@id\":\"https:\/\/www.oidossucios.com\/site\/#\/schema\/person\/24559eeb76bf83a63296fb072393a688\"},\"description\":\"Los de Lemmy Kilmister preparan adem\\u00e1s gira japonesa veraniega con Foo Fighters, reedici\\u00f3n de nueve \\u00e1lbumes y la segunda convocatoria a su crucero rockero\",\"inLanguage\":\"es\",\"potentialAction\":[{\"@type\":\"ReadAction\",\"target\":[\"https:\/\/www.oidossucios.com\/site\/motorhead-anuncia-nuevo-disco-para-otono\/\"]}]},{\"@type\":[\"Person\"],\"@id\":\"https:\/\/www.oidossucios.com\/site\/#\/schema\/person\/24559eeb76bf83a63296fb072393a688\",\"name\":\"Oidossucios\",\"image\":{\"@type\":\"ImageObject\",\"@id\":\"https:\/\/www.oidossucios.com\/site\/#personlogo\",\"inLanguage\":\"es\",\"url\":\"https:\/\/secure.gravatar.com\/avatar\/74fcb480f42f1a33e50a0b6e6369a3f907be2e43dc84fa5f76c66e9c22b4a5ab?s=96&d=mm&r=g\",\"caption\":\"Oidossucios\"},\"sameAs\":[\"https:\/\/twitter.com\/oidossucios\"]}]}<\/script>\n<!-- \/ Yoast SEO plugin. -->","jetpack_sharing_enabled":true,"_links":{"self":[{"href":"https:\/\/www.oidossucios.com\/site\/wp-json\/wp\/v2\/posts\/9210","targetHints":{"allow":["GET"]}}],"collection":[{"href":"https:\/\/www.oidossucios.com\/site\/wp-json\/wp\/v2\/posts"}],"about":[{"href":"https:\/\/www.oidossucios.com\/site\/wp-json\/wp\/v2\/types\/post"}],"author":[{"embeddable":true,"href":"https:\/\/www.oidossucios.com\/site\/wp-json\/wp\/v2\/users\/4"}],"replies":[{"embeddable":true,"href":"https:\/\/www.oidossucios.com\/site\/wp-json\/wp\/v2\/comments?post=9210"}],"version-history":[{"count":1,"href":"https:\/\/www.oidossucios.com\/site\/wp-json\/wp\/v2\/posts\/9210\/revisions"}],"predecessor-version":[{"id":111116499,"href":"https:\/\/www.oidossucios.com\/site\/wp-json\/wp\/v2\/posts\/9210\/revisions\/111116499"}],"wp:featuredmedia":[{"embeddable":true,"href":"https:\/\/www.oidossucios.com\/site\/wp-json\/wp\/v2\/media\/100009210"}],"wp:attachment":[{"href":"https:\/\/www.oidossucios.com\/site\/wp-json\/wp\/v2\/media?parent=9210"}],"wp:term":[{"taxonomy":"category","embeddable":true,"href":"https:\/\/www.oidossucios.com\/site\/wp-json\/wp\/v2\/categories?post=9210"},{"taxonomy":"post_tag","embeddable":true,"href":"https:\/\/www.oidossucios.com\/site\/wp-json\/wp\/v2\/tags?post=9210"}],"curies":[{"name":"wp","href":"https:\/\/api.w.org\/{rel}","templated":true}]}}