{"id":9240,"date":"2015-03-27T01:38:00","date_gmt":"2015-03-27T01:38:00","guid":{"rendered":"https:\/\/www.oidossucios.com\/site\/2015\/03\/27\/ex-manager-de-guns-n-roses-revelo-por-que-se-pelearon-slash-y-axl-rose\/"},"modified":"2020-05-07T08:47:37","modified_gmt":"2020-05-07T12:47:37","slug":"ex-manager-de-guns-n-roses-revelo-por-que-se-pelearon-slash-y-axl-rose","status":"publish","type":"post","link":"https:\/\/www.oidossucios.com\/site\/ex-manager-de-guns-n-roses-revelo-por-que-se-pelearon-slash-y-axl-rose\/","title":{"rendered":"Ex manager de Guns n Roses revel\u00f3 por qu\u00e9 se pelearon Slash y Axl Rose"},"content":{"rendered":"<p style=\"text-align: justify;\">Se trata de la pulseada m&aacute;s memorable de los noventas, que termin&oacute; cuando el guitarrista de la galera dej&oacute; la banda en 1996. No es todo sexo, drogas y rock &amp; roll.<\/p>\n<p>Uno de los antiguos managers de Guns n Roses revel&oacute; esta semana el verdadero motivo detr&aacute;s de la pelea que devino en la renuncia de Slash a la banda en 1996. Las drogas, los egos y el dinero no tuvieron tanto que ver con la ruptura como una cuesti&oacute;n personal entre Axl Rose y Michael Jackson.<\/p>\n<p>Nota Relacionada: Los usuarios de las redes sociales dispararon contra Axl Rose<br \/>Corr&iacute;a el a&ntilde;o 1991 y el rey del pop estaba en pleno apogeo de su carrera mientras preparaba el disco &#8220;Dangerous&#8221;, en el que Slash particip&oacute; como guitarrista del tema &#8220;Black or White&#8221;. Adem&aacute;s, el m&uacute;sico de la galera colabor&oacute; con Jackson en el tema &#8220;Give it to me&#8221;, otro corte del mismo &aacute;lbum.<\/p>\n<p>Pero Rose estaba furioso con Slash por su trabajo con el rey del pop debido a que por esos d&iacute;as hab&iacute;an comenzado a salir a la luz las denuncias por abuso infantil que llevaron a Jackson a caer de la cima del mundo de la m&uacute;sica, y eso le tocaba muy de cerca.<\/p>\n<p>&#8220;Yo le dije [a Slash] que no lo hiciera porque Axl hab&iacute;a sido abusado por su padre cuando ten&iacute;a dos a&ntilde;os y &eacute;l cre&iacute;a que los cargos contra Jackson eran verdad&#8221;, record&oacute; Doug Goldstein seg&uacute;n el sitio Consequence of Sound. &#8220;Le pregunt&eacute;: &iquest;Cu&aacute;nto te van a dar por eso&#8230;?, y me contest&oacute;: Voy a recibir una televisi&oacute;n de pantalla grande&#8221;, record&oacute; el ex manager de la banda.<\/p>\n<p>&#8220;Axl se sinti&oacute; devastado cuando se enter&oacute; de que Slash iba a tocar con Michael Jackson y que le pagar&iacute;an con una tele de pantalla grande. &Eacute;l pens&oacute; que Slash lo iba a apoyar y que se iba a oponer a toda forma de abuso. Desde el punto de vista de Axl, ese era el &uacute;nico problema. Pod&iacute;a ignorar las drogas y el alcohol, pero nunca el abuso infantil&#8221;, explic&oacute; Goldstein en la edici&oacute;n brasile&ntilde;a de la revista Rolling Stone.<\/p>\n<p>Goldstein subi&oacute; la apuesta al asegurar que, a&uacute;n a pesar de los motivos personales que llevaron a Rose a romper su relaci&oacute;n con Slash, &eacute;l a&uacute;n podr&iacute;a reunir a los dos miembros m&aacute;s ic&oacute;nicos de GnR. &#8220;Creo que con lo mucho que amo a la banda, yo ser&iacute;a el &uacute;nico capaz de juntarlos. No creo que nadie m&aacute;s pueda hacerlo&#8221;, sostuvo.<\/p>\n<p>Sin embargo, en todos estos a&ntilde;os Slash y Rose nunca se sentaron a hablar del tema como dos personas adultas y civilizadas, as&iacute; que es probable que la reuni&oacute;n tarde un poco m&aacute;s en producirse.<\/p>\n<p>Mientras tanto, Slash est&aacute; de gira con Myles Kennedy &amp; The Conspirators y hasta cont&oacute; con la banda del ex bajista de Guns n Roses, Duff McKagans Loaded, como teloneros en su show en Buenos Aires el 7 de marzo pasado.<\/p>\n<p>Lo curioso del caso es que McKagan visit&oacute; la Argentina en 2014, cuando toc&oacute; con la versi&oacute;n actual de Gun n Roses, liderada por Axl Rose.<\/p>\n<p>Fuente: Minuto 1<\/p>\n","protected":false},"excerpt":{"rendered":"<p>Se trata de la pulseada m\u00e1s memorable de los noventas, que termin\u00f3 cuando el guitarrista de la galera dej\u00f3 la banda en 1996<\/p>\n","protected":false},"author":4,"featured_media":100009240,"comment_status":"open","ping_status":"open","sticky":false,"template":"","format":"standard","meta":{"_jetpack_memberships_contains_paid_content":false,"footnotes":""},"categories":[142],"tags":[],"class_list":["post-9240","post","type-post","status-publish","format-standard","has-post-thumbnail","hentry","category-buzznews"],"jetpack_featured_media_url":"https:\/\/www.oidossucios.com\/site\/wp-content\/uploads\/2015\/03\/9240.jpg","yoast_head":"<!-- This site is optimized with the Yoast SEO plugin v14.0.4 - https:\/\/yoast.com\/wordpress\/plugins\/seo\/ -->\n<title>Ex manager de Guns n Roses revel\u00f3 por qu\u00e9 se pelearon Slash y Axl Rose - OidosSucios.Com<\/title>\n<meta name=\"description\" content=\"Se trata de la pulseada m\u00e1s memorable de los noventas, que termin\u00f3 cuando el guitarrista de la galera dej\u00f3 la banda en 1996\" \/>\n<meta name=\"robots\" content=\"index, follow\" \/>\n<meta name=\"googlebot\" content=\"index, follow, max-snippet:-1, max-image-preview:large, max-video-preview:-1\" \/>\n<meta name=\"bingbot\" content=\"index, follow, max-snippet:-1, max-image-preview:large, max-video-preview:-1\" \/>\n<link rel=\"canonical\" href=\"https:\/\/www.oidossucios.com\/site\/ex-manager-de-guns-n-roses-revelo-por-que-se-pelearon-slash-y-axl-rose\/\" \/>\n<meta property=\"og:locale\" content=\"es_ES\" \/>\n<meta property=\"og:type\" content=\"article\" \/>\n<meta property=\"og:title\" content=\"Ex manager de Guns n Roses revel\u00f3 por qu\u00e9 se pelearon Slash y Axl Rose - OidosSucios.Com\" \/>\n<meta property=\"og:description\" content=\"Se trata de la pulseada m\u00e1s memorable de los noventas, que termin\u00f3 cuando el guitarrista de la galera dej\u00f3 la banda en 1996\" \/>\n<meta property=\"og:url\" content=\"https:\/\/www.oidossucios.com\/site\/ex-manager-de-guns-n-roses-revelo-por-que-se-pelearon-slash-y-axl-rose\/\" \/>\n<meta property=\"og:site_name\" content=\"OidosSucios.Com\" \/>\n<meta property=\"article:published_time\" content=\"2015-03-27T01:38:00+00:00\" \/>\n<meta property=\"article:modified_time\" content=\"2020-05-07T12:47:37+00:00\" \/>\n<meta property=\"og:image\" content=\"https:\/\/www.oidossucios.com\/site\/wp-content\/uploads\/2015\/03\/9240.jpg\" \/>\n\t<meta property=\"og:image:width\" content=\"350\" \/>\n\t<meta property=\"og:image:height\" content=\"300\" \/>\n<meta name=\"twitter:card\" content=\"summary_large_image\" \/>\n<meta name=\"twitter:creator\" content=\"@oidossucios\" \/>\n<script type=\"application\/ld+json\" class=\"yoast-schema-graph\">{\"@context\":\"https:\/\/schema.org\",\"@graph\":[{\"@type\":\"WebSite\",\"@id\":\"https:\/\/www.oidossucios.com\/site\/#website\",\"url\":\"https:\/\/www.oidossucios.com\/site\/\",\"name\":\"OidosSucios.Com\",\"description\":\"M\\u00fasica, conciertos, discos\",\"potentialAction\":[{\"@type\":\"SearchAction\",\"target\":\"https:\/\/www.oidossucios.com\/site\/?s={search_term_string}\",\"query-input\":\"required name=search_term_string\"}],\"inLanguage\":\"es\"},{\"@type\":\"ImageObject\",\"@id\":\"https:\/\/www.oidossucios.com\/site\/ex-manager-de-guns-n-roses-revelo-por-que-se-pelearon-slash-y-axl-rose\/#primaryimage\",\"inLanguage\":\"es\",\"url\":\"https:\/\/www.oidossucios.com\/site\/wp-content\/uploads\/2015\/03\/9240.jpg\",\"width\":350,\"height\":300},{\"@type\":\"WebPage\",\"@id\":\"https:\/\/www.oidossucios.com\/site\/ex-manager-de-guns-n-roses-revelo-por-que-se-pelearon-slash-y-axl-rose\/#webpage\",\"url\":\"https:\/\/www.oidossucios.com\/site\/ex-manager-de-guns-n-roses-revelo-por-que-se-pelearon-slash-y-axl-rose\/\",\"name\":\"Ex manager de Guns n Roses revel\\u00f3 por qu\\u00e9 se pelearon Slash y Axl Rose - OidosSucios.Com\",\"isPartOf\":{\"@id\":\"https:\/\/www.oidossucios.com\/site\/#website\"},\"primaryImageOfPage\":{\"@id\":\"https:\/\/www.oidossucios.com\/site\/ex-manager-de-guns-n-roses-revelo-por-que-se-pelearon-slash-y-axl-rose\/#primaryimage\"},\"datePublished\":\"2015-03-27T01:38:00+00:00\",\"dateModified\":\"2020-05-07T12:47:37+00:00\",\"author\":{\"@id\":\"https:\/\/www.oidossucios.com\/site\/#\/schema\/person\/24559eeb76bf83a63296fb072393a688\"},\"description\":\"Se trata de la pulseada m\\u00e1s memorable de los noventas, que termin\\u00f3 cuando el guitarrista de la galera dej\\u00f3 la banda en 1996\",\"inLanguage\":\"es\",\"potentialAction\":[{\"@type\":\"ReadAction\",\"target\":[\"https:\/\/www.oidossucios.com\/site\/ex-manager-de-guns-n-roses-revelo-por-que-se-pelearon-slash-y-axl-rose\/\"]}]},{\"@type\":[\"Person\"],\"@id\":\"https:\/\/www.oidossucios.com\/site\/#\/schema\/person\/24559eeb76bf83a63296fb072393a688\",\"name\":\"Oidossucios\",\"image\":{\"@type\":\"ImageObject\",\"@id\":\"https:\/\/www.oidossucios.com\/site\/#personlogo\",\"inLanguage\":\"es\",\"url\":\"https:\/\/secure.gravatar.com\/avatar\/74fcb480f42f1a33e50a0b6e6369a3f907be2e43dc84fa5f76c66e9c22b4a5ab?s=96&d=mm&r=g\",\"caption\":\"Oidossucios\"},\"sameAs\":[\"https:\/\/twitter.com\/oidossucios\"]}]}<\/script>\n<!-- \/ Yoast SEO plugin. -->","jetpack_sharing_enabled":true,"_links":{"self":[{"href":"https:\/\/www.oidossucios.com\/site\/wp-json\/wp\/v2\/posts\/9240","targetHints":{"allow":["GET"]}}],"collection":[{"href":"https:\/\/www.oidossucios.com\/site\/wp-json\/wp\/v2\/posts"}],"about":[{"href":"https:\/\/www.oidossucios.com\/site\/wp-json\/wp\/v2\/types\/post"}],"author":[{"embeddable":true,"href":"https:\/\/www.oidossucios.com\/site\/wp-json\/wp\/v2\/users\/4"}],"replies":[{"embeddable":true,"href":"https:\/\/www.oidossucios.com\/site\/wp-json\/wp\/v2\/comments?post=9240"}],"version-history":[{"count":1,"href":"https:\/\/www.oidossucios.com\/site\/wp-json\/wp\/v2\/posts\/9240\/revisions"}],"predecessor-version":[{"id":111116469,"href":"https:\/\/www.oidossucios.com\/site\/wp-json\/wp\/v2\/posts\/9240\/revisions\/111116469"}],"wp:featuredmedia":[{"embeddable":true,"href":"https:\/\/www.oidossucios.com\/site\/wp-json\/wp\/v2\/media\/100009240"}],"wp:attachment":[{"href":"https:\/\/www.oidossucios.com\/site\/wp-json\/wp\/v2\/media?parent=9240"}],"wp:term":[{"taxonomy":"category","embeddable":true,"href":"https:\/\/www.oidossucios.com\/site\/wp-json\/wp\/v2\/categories?post=9240"},{"taxonomy":"post_tag","embeddable":true,"href":"https:\/\/www.oidossucios.com\/site\/wp-json\/wp\/v2\/tags?post=9240"}],"curies":[{"name":"wp","href":"https:\/\/api.w.org\/{rel}","templated":true}]}}