{"id":9265,"date":"2015-04-11T15:08:00","date_gmt":"2015-04-11T15:08:00","guid":{"rendered":"https:\/\/www.oidossucios.com\/site\/2015\/04\/11\/los-amigos-invisibles-vuelven-a-venezuela-con-gira-acustica\/"},"modified":"2020-05-07T08:47:35","modified_gmt":"2020-05-07T12:47:35","slug":"los-amigos-invisibles-vuelven-a-venezuela-con-gira-acustica","status":"publish","type":"post","link":"https:\/\/www.oidossucios.com\/site\/los-amigos-invisibles-vuelven-a-venezuela-con-gira-acustica\/","title":{"rendered":"Los Amigos Invisibles vuelven a Venezuela con gira ac\u00fastica"},"content":{"rendered":"<p style=\"text-align: justify;\">Una de las bandas venezolanas m&aacute;s reconocidas, tanto nacional como internacionalmente, volver&aacute; a la tierra que los vio nacer para ofrecer una gira de conciertos ac&uacute;sticos, haciendo un recorrido por temas que marcaron la historia musical del pa&iacute;s.<\/p>\n<p style=\"text-align: justify;\">Se trata de Los Amigos Invisibles, quienes cumplen este a&ntilde;o 24 a&ntilde;os de trayectoria musical y lo celebran con una gira en formato ac&uacute;stico que incluye presentaciones en M&eacute;xico, Estados Unidos, Canad&aacute;, Europa, Centro y Sudam&eacute;rica.<\/p>\n<p style=\"text-align: justify;\">Caracas podr&aacute; disfrutar de este concierto, el 21 de mayo, en el teatro Teresa Carre&ntilde;o; al d&iacute;a siguiente en el Hotel Venetur de Valencia; el 23 de ese mes en el Club &Iacute;talo de Barquisimeto y el 24, en el Aula Magna de la Universidad Rafael Urdaneta de Maracaibo<\/p>\n<p style=\"text-align: justify;\">Mauricio Arcas, percusionista de la banda conocido como &ldquo;Maurimixxx&rdquo;, comenta que &ldquo;ten&iacute;amos tiempo con la idea de traer a nuestro pa&iacute;s un concierto en formato ac&uacute;stico. Esto es un regalo para los fans de la banda, quienes incondicionalmente nos han acompa&ntilde;ado en estos m&aacute;s de 20 a&ntilde;os de carrera&rdquo;<\/p>\n<p style=\"text-align: justify;\">La productora encargada es Profit Producciones y las entradas pronto estar&aacute;n a la venta para aquellos fan&aacute;ticos que podr&aacute;n revivir m&aacute;s de 20 a&ntilde;os de trayectoria musical en varios escenarios del pa&iacute;s.<\/p>\n<p style=\"text-align: justify;\">&nbsp;<\/p>\n<p><iframe loading=\"lazy\" src=\"https:\/\/www.youtube.com\/embed\/OCM2pNdgzsc?feature=player_detailpage\" width=\"600\" height=\"400\" frameborder=\"0\" allowfullscreen=\"allowfullscreen\"><\/iframe><\/p>\n","protected":false},"excerpt":{"rendered":"<p>Los Amigos Invisibles cumplen este a\u00f1o 24 a\u00f1os de trayectoria musical y lo celebran con una gira en formato ac\u00fastico<\/p>\n","protected":false},"author":4,"featured_media":100009265,"comment_status":"open","ping_status":"open","sticky":false,"template":"","format":"standard","meta":{"_jetpack_memberships_contains_paid_content":false,"footnotes":""},"categories":[250],"tags":[],"class_list":["post-9265","post","type-post","status-publish","format-standard","has-post-thumbnail","hentry","category-noticias"],"jetpack_featured_media_url":"https:\/\/www.oidossucios.com\/site\/wp-content\/uploads\/2015\/04\/9265.jpg","yoast_head":"<!-- This site is optimized with the Yoast SEO plugin v14.0.4 - https:\/\/yoast.com\/wordpress\/plugins\/seo\/ -->\n<title>Los Amigos Invisibles vuelven a Venezuela con gira ac\u00fastica - OidosSucios.Com<\/title>\n<meta name=\"description\" content=\"Los Amigos Invisibles cumplen este a\u00f1o 24 a\u00f1os de trayectoria musical y lo celebran con una gira en formato ac\u00fastico\" \/>\n<meta name=\"robots\" content=\"index, follow\" \/>\n<meta name=\"googlebot\" content=\"index, follow, max-snippet:-1, max-image-preview:large, max-video-preview:-1\" \/>\n<meta name=\"bingbot\" content=\"index, follow, max-snippet:-1, max-image-preview:large, max-video-preview:-1\" \/>\n<link rel=\"canonical\" href=\"https:\/\/www.oidossucios.com\/site\/los-amigos-invisibles-vuelven-a-venezuela-con-gira-acustica\/\" \/>\n<meta property=\"og:locale\" content=\"es_ES\" \/>\n<meta property=\"og:type\" content=\"article\" \/>\n<meta property=\"og:title\" content=\"Los Amigos Invisibles vuelven a Venezuela con gira ac\u00fastica - OidosSucios.Com\" \/>\n<meta property=\"og:description\" content=\"Los Amigos Invisibles cumplen este a\u00f1o 24 a\u00f1os de trayectoria musical y lo celebran con una gira en formato ac\u00fastico\" \/>\n<meta property=\"og:url\" content=\"https:\/\/www.oidossucios.com\/site\/los-amigos-invisibles-vuelven-a-venezuela-con-gira-acustica\/\" \/>\n<meta property=\"og:site_name\" content=\"OidosSucios.Com\" \/>\n<meta property=\"article:published_time\" content=\"2015-04-11T15:08:00+00:00\" \/>\n<meta property=\"article:modified_time\" content=\"2020-05-07T12:47:35+00:00\" \/>\n<meta property=\"og:image\" content=\"https:\/\/www.oidossucios.com\/site\/wp-content\/uploads\/2015\/04\/9265.jpg\" \/>\n\t<meta property=\"og:image:width\" content=\"350\" \/>\n\t<meta property=\"og:image:height\" content=\"300\" \/>\n<meta name=\"twitter:card\" content=\"summary_large_image\" \/>\n<meta name=\"twitter:creator\" content=\"@oidossucios\" \/>\n<script type=\"application\/ld+json\" class=\"yoast-schema-graph\">{\"@context\":\"https:\/\/schema.org\",\"@graph\":[{\"@type\":\"WebSite\",\"@id\":\"https:\/\/www.oidossucios.com\/site\/#website\",\"url\":\"https:\/\/www.oidossucios.com\/site\/\",\"name\":\"OidosSucios.Com\",\"description\":\"M\\u00fasica, conciertos, discos\",\"potentialAction\":[{\"@type\":\"SearchAction\",\"target\":\"https:\/\/www.oidossucios.com\/site\/?s={search_term_string}\",\"query-input\":\"required name=search_term_string\"}],\"inLanguage\":\"es\"},{\"@type\":\"ImageObject\",\"@id\":\"https:\/\/www.oidossucios.com\/site\/los-amigos-invisibles-vuelven-a-venezuela-con-gira-acustica\/#primaryimage\",\"inLanguage\":\"es\",\"url\":\"https:\/\/www.oidossucios.com\/site\/wp-content\/uploads\/2015\/04\/9265.jpg\",\"width\":350,\"height\":300},{\"@type\":\"WebPage\",\"@id\":\"https:\/\/www.oidossucios.com\/site\/los-amigos-invisibles-vuelven-a-venezuela-con-gira-acustica\/#webpage\",\"url\":\"https:\/\/www.oidossucios.com\/site\/los-amigos-invisibles-vuelven-a-venezuela-con-gira-acustica\/\",\"name\":\"Los Amigos Invisibles vuelven a Venezuela con gira ac\\u00fastica - OidosSucios.Com\",\"isPartOf\":{\"@id\":\"https:\/\/www.oidossucios.com\/site\/#website\"},\"primaryImageOfPage\":{\"@id\":\"https:\/\/www.oidossucios.com\/site\/los-amigos-invisibles-vuelven-a-venezuela-con-gira-acustica\/#primaryimage\"},\"datePublished\":\"2015-04-11T15:08:00+00:00\",\"dateModified\":\"2020-05-07T12:47:35+00:00\",\"author\":{\"@id\":\"https:\/\/www.oidossucios.com\/site\/#\/schema\/person\/24559eeb76bf83a63296fb072393a688\"},\"description\":\"Los Amigos Invisibles cumplen este a\\u00f1o 24 a\\u00f1os de trayectoria musical y lo celebran con una gira en formato ac\\u00fastico\",\"inLanguage\":\"es\",\"potentialAction\":[{\"@type\":\"ReadAction\",\"target\":[\"https:\/\/www.oidossucios.com\/site\/los-amigos-invisibles-vuelven-a-venezuela-con-gira-acustica\/\"]}]},{\"@type\":[\"Person\"],\"@id\":\"https:\/\/www.oidossucios.com\/site\/#\/schema\/person\/24559eeb76bf83a63296fb072393a688\",\"name\":\"Oidossucios\",\"image\":{\"@type\":\"ImageObject\",\"@id\":\"https:\/\/www.oidossucios.com\/site\/#personlogo\",\"inLanguage\":\"es\",\"url\":\"https:\/\/secure.gravatar.com\/avatar\/74fcb480f42f1a33e50a0b6e6369a3f907be2e43dc84fa5f76c66e9c22b4a5ab?s=96&d=mm&r=g\",\"caption\":\"Oidossucios\"},\"sameAs\":[\"https:\/\/twitter.com\/oidossucios\"]}]}<\/script>\n<!-- \/ Yoast SEO plugin. -->","jetpack_sharing_enabled":true,"_links":{"self":[{"href":"https:\/\/www.oidossucios.com\/site\/wp-json\/wp\/v2\/posts\/9265","targetHints":{"allow":["GET"]}}],"collection":[{"href":"https:\/\/www.oidossucios.com\/site\/wp-json\/wp\/v2\/posts"}],"about":[{"href":"https:\/\/www.oidossucios.com\/site\/wp-json\/wp\/v2\/types\/post"}],"author":[{"embeddable":true,"href":"https:\/\/www.oidossucios.com\/site\/wp-json\/wp\/v2\/users\/4"}],"replies":[{"embeddable":true,"href":"https:\/\/www.oidossucios.com\/site\/wp-json\/wp\/v2\/comments?post=9265"}],"version-history":[{"count":1,"href":"https:\/\/www.oidossucios.com\/site\/wp-json\/wp\/v2\/posts\/9265\/revisions"}],"predecessor-version":[{"id":111116443,"href":"https:\/\/www.oidossucios.com\/site\/wp-json\/wp\/v2\/posts\/9265\/revisions\/111116443"}],"wp:featuredmedia":[{"embeddable":true,"href":"https:\/\/www.oidossucios.com\/site\/wp-json\/wp\/v2\/media\/100009265"}],"wp:attachment":[{"href":"https:\/\/www.oidossucios.com\/site\/wp-json\/wp\/v2\/media?parent=9265"}],"wp:term":[{"taxonomy":"category","embeddable":true,"href":"https:\/\/www.oidossucios.com\/site\/wp-json\/wp\/v2\/categories?post=9265"},{"taxonomy":"post_tag","embeddable":true,"href":"https:\/\/www.oidossucios.com\/site\/wp-json\/wp\/v2\/tags?post=9265"}],"curies":[{"name":"wp","href":"https:\/\/api.w.org\/{rel}","templated":true}]}}