{"id":927,"date":"2004-01-30T15:59:00","date_gmt":"2004-01-30T15:59:00","guid":{"rendered":"https:\/\/www.oidossucios.com\/site\/2004\/01\/30\/ignacio-pena-vuelve-a-la-carga\/"},"modified":"2004-01-30T15:59:00","modified_gmt":"2004-01-30T15:59:00","slug":"ignacio-pena-vuelve-a-la-carga","status":"publish","type":"post","link":"https:\/\/www.oidossucios.com\/site\/ignacio-pena-vuelve-a-la-carga\/","title":{"rendered":"Ignacio Pe\u00f1a vuelve a la carga"},"content":{"rendered":"<p>&#8220;Anormal&#8221; ser\u00e1 el titulo de la segunda producci\u00f3n discogr\u00e1fica del rockero puertorrique\u00f1o Ignacio Pe\u00f1a, quien se ha presentado en nuestro pa\u00eds junto a artistas como Oasis, Eric Clapton y Roger Waters.<\/p>\n<p>&#8220;Hey tu (Imb\u00e9cil)&#8221; ser\u00e1 el primer corte promocional de la placa, cuyo video fue grabado la semana pasada en Puerto Rico bajo la direcci\u00f3n del propio Ignacio y donde por primera vez muestra el aclamado concepto &#8220;Phono\/Gr\u00e1phico&#8221; (una suerte de videos que se muestran al tono con cada una de las canciones que usa en su show, a lo Pink Floyd) que ha recibido excelentes cr\u00edticas de la prensa de su isla y de USA.<\/p>\n<p>&#8220;Anormal&#8221; fue grabado a finales del a\u00f1o pasado en el Peaceful Planet Studio de <br \/>Miami, bajo la producci\u00f3n del venezolano m\u00faltiple ganador del Grammy, Iker Gastaminza (ex \u0096 integrante de la agrupaci\u00f3n T\u00e9mpano). Gustavo Laureano, integrante de La Secta Allstar, colabor\u00f3 con Ignacio en el tema &#8220;Any year, any room, any highway&#8221;.<\/p>\n","protected":false},"excerpt":{"rendered":"<p>El rockero puertorrique\u00f1o lanzar\u00e1 al mercado durante el pr\u00f3ximo mes su segunda producci\u00f3n discogr\u00e1fica: Anormal.<\/p>\n","protected":false},"author":4,"featured_media":10000923,"comment_status":"open","ping_status":"open","sticky":false,"template":"","format":"standard","meta":{"_jetpack_memberships_contains_paid_content":false,"footnotes":""},"categories":[250],"tags":[335],"class_list":["post-927","post","type-post","status-publish","format-standard","has-post-thumbnail","hentry","category-noticias","tag-ignacio-pena"],"jetpack_featured_media_url":"https:\/\/www.oidossucios.com\/site\/wp-content\/uploads\/2004\/01\/923.jpg","yoast_head":"<!-- This site is optimized with the Yoast SEO plugin v14.0.4 - https:\/\/yoast.com\/wordpress\/plugins\/seo\/ -->\n<title>Ignacio Pe\u00f1a vuelve a la carga - OidosSucios.Com<\/title>\n<meta name=\"description\" content=\"Kimberly Mathers ha sido condenada a dos a\u00f1os de libertad condicional por posesi\u00f3n de coca\u00edna.\" \/>\n<meta name=\"robots\" content=\"index, follow\" \/>\n<meta name=\"googlebot\" content=\"index, follow, max-snippet:-1, max-image-preview:large, max-video-preview:-1\" \/>\n<meta name=\"bingbot\" content=\"index, follow, max-snippet:-1, max-image-preview:large, max-video-preview:-1\" \/>\n<link rel=\"canonical\" href=\"https:\/\/www.oidossucios.com\/site\/ignacio-pena-vuelve-a-la-carga\/\" \/>\n<meta property=\"og:locale\" content=\"es_ES\" \/>\n<meta property=\"og:type\" content=\"article\" \/>\n<meta property=\"og:title\" content=\"Ignacio Pe\u00f1a vuelve a la carga - OidosSucios.Com\" \/>\n<meta property=\"og:description\" content=\"Kimberly Mathers ha sido condenada a dos a\u00f1os de libertad condicional por posesi\u00f3n de coca\u00edna.\" \/>\n<meta property=\"og:url\" content=\"https:\/\/www.oidossucios.com\/site\/ignacio-pena-vuelve-a-la-carga\/\" \/>\n<meta property=\"og:site_name\" content=\"OidosSucios.Com\" \/>\n<meta property=\"article:published_time\" content=\"2004-01-30T15:59:00+00:00\" \/>\n<meta property=\"og:image\" content=\"https:\/\/www.oidossucios.com\/site\/wp-content\/uploads\/2004\/01\/923.jpg\" \/>\n\t<meta property=\"og:image:width\" content=\"290\" \/>\n\t<meta property=\"og:image:height\" content=\"100\" \/>\n<meta name=\"twitter:card\" content=\"summary_large_image\" \/>\n<meta name=\"twitter:creator\" content=\"@oidossucios\" \/>\n<script type=\"application\/ld+json\" class=\"yoast-schema-graph\">{\"@context\":\"https:\/\/schema.org\",\"@graph\":[{\"@type\":\"WebSite\",\"@id\":\"https:\/\/www.oidossucios.com\/site\/#website\",\"url\":\"https:\/\/www.oidossucios.com\/site\/\",\"name\":\"OidosSucios.Com\",\"description\":\"M\\u00fasica, conciertos, discos\",\"potentialAction\":[{\"@type\":\"SearchAction\",\"target\":\"https:\/\/www.oidossucios.com\/site\/?s={search_term_string}\",\"query-input\":\"required name=search_term_string\"}],\"inLanguage\":\"es\"},{\"@type\":\"ImageObject\",\"@id\":\"https:\/\/www.oidossucios.com\/site\/ignacio-pena-vuelve-a-la-carga\/#primaryimage\",\"inLanguage\":\"es\",\"url\":\"https:\/\/www.oidossucios.com\/site\/wp-content\/uploads\/2004\/01\/923.jpg\",\"width\":290,\"height\":100},{\"@type\":\"WebPage\",\"@id\":\"https:\/\/www.oidossucios.com\/site\/ignacio-pena-vuelve-a-la-carga\/#webpage\",\"url\":\"https:\/\/www.oidossucios.com\/site\/ignacio-pena-vuelve-a-la-carga\/\",\"name\":\"Ignacio Pe\\u00f1a vuelve a la carga - OidosSucios.Com\",\"isPartOf\":{\"@id\":\"https:\/\/www.oidossucios.com\/site\/#website\"},\"primaryImageOfPage\":{\"@id\":\"https:\/\/www.oidossucios.com\/site\/ignacio-pena-vuelve-a-la-carga\/#primaryimage\"},\"datePublished\":\"2004-01-30T15:59:00+00:00\",\"dateModified\":\"2004-01-30T15:59:00+00:00\",\"author\":{\"@id\":\"https:\/\/www.oidossucios.com\/site\/#\/schema\/person\/24559eeb76bf83a63296fb072393a688\"},\"description\":\"Kimberly Mathers ha sido condenada a dos a\\u00f1os de libertad condicional por posesi\\u00f3n de coca\\u00edna.\",\"inLanguage\":\"es\",\"potentialAction\":[{\"@type\":\"ReadAction\",\"target\":[\"https:\/\/www.oidossucios.com\/site\/ignacio-pena-vuelve-a-la-carga\/\"]}]},{\"@type\":[\"Person\"],\"@id\":\"https:\/\/www.oidossucios.com\/site\/#\/schema\/person\/24559eeb76bf83a63296fb072393a688\",\"name\":\"Oidossucios\",\"image\":{\"@type\":\"ImageObject\",\"@id\":\"https:\/\/www.oidossucios.com\/site\/#personlogo\",\"inLanguage\":\"es\",\"url\":\"https:\/\/secure.gravatar.com\/avatar\/74fcb480f42f1a33e50a0b6e6369a3f907be2e43dc84fa5f76c66e9c22b4a5ab?s=96&d=mm&r=g\",\"caption\":\"Oidossucios\"},\"sameAs\":[\"https:\/\/twitter.com\/oidossucios\"]}]}<\/script>\n<!-- \/ Yoast SEO plugin. -->","jetpack_sharing_enabled":true,"_links":{"self":[{"href":"https:\/\/www.oidossucios.com\/site\/wp-json\/wp\/v2\/posts\/927","targetHints":{"allow":["GET"]}}],"collection":[{"href":"https:\/\/www.oidossucios.com\/site\/wp-json\/wp\/v2\/posts"}],"about":[{"href":"https:\/\/www.oidossucios.com\/site\/wp-json\/wp\/v2\/types\/post"}],"author":[{"embeddable":true,"href":"https:\/\/www.oidossucios.com\/site\/wp-json\/wp\/v2\/users\/4"}],"replies":[{"embeddable":true,"href":"https:\/\/www.oidossucios.com\/site\/wp-json\/wp\/v2\/comments?post=927"}],"version-history":[{"count":0,"href":"https:\/\/www.oidossucios.com\/site\/wp-json\/wp\/v2\/posts\/927\/revisions"}],"wp:featuredmedia":[{"embeddable":true,"href":"https:\/\/www.oidossucios.com\/site\/wp-json\/wp\/v2\/media\/10000923"}],"wp:attachment":[{"href":"https:\/\/www.oidossucios.com\/site\/wp-json\/wp\/v2\/media?parent=927"}],"wp:term":[{"taxonomy":"category","embeddable":true,"href":"https:\/\/www.oidossucios.com\/site\/wp-json\/wp\/v2\/categories?post=927"},{"taxonomy":"post_tag","embeddable":true,"href":"https:\/\/www.oidossucios.com\/site\/wp-json\/wp\/v2\/tags?post=927"}],"curies":[{"name":"wp","href":"https:\/\/api.w.org\/{rel}","templated":true}]}}