{"id":9295,"date":"2015-05-05T01:53:00","date_gmt":"2015-05-05T01:53:00","guid":{"rendered":"https:\/\/www.oidossucios.com\/site\/2015\/05\/05\/7-festival-de-la-lectura-chacao-rock-en-letras\/"},"modified":"2020-05-07T08:47:32","modified_gmt":"2020-05-07T12:47:32","slug":"7-festival-de-la-lectura-chacao-rock-en-letras","status":"publish","type":"post","link":"https:\/\/www.oidossucios.com\/site\/7-festival-de-la-lectura-chacao-rock-en-letras\/","title":{"rendered":"7\u00b0 Festival de la Lectura Chacao: Rock en Letras"},"content":{"rendered":"<p style=\"text-align: justify;\">La Alcald&iacute;a de Chacao a trav&eacute;s de Cultura Chacao y Fundaci&oacute;n Nuevas Bandas en el marco del 7&deg; Festival de la Lectura Chacao invita a la charla Rock con Letras el pr&oacute;ximo mi&eacute;rcoles 06 de Mayo a las 07:00 pm en la Tarima Norte de la Plaza Altamira.<\/p>\n<p>Los autores Eugenio Miranda (&ldquo;Cayayo: Alma Perpetua&rdquo; y &ldquo;Zapato 3: Una Fant&aacute;stica Historia de Amor, Aventura Rock n Roll&rdquo;), William Padr&oacute;n (&ldquo;Caramelos de Cianuro: La Carretera&rdquo;) y Felix Allueva (&ldquo;Cr&oacute;nicas del Rock Fabricado Ac&aacute;&rdquo;) estar&aacute;n ofreciendo una charla sobre rock venezolano, libros, an&eacute;cdotas e historias sobre nuestro rock.&nbsp; El periodista, escritor, dramaturgo, poeta, narrador y director Jos&eacute; Tom&aacute;s Angola (&ldquo;Esa noche llamada muerte&rdquo; y &ldquo;Cuarenta a&ntilde;os haciendo da&ntilde;o, Alfredo Escalante por Alfredo Escalante&rdquo;) ser&aacute; el moderador de este conversatorio.<\/p>\n<p>El guitarrista Philipp Scheer (Sibelius) estar&aacute; d&aacute;ndole sonido a esta charla con algunos riffs que recrear&aacute;n la conversaci&oacute;n de los autores as&iacute; como la interacci&oacute;n entre los presentes.<\/p>\n<p>ROCK CON LETRAS<\/p>\n<p>LUGAR: Tarima Norte. Plaza Francia. Altamira<\/p>\n<p>FECHA: Mi&eacute;rcoles 06 de Mayo<\/p>\n<p>HORA: 07:00 PM<\/p>\n<p>&nbsp;<br \/>AUTORES:<br \/>Eugenio Miranda [@miraeugenio]<br \/>William Padr&oacute;n [@WilliamPadron]<br \/>F&eacute;lix Allueva [@FelixAluevaFNB]<\/p>\n<p>MODERADOR: Jos&eacute; Tom&aacute;s Angola [@jtangolaheredia]<\/p>\n<p>M&Uacute;SICA: Philipp Scheer [@philipp_scheer]<\/p>\n<p>Fuente: Nota de Prensa Foto: MSCnoticias<\/p>\n","protected":false},"excerpt":{"rendered":"<p>Eugenio Miranda, William Padr\u00f3n y F\u00e9lix Allueva. Moderador: Jos\u00e9 Tom\u00e1s Angola<\/p>\n","protected":false},"author":4,"featured_media":100009295,"comment_status":"open","ping_status":"open","sticky":false,"template":"","format":"standard","meta":{"_jetpack_memberships_contains_paid_content":false,"footnotes":""},"categories":[142],"tags":[],"class_list":["post-9295","post","type-post","status-publish","format-standard","has-post-thumbnail","hentry","category-buzznews"],"jetpack_featured_media_url":"https:\/\/www.oidossucios.com\/site\/wp-content\/uploads\/2015\/05\/9295.jpg","yoast_head":"<!-- This site is optimized with the Yoast SEO plugin v14.0.4 - https:\/\/yoast.com\/wordpress\/plugins\/seo\/ -->\n<title>7\u00b0 Festival de la Lectura Chacao: Rock en Letras - OidosSucios.Com<\/title>\n<meta name=\"description\" content=\"Eugenio Miranda, William Padr\u00f3n y F\u00e9lix Allueva. Moderador: Jos\u00e9 Tom\u00e1s Angola\" \/>\n<meta name=\"robots\" content=\"index, follow\" \/>\n<meta name=\"googlebot\" content=\"index, follow, max-snippet:-1, max-image-preview:large, max-video-preview:-1\" \/>\n<meta name=\"bingbot\" content=\"index, follow, max-snippet:-1, max-image-preview:large, max-video-preview:-1\" \/>\n<link rel=\"canonical\" href=\"https:\/\/www.oidossucios.com\/site\/7-festival-de-la-lectura-chacao-rock-en-letras\/\" \/>\n<meta property=\"og:locale\" content=\"es_ES\" \/>\n<meta property=\"og:type\" content=\"article\" \/>\n<meta property=\"og:title\" content=\"7\u00b0 Festival de la Lectura Chacao: Rock en Letras - OidosSucios.Com\" \/>\n<meta property=\"og:description\" content=\"Eugenio Miranda, William Padr\u00f3n y F\u00e9lix Allueva. Moderador: Jos\u00e9 Tom\u00e1s Angola\" \/>\n<meta property=\"og:url\" content=\"https:\/\/www.oidossucios.com\/site\/7-festival-de-la-lectura-chacao-rock-en-letras\/\" \/>\n<meta property=\"og:site_name\" content=\"OidosSucios.Com\" \/>\n<meta property=\"article:published_time\" content=\"2015-05-05T01:53:00+00:00\" \/>\n<meta property=\"article:modified_time\" content=\"2020-05-07T12:47:32+00:00\" \/>\n<meta property=\"og:image\" content=\"https:\/\/www.oidossucios.com\/site\/wp-content\/uploads\/2015\/05\/9295.jpg\" \/>\n\t<meta property=\"og:image:width\" content=\"350\" \/>\n\t<meta property=\"og:image:height\" content=\"300\" \/>\n<meta name=\"twitter:card\" content=\"summary_large_image\" \/>\n<meta name=\"twitter:creator\" content=\"@oidossucios\" \/>\n<script type=\"application\/ld+json\" class=\"yoast-schema-graph\">{\"@context\":\"https:\/\/schema.org\",\"@graph\":[{\"@type\":\"WebSite\",\"@id\":\"https:\/\/www.oidossucios.com\/site\/#website\",\"url\":\"https:\/\/www.oidossucios.com\/site\/\",\"name\":\"OidosSucios.Com\",\"description\":\"M\\u00fasica, conciertos, discos\",\"potentialAction\":[{\"@type\":\"SearchAction\",\"target\":\"https:\/\/www.oidossucios.com\/site\/?s={search_term_string}\",\"query-input\":\"required name=search_term_string\"}],\"inLanguage\":\"es\"},{\"@type\":\"ImageObject\",\"@id\":\"https:\/\/www.oidossucios.com\/site\/7-festival-de-la-lectura-chacao-rock-en-letras\/#primaryimage\",\"inLanguage\":\"es\",\"url\":\"https:\/\/www.oidossucios.com\/site\/wp-content\/uploads\/2015\/05\/9295.jpg\",\"width\":350,\"height\":300},{\"@type\":\"WebPage\",\"@id\":\"https:\/\/www.oidossucios.com\/site\/7-festival-de-la-lectura-chacao-rock-en-letras\/#webpage\",\"url\":\"https:\/\/www.oidossucios.com\/site\/7-festival-de-la-lectura-chacao-rock-en-letras\/\",\"name\":\"7\\u00b0 Festival de la Lectura Chacao: Rock en Letras - OidosSucios.Com\",\"isPartOf\":{\"@id\":\"https:\/\/www.oidossucios.com\/site\/#website\"},\"primaryImageOfPage\":{\"@id\":\"https:\/\/www.oidossucios.com\/site\/7-festival-de-la-lectura-chacao-rock-en-letras\/#primaryimage\"},\"datePublished\":\"2015-05-05T01:53:00+00:00\",\"dateModified\":\"2020-05-07T12:47:32+00:00\",\"author\":{\"@id\":\"https:\/\/www.oidossucios.com\/site\/#\/schema\/person\/24559eeb76bf83a63296fb072393a688\"},\"description\":\"Eugenio Miranda, William Padr\\u00f3n y F\\u00e9lix Allueva. Moderador: Jos\\u00e9 Tom\\u00e1s Angola\",\"inLanguage\":\"es\",\"potentialAction\":[{\"@type\":\"ReadAction\",\"target\":[\"https:\/\/www.oidossucios.com\/site\/7-festival-de-la-lectura-chacao-rock-en-letras\/\"]}]},{\"@type\":[\"Person\"],\"@id\":\"https:\/\/www.oidossucios.com\/site\/#\/schema\/person\/24559eeb76bf83a63296fb072393a688\",\"name\":\"Oidossucios\",\"image\":{\"@type\":\"ImageObject\",\"@id\":\"https:\/\/www.oidossucios.com\/site\/#personlogo\",\"inLanguage\":\"es\",\"url\":\"https:\/\/secure.gravatar.com\/avatar\/74fcb480f42f1a33e50a0b6e6369a3f907be2e43dc84fa5f76c66e9c22b4a5ab?s=96&d=mm&r=g\",\"caption\":\"Oidossucios\"},\"sameAs\":[\"https:\/\/twitter.com\/oidossucios\"]}]}<\/script>\n<!-- \/ Yoast SEO plugin. -->","jetpack_sharing_enabled":true,"_links":{"self":[{"href":"https:\/\/www.oidossucios.com\/site\/wp-json\/wp\/v2\/posts\/9295","targetHints":{"allow":["GET"]}}],"collection":[{"href":"https:\/\/www.oidossucios.com\/site\/wp-json\/wp\/v2\/posts"}],"about":[{"href":"https:\/\/www.oidossucios.com\/site\/wp-json\/wp\/v2\/types\/post"}],"author":[{"embeddable":true,"href":"https:\/\/www.oidossucios.com\/site\/wp-json\/wp\/v2\/users\/4"}],"replies":[{"embeddable":true,"href":"https:\/\/www.oidossucios.com\/site\/wp-json\/wp\/v2\/comments?post=9295"}],"version-history":[{"count":1,"href":"https:\/\/www.oidossucios.com\/site\/wp-json\/wp\/v2\/posts\/9295\/revisions"}],"predecessor-version":[{"id":111116416,"href":"https:\/\/www.oidossucios.com\/site\/wp-json\/wp\/v2\/posts\/9295\/revisions\/111116416"}],"wp:featuredmedia":[{"embeddable":true,"href":"https:\/\/www.oidossucios.com\/site\/wp-json\/wp\/v2\/media\/100009295"}],"wp:attachment":[{"href":"https:\/\/www.oidossucios.com\/site\/wp-json\/wp\/v2\/media?parent=9295"}],"wp:term":[{"taxonomy":"category","embeddable":true,"href":"https:\/\/www.oidossucios.com\/site\/wp-json\/wp\/v2\/categories?post=9295"},{"taxonomy":"post_tag","embeddable":true,"href":"https:\/\/www.oidossucios.com\/site\/wp-json\/wp\/v2\/tags?post=9295"}],"curies":[{"name":"wp","href":"https:\/\/api.w.org\/{rel}","templated":true}]}}