{"id":931,"date":"2004-02-07T02:44:00","date_gmt":"2004-02-07T02:44:00","guid":{"rendered":"https:\/\/www.oidossucios.com\/site\/2004\/02\/07\/ordenan-detener-a-la-ex-%c2%96-esposa-de-eminem\/"},"modified":"2004-02-07T02:44:00","modified_gmt":"2004-02-07T02:44:00","slug":"ordenan-detener-a-la-ex-%c2%96-esposa-de-eminem","status":"publish","type":"post","link":"https:\/\/www.oidossucios.com\/site\/ordenan-detener-a-la-ex-%c2%96-esposa-de-eminem\/","title":{"rendered":"Ordenan detener a la ex \u0096 esposa de Eminem"},"content":{"rendered":"<p>Kimberly Mathers, la ex \u0096 esposa del rapero Eminem, tiene una orden de captura y reclusi\u00f3n desde este viernes, al haberse revelado los resultados de los an\u00e1lisis de orina que le fueron realizados el pasado 29 de enero y donde dio positivo por consumo de coca\u00edna.<\/p>\n<p>Mathers fue puesta en libertad condicional el pasado 21 de enero, luego de haber sido inculpada por tenencia y consumo de coca\u00edna. La condici\u00f3n de su libertad condicional era someterse a test regulares y a un programa de rehabilitaci\u00f3n, si violaba alguno de esos t\u00e9rminos, autom\u00e1ticamente entrar\u00eda en prisi\u00f3n.<\/p>\n<p>Ahora, la ex \u0096 se\u00f1ora Eminem, se enfrenta a los dos a\u00f1os de prisi\u00f3n que arrastraba por sus cargos anteriores y a los nuevos por violar el acuerdo legal que manten\u00eda, por lo que podr\u00eda pasar las pr\u00f3ximas 5 primaveras en la c\u00e1rcel.<\/p>\n<p>Kimberly y Eminem, cuyo nombre real es Marshall Bruce Mathers III, tienen un hijo de 8 a\u00f1os de edad, el cual, estar\u00e1 automaticamente bajo la custodia del padre.<\/p>\n","protected":false},"excerpt":{"rendered":"<p>Tan solo una semana despu\u00e9s de haber sido declarada en libertad condicional, Kimberly Mathers dio positivo en un control de coca\u00edna, por lo que podr\u00eda pasar los pr\u00f3ximos 5 a\u00f1os en prisi\u00f3n.<\/p>\n","protected":false},"author":4,"featured_media":10000927,"comment_status":"open","ping_status":"open","sticky":false,"template":"","format":"standard","meta":{"_jetpack_memberships_contains_paid_content":false,"footnotes":""},"categories":[250],"tags":[31],"class_list":["post-931","post","type-post","status-publish","format-standard","has-post-thumbnail","hentry","category-noticias","tag-eminem"],"jetpack_featured_media_url":"https:\/\/www.oidossucios.com\/site\/wp-content\/uploads\/2004\/01\/927.jpg","yoast_head":"<!-- This site is optimized with the Yoast SEO plugin v14.0.4 - https:\/\/yoast.com\/wordpress\/plugins\/seo\/ -->\n<title>Ordenan detener a la ex \u0096 esposa de Eminem - OidosSucios.Com<\/title>\n<meta name=\"description\" content=\"El rockero puertorrique\u00f1o lanzar\u00e1 al mercado durante el pr\u00f3ximo mes su segunda producci\u00f3n discogr\u00e1fica: Anormal.\" \/>\n<meta name=\"robots\" content=\"index, follow\" \/>\n<meta name=\"googlebot\" content=\"index, follow, max-snippet:-1, max-image-preview:large, max-video-preview:-1\" \/>\n<meta name=\"bingbot\" content=\"index, follow, max-snippet:-1, max-image-preview:large, max-video-preview:-1\" \/>\n<link rel=\"canonical\" href=\"https:\/\/www.oidossucios.com\/site\/ordenan-detener-a-la-ex-\u0096-esposa-de-eminem\/\" \/>\n<meta property=\"og:locale\" content=\"es_ES\" \/>\n<meta property=\"og:type\" content=\"article\" \/>\n<meta property=\"og:title\" content=\"Ordenan detener a la ex \u0096 esposa de Eminem - OidosSucios.Com\" \/>\n<meta property=\"og:description\" content=\"El rockero puertorrique\u00f1o lanzar\u00e1 al mercado durante el pr\u00f3ximo mes su segunda producci\u00f3n discogr\u00e1fica: Anormal.\" \/>\n<meta property=\"og:url\" content=\"https:\/\/www.oidossucios.com\/site\/ordenan-detener-a-la-ex-\u0096-esposa-de-eminem\/\" \/>\n<meta property=\"og:site_name\" content=\"OidosSucios.Com\" \/>\n<meta property=\"article:published_time\" content=\"2004-02-07T02:44:00+00:00\" \/>\n<meta property=\"og:image\" content=\"https:\/\/www.oidossucios.com\/site\/wp-content\/uploads\/2004\/01\/927.jpg\" \/>\n\t<meta property=\"og:image:width\" content=\"290\" \/>\n\t<meta property=\"og:image:height\" content=\"100\" \/>\n<meta name=\"twitter:card\" content=\"summary_large_image\" \/>\n<meta name=\"twitter:creator\" content=\"@oidossucios\" \/>\n<script type=\"application\/ld+json\" class=\"yoast-schema-graph\">{\"@context\":\"https:\/\/schema.org\",\"@graph\":[{\"@type\":\"WebSite\",\"@id\":\"https:\/\/www.oidossucios.com\/site\/#website\",\"url\":\"https:\/\/www.oidossucios.com\/site\/\",\"name\":\"OidosSucios.Com\",\"description\":\"M\\u00fasica, conciertos, discos\",\"potentialAction\":[{\"@type\":\"SearchAction\",\"target\":\"https:\/\/www.oidossucios.com\/site\/?s={search_term_string}\",\"query-input\":\"required name=search_term_string\"}],\"inLanguage\":\"es\"},{\"@type\":\"ImageObject\",\"@id\":\"https:\/\/www.oidossucios.com\/site\/ordenan-detener-a-la-ex-%c2%96-esposa-de-eminem\/#primaryimage\",\"inLanguage\":\"es\",\"url\":\"https:\/\/www.oidossucios.com\/site\/wp-content\/uploads\/2004\/01\/927.jpg\",\"width\":290,\"height\":100},{\"@type\":\"WebPage\",\"@id\":\"https:\/\/www.oidossucios.com\/site\/ordenan-detener-a-la-ex-%c2%96-esposa-de-eminem\/#webpage\",\"url\":\"https:\/\/www.oidossucios.com\/site\/ordenan-detener-a-la-ex-%c2%96-esposa-de-eminem\/\",\"name\":\"Ordenan detener a la ex \\u0096 esposa de Eminem - OidosSucios.Com\",\"isPartOf\":{\"@id\":\"https:\/\/www.oidossucios.com\/site\/#website\"},\"primaryImageOfPage\":{\"@id\":\"https:\/\/www.oidossucios.com\/site\/ordenan-detener-a-la-ex-%c2%96-esposa-de-eminem\/#primaryimage\"},\"datePublished\":\"2004-02-07T02:44:00+00:00\",\"dateModified\":\"2004-02-07T02:44:00+00:00\",\"author\":{\"@id\":\"https:\/\/www.oidossucios.com\/site\/#\/schema\/person\/24559eeb76bf83a63296fb072393a688\"},\"description\":\"El rockero puertorrique\\u00f1o lanzar\\u00e1 al mercado durante el pr\\u00f3ximo mes su segunda producci\\u00f3n discogr\\u00e1fica: Anormal.\",\"inLanguage\":\"es\",\"potentialAction\":[{\"@type\":\"ReadAction\",\"target\":[\"https:\/\/www.oidossucios.com\/site\/ordenan-detener-a-la-ex-%c2%96-esposa-de-eminem\/\"]}]},{\"@type\":[\"Person\"],\"@id\":\"https:\/\/www.oidossucios.com\/site\/#\/schema\/person\/24559eeb76bf83a63296fb072393a688\",\"name\":\"Oidossucios\",\"image\":{\"@type\":\"ImageObject\",\"@id\":\"https:\/\/www.oidossucios.com\/site\/#personlogo\",\"inLanguage\":\"es\",\"url\":\"https:\/\/secure.gravatar.com\/avatar\/74fcb480f42f1a33e50a0b6e6369a3f907be2e43dc84fa5f76c66e9c22b4a5ab?s=96&d=mm&r=g\",\"caption\":\"Oidossucios\"},\"sameAs\":[\"https:\/\/twitter.com\/oidossucios\"]}]}<\/script>\n<!-- \/ Yoast SEO plugin. -->","jetpack_sharing_enabled":true,"_links":{"self":[{"href":"https:\/\/www.oidossucios.com\/site\/wp-json\/wp\/v2\/posts\/931","targetHints":{"allow":["GET"]}}],"collection":[{"href":"https:\/\/www.oidossucios.com\/site\/wp-json\/wp\/v2\/posts"}],"about":[{"href":"https:\/\/www.oidossucios.com\/site\/wp-json\/wp\/v2\/types\/post"}],"author":[{"embeddable":true,"href":"https:\/\/www.oidossucios.com\/site\/wp-json\/wp\/v2\/users\/4"}],"replies":[{"embeddable":true,"href":"https:\/\/www.oidossucios.com\/site\/wp-json\/wp\/v2\/comments?post=931"}],"version-history":[{"count":0,"href":"https:\/\/www.oidossucios.com\/site\/wp-json\/wp\/v2\/posts\/931\/revisions"}],"wp:featuredmedia":[{"embeddable":true,"href":"https:\/\/www.oidossucios.com\/site\/wp-json\/wp\/v2\/media\/10000927"}],"wp:attachment":[{"href":"https:\/\/www.oidossucios.com\/site\/wp-json\/wp\/v2\/media?parent=931"}],"wp:term":[{"taxonomy":"category","embeddable":true,"href":"https:\/\/www.oidossucios.com\/site\/wp-json\/wp\/v2\/categories?post=931"},{"taxonomy":"post_tag","embeddable":true,"href":"https:\/\/www.oidossucios.com\/site\/wp-json\/wp\/v2\/tags?post=931"}],"curies":[{"name":"wp","href":"https:\/\/api.w.org\/{rel}","templated":true}]}}