{"id":9342,"date":"2015-06-05T12:22:00","date_gmt":"2015-06-05T12:22:00","guid":{"rendered":"https:\/\/www.oidossucios.com\/site\/2015\/06\/05\/los-j-estrena-malandro-primer-adelanto-de-su-disco-debut-no-nos-j-mas\/"},"modified":"2020-05-07T08:46:29","modified_gmt":"2020-05-07T12:46:29","slug":"los-j-estrena-malandro-primer-adelanto-de-su-disco-debut-no-nos-j-mas","status":"publish","type":"post","link":"https:\/\/www.oidossucios.com\/site\/los-j-estrena-malandro-primer-adelanto-de-su-disco-debut-no-nos-j-mas\/","title":{"rendered":"[ Los J ] estrena Malandro, primer adelanto de su disco debut, No Nos [ J ] M\u00e1s"},"content":{"rendered":"<p style=\"text-align: justify;\">La agrupaci&oacute;n venezolana [ Los J ] presenta &#8220;Malandro&#8221;, primer sencillo promocional de su venidera segunda producci&oacute;n discogr&aacute;fica, el LP No nos [ J ] M&aacute;s.<\/p>\n<p>Julio Monagas (voz y guitarra), Jorge Finol (guitarra), Manuel Bueno (bajo), Jos&eacute; Cepeda (teclados) y Josnel Colina (bater&iacute;a) presentan un tema en el que hacen gala del rock gordito que les caracteriza, con gran influencia del indie rock.<\/p>\n<p>&#8220;Es una canci&oacute;n que habla de una persona esquizofr&eacute;nica, que escucha unas voces dentro de su mente que le incitan a atracar y\/o matar a ciertas personas&#8221; explica Monagas, autor de la letra de la canci&oacute;n, quien confiesa que no es esquizofr&eacute;nico pero cree que todos tenemos una conciencia que nos ayuda a tomar decisiones, sean buenas o malas. <\/p>\n<p>&#8220;La canci&oacute;n fue parte de una serie de historias que se trataron para el disco, con personajes que canalizan de cierta manera la vida de muchas personas que conozco y hasta la m&iacute;a en algunos casos&#8221;, explica. <\/p>\n<p>El tema se desprende de su primer trabajo de larga duraci&oacute;n, No Nos [ J ] M&aacute;s, grabado entre los estudios Backstage de Caracas y Valencia, PartipiloMB y Brillenbourg de Maracaibo y FIJU de San Francisco. En este material, intervinieron Juan Olmedillo (Los Mentas, La Peque&ntilde;a Revancha) como productor y Jean de Oliveira (Candy66) como ingeniero de sonido y de mezcla. El master se hizo en SilverSound Studios, responsables de este mismo trabajo en los m&aacute;s recientes discos de Candy66. <\/p>\n<p>&#8220;Malandro&#8221; ya est&aacute; disponible junto a un video, hecho por Pedro Pe&ntilde;a, que recopila im&aacute;genes de la grabaci&oacute;n del tema en estudio: https:\/\/youtu.be\/AvcHuDej3Y4. Puede descargarse sin costo alguno en www.losj.bandcamp.com.<\/p>\n<p>Como antesala a la salida de No Nos [ J ] M&aacute;s, pautada para el 11 de julio, la banda se estar&aacute; presentando en calidad de invitados en el Circuito Nuevas Bandas Occidente 1 el pr&oacute;ximo 11 de Junio en Bah&iacute;a Rasta Bar de Maracaibo junto a cinco agrupaciones que, como hiciesen ellos el a&ntilde;o pasado, buscan su pase al Festival Nuevas Bandas 2015. <\/p>\n<p>No vas a caer, su EP debut, editado el a&ntilde;o pasado, sigue a la venta en plataformas digitales tanto nacionales (Ichamo y Cusica), como internacionales (iTunes, Amazon, Bandcamp), as&iacute; como en streaming a trav&eacute;s de Spotify, Deezer, Rdio y afines. <\/p>\n<p>Pueden seguir a [ Los J ] en sus redes sociales:<br \/>&nbsp;<br \/>Twitter: @LosJBanda<br \/>Facebook: www.facebook.com\/losjbanda<br \/>Bandcamp: www.losj.bandcamp.com<br \/>Soundcloud: www.soundcloud.com\/losjbanda <br \/>Instagram: www.instagram.com\/losjbanda<br \/>Reverbnation: www.reverbnation.com\/losj &nbsp;<br \/>OnRecords: http:\/\/onrecords.com\/Losjbanda\/profile<\/p>\n<p>Fuente: Nota de Prensa<\/p>\n<p><iframe loading=\"lazy\" src=\"https:\/\/www.youtube.com\/embed\/AvcHuDej3Y4\" width=\"600\" height=\"400\" frameborder=\"0\" allowfullscreen=\"allowfullscreen\"><\/iframe><\/p>\n","protected":false},"excerpt":{"rendered":"<p>La agrupaci\u00f3n venezolana [ Los J ] presenta el primer sencillo promocional de su segunda producci\u00f3n discogr\u00e1fica<\/p>\n","protected":false},"author":4,"featured_media":100009342,"comment_status":"open","ping_status":"open","sticky":false,"template":"","format":"standard","meta":{"_jetpack_memberships_contains_paid_content":false,"footnotes":""},"categories":[142],"tags":[],"class_list":["post-9342","post","type-post","status-publish","format-standard","has-post-thumbnail","hentry","category-buzznews"],"jetpack_featured_media_url":"https:\/\/www.oidossucios.com\/site\/wp-content\/uploads\/2015\/06\/9342.jpg","yoast_head":"<!-- This site is optimized with the Yoast SEO plugin v14.0.4 - https:\/\/yoast.com\/wordpress\/plugins\/seo\/ -->\n<title>[ Los J ] estrena Malandro, primer adelanto de su disco debut, No Nos [ J ] M\u00e1s - OidosSucios.Com<\/title>\n<meta name=\"description\" content=\"La agrupaci\u00f3n venezolana [ Los J ] presenta el primer sencillo promocional de su segunda producci\u00f3n discogr\u00e1fica\" \/>\n<meta name=\"robots\" content=\"index, follow\" \/>\n<meta name=\"googlebot\" content=\"index, follow, max-snippet:-1, max-image-preview:large, max-video-preview:-1\" \/>\n<meta name=\"bingbot\" content=\"index, follow, max-snippet:-1, max-image-preview:large, max-video-preview:-1\" \/>\n<link rel=\"canonical\" href=\"https:\/\/www.oidossucios.com\/site\/los-j-estrena-malandro-primer-adelanto-de-su-disco-debut-no-nos-j-mas\/\" \/>\n<meta property=\"og:locale\" content=\"es_ES\" \/>\n<meta property=\"og:type\" content=\"article\" \/>\n<meta property=\"og:title\" content=\"[ Los J ] estrena Malandro, primer adelanto de su disco debut, No Nos [ J ] M\u00e1s - OidosSucios.Com\" \/>\n<meta property=\"og:description\" content=\"La agrupaci\u00f3n venezolana [ Los J ] presenta el primer sencillo promocional de su segunda producci\u00f3n discogr\u00e1fica\" \/>\n<meta property=\"og:url\" content=\"https:\/\/www.oidossucios.com\/site\/los-j-estrena-malandro-primer-adelanto-de-su-disco-debut-no-nos-j-mas\/\" \/>\n<meta property=\"og:site_name\" content=\"OidosSucios.Com\" \/>\n<meta property=\"article:published_time\" content=\"2015-06-05T12:22:00+00:00\" \/>\n<meta property=\"article:modified_time\" content=\"2020-05-07T12:46:29+00:00\" \/>\n<meta property=\"og:image\" content=\"https:\/\/www.oidossucios.com\/site\/wp-content\/uploads\/2015\/06\/9342.jpg\" \/>\n\t<meta property=\"og:image:width\" content=\"350\" \/>\n\t<meta property=\"og:image:height\" content=\"300\" \/>\n<meta name=\"twitter:card\" content=\"summary_large_image\" \/>\n<meta name=\"twitter:creator\" content=\"@oidossucios\" \/>\n<script type=\"application\/ld+json\" class=\"yoast-schema-graph\">{\"@context\":\"https:\/\/schema.org\",\"@graph\":[{\"@type\":\"WebSite\",\"@id\":\"https:\/\/www.oidossucios.com\/site\/#website\",\"url\":\"https:\/\/www.oidossucios.com\/site\/\",\"name\":\"OidosSucios.Com\",\"description\":\"M\\u00fasica, conciertos, discos\",\"potentialAction\":[{\"@type\":\"SearchAction\",\"target\":\"https:\/\/www.oidossucios.com\/site\/?s={search_term_string}\",\"query-input\":\"required name=search_term_string\"}],\"inLanguage\":\"es\"},{\"@type\":\"ImageObject\",\"@id\":\"https:\/\/www.oidossucios.com\/site\/los-j-estrena-malandro-primer-adelanto-de-su-disco-debut-no-nos-j-mas\/#primaryimage\",\"inLanguage\":\"es\",\"url\":\"https:\/\/www.oidossucios.com\/site\/wp-content\/uploads\/2015\/06\/9342.jpg\",\"width\":350,\"height\":300},{\"@type\":\"WebPage\",\"@id\":\"https:\/\/www.oidossucios.com\/site\/los-j-estrena-malandro-primer-adelanto-de-su-disco-debut-no-nos-j-mas\/#webpage\",\"url\":\"https:\/\/www.oidossucios.com\/site\/los-j-estrena-malandro-primer-adelanto-de-su-disco-debut-no-nos-j-mas\/\",\"name\":\"[ Los J ] estrena Malandro, primer adelanto de su disco debut, No Nos [ J ] M\\u00e1s - OidosSucios.Com\",\"isPartOf\":{\"@id\":\"https:\/\/www.oidossucios.com\/site\/#website\"},\"primaryImageOfPage\":{\"@id\":\"https:\/\/www.oidossucios.com\/site\/los-j-estrena-malandro-primer-adelanto-de-su-disco-debut-no-nos-j-mas\/#primaryimage\"},\"datePublished\":\"2015-06-05T12:22:00+00:00\",\"dateModified\":\"2020-05-07T12:46:29+00:00\",\"author\":{\"@id\":\"https:\/\/www.oidossucios.com\/site\/#\/schema\/person\/24559eeb76bf83a63296fb072393a688\"},\"description\":\"La agrupaci\\u00f3n venezolana [ Los J ] presenta el primer sencillo promocional de su segunda producci\\u00f3n discogr\\u00e1fica\",\"inLanguage\":\"es\",\"potentialAction\":[{\"@type\":\"ReadAction\",\"target\":[\"https:\/\/www.oidossucios.com\/site\/los-j-estrena-malandro-primer-adelanto-de-su-disco-debut-no-nos-j-mas\/\"]}]},{\"@type\":[\"Person\"],\"@id\":\"https:\/\/www.oidossucios.com\/site\/#\/schema\/person\/24559eeb76bf83a63296fb072393a688\",\"name\":\"Oidossucios\",\"image\":{\"@type\":\"ImageObject\",\"@id\":\"https:\/\/www.oidossucios.com\/site\/#personlogo\",\"inLanguage\":\"es\",\"url\":\"https:\/\/secure.gravatar.com\/avatar\/74fcb480f42f1a33e50a0b6e6369a3f907be2e43dc84fa5f76c66e9c22b4a5ab?s=96&d=mm&r=g\",\"caption\":\"Oidossucios\"},\"sameAs\":[\"https:\/\/twitter.com\/oidossucios\"]}]}<\/script>\n<!-- \/ Yoast SEO plugin. -->","jetpack_sharing_enabled":true,"_links":{"self":[{"href":"https:\/\/www.oidossucios.com\/site\/wp-json\/wp\/v2\/posts\/9342","targetHints":{"allow":["GET"]}}],"collection":[{"href":"https:\/\/www.oidossucios.com\/site\/wp-json\/wp\/v2\/posts"}],"about":[{"href":"https:\/\/www.oidossucios.com\/site\/wp-json\/wp\/v2\/types\/post"}],"author":[{"embeddable":true,"href":"https:\/\/www.oidossucios.com\/site\/wp-json\/wp\/v2\/users\/4"}],"replies":[{"embeddable":true,"href":"https:\/\/www.oidossucios.com\/site\/wp-json\/wp\/v2\/comments?post=9342"}],"version-history":[{"count":1,"href":"https:\/\/www.oidossucios.com\/site\/wp-json\/wp\/v2\/posts\/9342\/revisions"}],"predecessor-version":[{"id":111116370,"href":"https:\/\/www.oidossucios.com\/site\/wp-json\/wp\/v2\/posts\/9342\/revisions\/111116370"}],"wp:featuredmedia":[{"embeddable":true,"href":"https:\/\/www.oidossucios.com\/site\/wp-json\/wp\/v2\/media\/100009342"}],"wp:attachment":[{"href":"https:\/\/www.oidossucios.com\/site\/wp-json\/wp\/v2\/media?parent=9342"}],"wp:term":[{"taxonomy":"category","embeddable":true,"href":"https:\/\/www.oidossucios.com\/site\/wp-json\/wp\/v2\/categories?post=9342"},{"taxonomy":"post_tag","embeddable":true,"href":"https:\/\/www.oidossucios.com\/site\/wp-json\/wp\/v2\/tags?post=9342"}],"curies":[{"name":"wp","href":"https:\/\/api.w.org\/{rel}","templated":true}]}}