{"id":9347,"date":"2015-06-11T03:45:00","date_gmt":"2015-06-11T03:45:00","guid":{"rendered":"https:\/\/www.oidossucios.com\/site\/2015\/06\/11\/la-banda-okills-reprograma-fechas-de-puerto-ordaz-y-maturin\/"},"modified":"2020-05-07T08:46:29","modified_gmt":"2020-05-07T12:46:29","slug":"la-banda-okills-reprograma-fechas-de-puerto-ordaz-y-maturin","status":"publish","type":"post","link":"https:\/\/www.oidossucios.com\/site\/la-banda-okills-reprograma-fechas-de-puerto-ordaz-y-maturin\/","title":{"rendered":"La Banda Okills reprograma fechas de  Puerto Ordaz y Matur\u00edn"},"content":{"rendered":"<p style=\"text-align: justify;\">Okills, anuncia oficialmente la reprogramaci&oacute;n de sus fechas del show de Puerto Ordaz este viernes 12 de junio en Fiji Bar y la de Matur&iacute;n este s&aacute;bado 13 de junio en El Le&oacute;n.<\/p>\n<p>La banda caraque&ntilde;a que emprendi&oacute; su gira nacional a comienzos del mes de junio, junto al lanzamiento de &ldquo;Am&eacute;rica Supers&oacute;nica&rdquo; su nuevo CD;&nbsp; promete a sus seguidores nuevas fechas para ambas ciudades, quedando CONFIRMADAS de la siguiente manera:<\/p>\n<p>Puerto Ordaz: Viernes 10 de julio | Fiji Bar |<\/p>\n<p>Matur&iacute;n: S&aacute;bado 11 de Julio | El Le&oacute;n |<\/p>\n<p>Reiteramos las fechas de la gira nacional #Amer&iacute;caSupers&oacute;nica:<\/p>\n<p>&#8211; Caracas &#8211; 19 de Junio &#8211; La Quinta Bar<\/p>\n<p>&#8203;- &#8203;Barquisimeto &#8211; 26 de Junio &ndash; Holes Hot Pub &amp; Bar 111<\/p>\n<p>&#8203;- &#8203;Acarigua &#8211; 27 de Junio &ndash; Lasos Rock Bar<\/p>\n<p>&#8211; Puerto Ordaz &#8211; 10 de Julio &#8211; Fiji Bar [Club Nautico]<\/p>\n<p>&#8211; Matur&iacute;n &#8211; 11 de Julio &#8211; El Le&oacute;n de Matur&iacute;n<\/p>\n<p>Para m&aacute;s informaci&oacute;n de la gira #Amer&iacute;caSup&eacute;rs&oacute;nica: Sigue las redes sociales y ent&eacute;rate de las novedades que constantemente presenta la banda<\/p>\n<p>Twitter https:\/\/twitter.com\/somosokills<\/p>\n<p>Facebook https:\/\/www.facebook.com\/somosokills?fref=ts<\/p>\n<p>Instagran @somosokills <\/p>\n<p>Fuente: Nota de Prensa<\/p>\n","protected":false},"excerpt":{"rendered":"<p>La banda caraque\u00f1a que emprendi\u00f3 su gira nacional a comienzos del mes de junio, junto al lanzamiento de Am\u00e9rica Supers\u00f3nica<\/p>\n","protected":false},"author":4,"featured_media":100009347,"comment_status":"open","ping_status":"open","sticky":false,"template":"","format":"standard","meta":{"_jetpack_memberships_contains_paid_content":false,"footnotes":""},"categories":[142],"tags":[],"class_list":["post-9347","post","type-post","status-publish","format-standard","has-post-thumbnail","hentry","category-buzznews"],"jetpack_featured_media_url":"https:\/\/www.oidossucios.com\/site\/wp-content\/uploads\/2015\/06\/9347.jpg","yoast_head":"<!-- This site is optimized with the Yoast SEO plugin v14.0.4 - https:\/\/yoast.com\/wordpress\/plugins\/seo\/ -->\n<title>La Banda Okills reprograma fechas de Puerto Ordaz y Matur\u00edn - OidosSucios.Com<\/title>\n<meta name=\"description\" content=\"La banda caraque\u00f1a que emprendi\u00f3 su gira nacional a comienzos del mes de junio, junto al lanzamiento de Am\u00e9rica Supers\u00f3nica\" \/>\n<meta name=\"robots\" content=\"index, follow\" \/>\n<meta name=\"googlebot\" content=\"index, follow, max-snippet:-1, max-image-preview:large, max-video-preview:-1\" \/>\n<meta name=\"bingbot\" content=\"index, follow, max-snippet:-1, max-image-preview:large, max-video-preview:-1\" \/>\n<link rel=\"canonical\" href=\"https:\/\/www.oidossucios.com\/site\/la-banda-okills-reprograma-fechas-de-puerto-ordaz-y-maturin\/\" \/>\n<meta property=\"og:locale\" content=\"es_ES\" \/>\n<meta property=\"og:type\" content=\"article\" \/>\n<meta property=\"og:title\" content=\"La Banda Okills reprograma fechas de Puerto Ordaz y Matur\u00edn - OidosSucios.Com\" \/>\n<meta property=\"og:description\" content=\"La banda caraque\u00f1a que emprendi\u00f3 su gira nacional a comienzos del mes de junio, junto al lanzamiento de Am\u00e9rica Supers\u00f3nica\" \/>\n<meta property=\"og:url\" content=\"https:\/\/www.oidossucios.com\/site\/la-banda-okills-reprograma-fechas-de-puerto-ordaz-y-maturin\/\" \/>\n<meta property=\"og:site_name\" content=\"OidosSucios.Com\" \/>\n<meta property=\"article:published_time\" content=\"2015-06-11T03:45:00+00:00\" \/>\n<meta property=\"article:modified_time\" content=\"2020-05-07T12:46:29+00:00\" \/>\n<meta property=\"og:image\" content=\"https:\/\/www.oidossucios.com\/site\/wp-content\/uploads\/2015\/06\/9347.jpg\" \/>\n\t<meta property=\"og:image:width\" content=\"350\" \/>\n\t<meta property=\"og:image:height\" content=\"300\" \/>\n<meta name=\"twitter:card\" content=\"summary_large_image\" \/>\n<meta name=\"twitter:creator\" content=\"@oidossucios\" \/>\n<script type=\"application\/ld+json\" class=\"yoast-schema-graph\">{\"@context\":\"https:\/\/schema.org\",\"@graph\":[{\"@type\":\"WebSite\",\"@id\":\"https:\/\/www.oidossucios.com\/site\/#website\",\"url\":\"https:\/\/www.oidossucios.com\/site\/\",\"name\":\"OidosSucios.Com\",\"description\":\"M\\u00fasica, conciertos, discos\",\"potentialAction\":[{\"@type\":\"SearchAction\",\"target\":\"https:\/\/www.oidossucios.com\/site\/?s={search_term_string}\",\"query-input\":\"required name=search_term_string\"}],\"inLanguage\":\"es\"},{\"@type\":\"ImageObject\",\"@id\":\"https:\/\/www.oidossucios.com\/site\/la-banda-okills-reprograma-fechas-de-puerto-ordaz-y-maturin\/#primaryimage\",\"inLanguage\":\"es\",\"url\":\"https:\/\/www.oidossucios.com\/site\/wp-content\/uploads\/2015\/06\/9347.jpg\",\"width\":350,\"height\":300},{\"@type\":\"WebPage\",\"@id\":\"https:\/\/www.oidossucios.com\/site\/la-banda-okills-reprograma-fechas-de-puerto-ordaz-y-maturin\/#webpage\",\"url\":\"https:\/\/www.oidossucios.com\/site\/la-banda-okills-reprograma-fechas-de-puerto-ordaz-y-maturin\/\",\"name\":\"La Banda Okills reprograma fechas de Puerto Ordaz y Matur\\u00edn - OidosSucios.Com\",\"isPartOf\":{\"@id\":\"https:\/\/www.oidossucios.com\/site\/#website\"},\"primaryImageOfPage\":{\"@id\":\"https:\/\/www.oidossucios.com\/site\/la-banda-okills-reprograma-fechas-de-puerto-ordaz-y-maturin\/#primaryimage\"},\"datePublished\":\"2015-06-11T03:45:00+00:00\",\"dateModified\":\"2020-05-07T12:46:29+00:00\",\"author\":{\"@id\":\"https:\/\/www.oidossucios.com\/site\/#\/schema\/person\/24559eeb76bf83a63296fb072393a688\"},\"description\":\"La banda caraque\\u00f1a que emprendi\\u00f3 su gira nacional a comienzos del mes de junio, junto al lanzamiento de Am\\u00e9rica Supers\\u00f3nica\",\"inLanguage\":\"es\",\"potentialAction\":[{\"@type\":\"ReadAction\",\"target\":[\"https:\/\/www.oidossucios.com\/site\/la-banda-okills-reprograma-fechas-de-puerto-ordaz-y-maturin\/\"]}]},{\"@type\":[\"Person\"],\"@id\":\"https:\/\/www.oidossucios.com\/site\/#\/schema\/person\/24559eeb76bf83a63296fb072393a688\",\"name\":\"Oidossucios\",\"image\":{\"@type\":\"ImageObject\",\"@id\":\"https:\/\/www.oidossucios.com\/site\/#personlogo\",\"inLanguage\":\"es\",\"url\":\"https:\/\/secure.gravatar.com\/avatar\/74fcb480f42f1a33e50a0b6e6369a3f907be2e43dc84fa5f76c66e9c22b4a5ab?s=96&d=mm&r=g\",\"caption\":\"Oidossucios\"},\"sameAs\":[\"https:\/\/twitter.com\/oidossucios\"]}]}<\/script>\n<!-- \/ Yoast SEO plugin. -->","jetpack_sharing_enabled":true,"_links":{"self":[{"href":"https:\/\/www.oidossucios.com\/site\/wp-json\/wp\/v2\/posts\/9347","targetHints":{"allow":["GET"]}}],"collection":[{"href":"https:\/\/www.oidossucios.com\/site\/wp-json\/wp\/v2\/posts"}],"about":[{"href":"https:\/\/www.oidossucios.com\/site\/wp-json\/wp\/v2\/types\/post"}],"author":[{"embeddable":true,"href":"https:\/\/www.oidossucios.com\/site\/wp-json\/wp\/v2\/users\/4"}],"replies":[{"embeddable":true,"href":"https:\/\/www.oidossucios.com\/site\/wp-json\/wp\/v2\/comments?post=9347"}],"version-history":[{"count":1,"href":"https:\/\/www.oidossucios.com\/site\/wp-json\/wp\/v2\/posts\/9347\/revisions"}],"predecessor-version":[{"id":111116364,"href":"https:\/\/www.oidossucios.com\/site\/wp-json\/wp\/v2\/posts\/9347\/revisions\/111116364"}],"wp:featuredmedia":[{"embeddable":true,"href":"https:\/\/www.oidossucios.com\/site\/wp-json\/wp\/v2\/media\/100009347"}],"wp:attachment":[{"href":"https:\/\/www.oidossucios.com\/site\/wp-json\/wp\/v2\/media?parent=9347"}],"wp:term":[{"taxonomy":"category","embeddable":true,"href":"https:\/\/www.oidossucios.com\/site\/wp-json\/wp\/v2\/categories?post=9347"},{"taxonomy":"post_tag","embeddable":true,"href":"https:\/\/www.oidossucios.com\/site\/wp-json\/wp\/v2\/tags?post=9347"}],"curies":[{"name":"wp","href":"https:\/\/api.w.org\/{rel}","templated":true}]}}