{"id":9358,"date":"2015-06-19T12:27:00","date_gmt":"2015-06-19T12:27:00","guid":{"rendered":"https:\/\/www.oidossucios.com\/site\/2015\/06\/19\/tan-frio-el-verano-estrena-otono-su-segundo-disco-de-larga-duracion\/"},"modified":"2020-05-07T08:46:27","modified_gmt":"2020-05-07T12:46:27","slug":"tan-frio-el-verano-estrena-otono-su-segundo-disco-de-larga-duracion","status":"publish","type":"post","link":"https:\/\/www.oidossucios.com\/site\/tan-frio-el-verano-estrena-otono-su-segundo-disco-de-larga-duracion\/","title":{"rendered":"Tan Fr\u00edo el Verano estrena Oto\u00f1o, su segundo disco de larga duraci\u00f3n"},"content":{"rendered":"<p style=\"text-align: justify;\">Desde Buenos Aires, el grupo se reconfigura manteniendo a Rafael Garc&iacute;a (Programaci&oacute;n, Secuencias, Synths, Mel&oacute;dica, Vocoder, Composici&oacute;n de temas), Carlos S&aacute;nchez (Bajo, Guitarras, Synths, Trompeta, Arreglos), Diego Blanco (Vj, Dise&ntilde;o Gr&aacute;fico, Arreglos) y Luis Edgardo Herrera (Direcci&oacute;n de Arte, Cine) de su alineaci&oacute;n original, al tiempo que se suman otros talentos venezolanos radicados en dicho pa&iacute;s, como John Guarenas (Synth, Voces, Vocoder, Arreglos), Humberto Isea (Guitarras, Voces) y Carlos Astros (Bateria).<\/p>\n<p>Siguiendo con la historia planteada en su EP Invierno (2010) y luego en Primavera (2012), su previa producci&oacute;n discogr&aacute;fica que los llev&oacute; a la tarima de importantes festivales como el South By Southwest en Austin, Texas, adem&aacute;s de ser prenominado a los Latin Grammys como Mejor dise&ntilde;o de empaque y Mejor ingenier&iacute;a de grabaci&oacute;n y contar con distribuci&oacute;n en distintos pa&iacute;ses gracias al sello surcoreano Onion Records, el grupo regresa al ruedo musical con Oto&ntilde;o, un &aacute;lbum que marca un cambio significativo en el sonido de la banda, adentr&aacute;ndose en las aguas del IDM Experimental, el Glitch y algo de Industrial, g&eacute;neros que distan del Post-Rock que les dio a conocer. <\/p>\n<p>El &aacute;lbum fue estrenado a trav&eacute;s del sello argentino Scatter Records y puede ser escuchado en streaming a trav&eacute;s de su p&aacute;gina web, www.tanfrioelverano.net<\/p>\n<p>Por lo pronto, la banda tiene ya dos fechas confirmadas en Niceto Club de la Ciudad de Buenos Aires, donde compartir&aacute;n tarima con los chilenos Ases Falsos (11 de Agosto) y con Pharmakon, proyecto de la neoyorquina Margaret Chardiet (29 de agosto).<\/p>\n<p><strong>Sobre Oto&ntilde;o<\/strong><\/p>\n<p>El colectivo maneja un concepto\/historia que empez&oacute; cuando cuatro entes atemporales decidieron encarnarse en la piel humana: Oto&ntilde;o, Invierno, Primavera y Verano.<\/p>\n<p>En un principio, el Invierno y la Primavera conocieron el amor de los humanos y lo hicieron parte de sus vidas engendrando a Snegurochka, conocida como el hada de las nieves, fruto de la inocencia humana. Por otro lado, el Verano, se hizo con la sabidur&iacute;a del hombre, aprendiendo cada vez m&aacute;s de &eacute;l y disfrutando de su conocimiento e historia; viajando y siendo testigo de cada acontecimiento de la humanidad.<\/p>\n<p>Pero los defectos surgen en base a la ausencia de ese calor humano con los que se hizo el Invierno y la Primavera. De ah&iacute; surgi&oacute; el Oto&ntilde;o: el ente que adopt&oacute; y se obsesion&oacute; con algunos sentimientos oscuros como la violencia, el odio y la envidia. Oto&ntilde;o es el ente que ha buscado da&ntilde;ar y separar la uni&oacute;n del Invierno y la Primavera, gracias al fruto de la envidia cosechada por los seres humanos.<\/p>\n<p>Ahora se conoce muy poco sobre estos tres, pero dicen que Oto&ntilde;o ha estado planificando su venganza y su retorno indefinido, para as&iacute; acabar con cualquier uni&oacute;n. Lo poco que sabemos es gracias a los cortos y enigm&aacute;ticos testimonios que, fugitivamente, ha estado enviado el Verano en todo su peregrinaje.<\/p>\n<p>Pueden seguir a Tan Fr&iacute;o el Verano en sus redes sociales:<\/p>\n<p>www.tanfrioelverano.net<\/p>\n<p>Facebook: Tan Fr&iacute;o el Verano<\/p>\n<p>Twitter: @tanfrioelverano<\/p>\n<p>Instagram: @tanfrioelveranove<\/p>\n<p>Soundcloud: <a href=\"https:\/\/soundcloud.com\/tanfrioelverano\">https:\/\/soundcloud.com\/tanfrioelverano<\/a><br \/>Bandcamp: <a href=\"https:\/\/tanfrioelverano.bandcamp.com\/\">https:\/\/tanfrioelverano.bandcamp.com\/<\/a><\/p>\n<p>Fuente: Nota de Prensa<\/p>\n","protected":false},"excerpt":{"rendered":"<p>El colectivo audiovisual venezolano, ahora radicado en Argentina presenta al p\u00fablico su segundo disco de larga duraci\u00f3n, titulado Oto\u00f1o<\/p>\n","protected":false},"author":4,"featured_media":100009358,"comment_status":"open","ping_status":"open","sticky":false,"template":"","format":"standard","meta":{"_jetpack_memberships_contains_paid_content":false,"footnotes":""},"categories":[142],"tags":[],"class_list":["post-9358","post","type-post","status-publish","format-standard","has-post-thumbnail","hentry","category-buzznews"],"jetpack_featured_media_url":"https:\/\/www.oidossucios.com\/site\/wp-content\/uploads\/2015\/06\/9358.jpg","yoast_head":"<!-- This site is optimized with the Yoast SEO plugin v14.0.4 - https:\/\/yoast.com\/wordpress\/plugins\/seo\/ -->\n<title>Tan Fr\u00edo el Verano estrena Oto\u00f1o, su segundo disco de larga duraci\u00f3n - OidosSucios.Com<\/title>\n<meta name=\"description\" content=\"El colectivo audiovisual venezolano, ahora radicado en Argentina presenta al p\u00fablico su segundo disco de larga duraci\u00f3n, titulado Oto\u00f1o\" \/>\n<meta name=\"robots\" content=\"index, follow\" \/>\n<meta name=\"googlebot\" content=\"index, follow, max-snippet:-1, max-image-preview:large, max-video-preview:-1\" \/>\n<meta name=\"bingbot\" content=\"index, follow, max-snippet:-1, max-image-preview:large, max-video-preview:-1\" \/>\n<link rel=\"canonical\" href=\"https:\/\/www.oidossucios.com\/site\/tan-frio-el-verano-estrena-otono-su-segundo-disco-de-larga-duracion\/\" \/>\n<meta property=\"og:locale\" content=\"es_ES\" \/>\n<meta property=\"og:type\" content=\"article\" \/>\n<meta property=\"og:title\" content=\"Tan Fr\u00edo el Verano estrena Oto\u00f1o, su segundo disco de larga duraci\u00f3n - OidosSucios.Com\" \/>\n<meta property=\"og:description\" content=\"El colectivo audiovisual venezolano, ahora radicado en Argentina presenta al p\u00fablico su segundo disco de larga duraci\u00f3n, titulado Oto\u00f1o\" \/>\n<meta property=\"og:url\" content=\"https:\/\/www.oidossucios.com\/site\/tan-frio-el-verano-estrena-otono-su-segundo-disco-de-larga-duracion\/\" \/>\n<meta property=\"og:site_name\" content=\"OidosSucios.Com\" \/>\n<meta property=\"article:published_time\" content=\"2015-06-19T12:27:00+00:00\" \/>\n<meta property=\"article:modified_time\" content=\"2020-05-07T12:46:27+00:00\" \/>\n<meta property=\"og:image\" content=\"https:\/\/www.oidossucios.com\/site\/wp-content\/uploads\/2015\/06\/9358.jpg\" \/>\n\t<meta property=\"og:image:width\" content=\"350\" \/>\n\t<meta property=\"og:image:height\" content=\"300\" \/>\n<meta name=\"twitter:card\" content=\"summary_large_image\" \/>\n<meta name=\"twitter:creator\" content=\"@oidossucios\" \/>\n<script type=\"application\/ld+json\" class=\"yoast-schema-graph\">{\"@context\":\"https:\/\/schema.org\",\"@graph\":[{\"@type\":\"WebSite\",\"@id\":\"https:\/\/www.oidossucios.com\/site\/#website\",\"url\":\"https:\/\/www.oidossucios.com\/site\/\",\"name\":\"OidosSucios.Com\",\"description\":\"M\\u00fasica, conciertos, discos\",\"potentialAction\":[{\"@type\":\"SearchAction\",\"target\":\"https:\/\/www.oidossucios.com\/site\/?s={search_term_string}\",\"query-input\":\"required name=search_term_string\"}],\"inLanguage\":\"es\"},{\"@type\":\"ImageObject\",\"@id\":\"https:\/\/www.oidossucios.com\/site\/tan-frio-el-verano-estrena-otono-su-segundo-disco-de-larga-duracion\/#primaryimage\",\"inLanguage\":\"es\",\"url\":\"https:\/\/www.oidossucios.com\/site\/wp-content\/uploads\/2015\/06\/9358.jpg\",\"width\":350,\"height\":300},{\"@type\":\"WebPage\",\"@id\":\"https:\/\/www.oidossucios.com\/site\/tan-frio-el-verano-estrena-otono-su-segundo-disco-de-larga-duracion\/#webpage\",\"url\":\"https:\/\/www.oidossucios.com\/site\/tan-frio-el-verano-estrena-otono-su-segundo-disco-de-larga-duracion\/\",\"name\":\"Tan Fr\\u00edo el Verano estrena Oto\\u00f1o, su segundo disco de larga duraci\\u00f3n - OidosSucios.Com\",\"isPartOf\":{\"@id\":\"https:\/\/www.oidossucios.com\/site\/#website\"},\"primaryImageOfPage\":{\"@id\":\"https:\/\/www.oidossucios.com\/site\/tan-frio-el-verano-estrena-otono-su-segundo-disco-de-larga-duracion\/#primaryimage\"},\"datePublished\":\"2015-06-19T12:27:00+00:00\",\"dateModified\":\"2020-05-07T12:46:27+00:00\",\"author\":{\"@id\":\"https:\/\/www.oidossucios.com\/site\/#\/schema\/person\/24559eeb76bf83a63296fb072393a688\"},\"description\":\"El colectivo audiovisual venezolano, ahora radicado en Argentina presenta al p\\u00fablico su segundo disco de larga duraci\\u00f3n, titulado Oto\\u00f1o\",\"inLanguage\":\"es\",\"potentialAction\":[{\"@type\":\"ReadAction\",\"target\":[\"https:\/\/www.oidossucios.com\/site\/tan-frio-el-verano-estrena-otono-su-segundo-disco-de-larga-duracion\/\"]}]},{\"@type\":[\"Person\"],\"@id\":\"https:\/\/www.oidossucios.com\/site\/#\/schema\/person\/24559eeb76bf83a63296fb072393a688\",\"name\":\"Oidossucios\",\"image\":{\"@type\":\"ImageObject\",\"@id\":\"https:\/\/www.oidossucios.com\/site\/#personlogo\",\"inLanguage\":\"es\",\"url\":\"https:\/\/secure.gravatar.com\/avatar\/74fcb480f42f1a33e50a0b6e6369a3f907be2e43dc84fa5f76c66e9c22b4a5ab?s=96&d=mm&r=g\",\"caption\":\"Oidossucios\"},\"sameAs\":[\"https:\/\/twitter.com\/oidossucios\"]}]}<\/script>\n<!-- \/ Yoast SEO plugin. -->","jetpack_sharing_enabled":true,"_links":{"self":[{"href":"https:\/\/www.oidossucios.com\/site\/wp-json\/wp\/v2\/posts\/9358","targetHints":{"allow":["GET"]}}],"collection":[{"href":"https:\/\/www.oidossucios.com\/site\/wp-json\/wp\/v2\/posts"}],"about":[{"href":"https:\/\/www.oidossucios.com\/site\/wp-json\/wp\/v2\/types\/post"}],"author":[{"embeddable":true,"href":"https:\/\/www.oidossucios.com\/site\/wp-json\/wp\/v2\/users\/4"}],"replies":[{"embeddable":true,"href":"https:\/\/www.oidossucios.com\/site\/wp-json\/wp\/v2\/comments?post=9358"}],"version-history":[{"count":1,"href":"https:\/\/www.oidossucios.com\/site\/wp-json\/wp\/v2\/posts\/9358\/revisions"}],"predecessor-version":[{"id":111116352,"href":"https:\/\/www.oidossucios.com\/site\/wp-json\/wp\/v2\/posts\/9358\/revisions\/111116352"}],"wp:featuredmedia":[{"embeddable":true,"href":"https:\/\/www.oidossucios.com\/site\/wp-json\/wp\/v2\/media\/100009358"}],"wp:attachment":[{"href":"https:\/\/www.oidossucios.com\/site\/wp-json\/wp\/v2\/media?parent=9358"}],"wp:term":[{"taxonomy":"category","embeddable":true,"href":"https:\/\/www.oidossucios.com\/site\/wp-json\/wp\/v2\/categories?post=9358"},{"taxonomy":"post_tag","embeddable":true,"href":"https:\/\/www.oidossucios.com\/site\/wp-json\/wp\/v2\/tags?post=9358"}],"curies":[{"name":"wp","href":"https:\/\/api.w.org\/{rel}","templated":true}]}}