{"id":9361,"date":"2015-06-23T12:31:00","date_gmt":"2015-06-23T12:31:00","guid":{"rendered":"https:\/\/www.oidossucios.com\/site\/2015\/06\/23\/la-orquesta-de-rock-sinfonico-simon-bolivar-llevara-la-energia-de-queen-al-parque-del-este\/"},"modified":"2020-05-07T08:46:27","modified_gmt":"2020-05-07T12:46:27","slug":"la-orquesta-de-rock-sinfonico-simon-bolivar-llevara-la-energia-de-queen-al-parque-del-este","status":"publish","type":"post","link":"https:\/\/www.oidossucios.com\/site\/la-orquesta-de-rock-sinfonico-simon-bolivar-llevara-la-energia-de-queen-al-parque-del-este\/","title":{"rendered":"La Orquesta de Rock Sinf\u00f3nico Sim\u00f3n Bol\u00edvar llevar\u00e1 la energ\u00eda de Queen al Parque del Este."},"content":{"rendered":"<p style=\"text-align: justify;\">El Parque General&iacute;simo Francisco de Miranda, tambi&eacute;n conocido como &ldquo;Parque del Este&rdquo; ser&aacute; el escenario de un domingo de rock, este 28 de junio a las 3:00 pm con la participaci&oacute;n de la a Orquesta de Rock Sinf&oacute;nico Sim&oacute;n Bol&iacute;var. Este lugar tan emblem&aacute;tico para la ciudad de Caracas que anteriormente ha sido sede de grandes conciertos del g&eacute;nero, recibir&aacute; a una de las agrupaciones m&aacute;s novedosas en su estilo, para interpretar su tan aclamado Tributo a la banda brit&aacute;nica Queen. La entrada es libre.<\/p>\n<p>La orquesta ser&aacute; dirigida por el maestro Daniel Hurtado. El evento contar&aacute; adem&aacute;s con la participaci&oacute;n de la soprano Ninoska Camacaro, de manera que ser&aacute;n m&aacute;s de 30 m&uacute;sicos en escena y al aire libre los que har&aacute;n vivir al p&uacute;blico una experiencia inolvidable <\/p>\n<p>Los asistentes podr&aacute;n disfrutar, a trav&eacute;s de ibcreibles arreglos, de los cl&aacute;sicos m&aacute;s emblem&aacute;ticos de la banda brit&aacute;nica; como Bohemian Rhapsody, Love of my life, Princes of the universe, Somebody to love, We are the champions, Don&rsquo;t stop me now, Another one bites the dust y muchos otros.<\/p>\n<p>La Orquesta de Rock Sinf&oacute;nico Sim&oacute;n Bol&iacute;var forma parte del Conservatorio de M&uacute;sica Sim&oacute;n Bol&iacute;var, instituci&oacute;n a cargo de la formaci&oacute;n acad&eacute;mica de los j&oacute;venes del Sistema Nacional de Orquestas y Coros Juveniles e Infantiles de Venezuela, cuyo &oacute;rgano rector es la Fundaci&oacute;n Musical Sim&oacute;n Bol&iacute;var, adscrita al Ministerio del Poder Popular del Despacho de la Presidencia y Seguimiento de Gesti&oacute;n de Gobierno de la Rep&uacute;blica Bolivariana de Venezuela.<\/p>\n<p>Fuente: Nota de Prensa<\/p>\n","protected":false},"excerpt":{"rendered":"<p>La orquesta ser\u00e1 dirigida por el maestro Daniel Hurtado. El evento contar\u00e1 adem\u00e1s con la participaci\u00f3n de la soprano Ninoska Camacaro<\/p>\n","protected":false},"author":4,"featured_media":100009361,"comment_status":"open","ping_status":"open","sticky":false,"template":"","format":"standard","meta":{"_jetpack_memberships_contains_paid_content":false,"footnotes":""},"categories":[142],"tags":[],"class_list":["post-9361","post","type-post","status-publish","format-standard","has-post-thumbnail","hentry","category-buzznews"],"jetpack_featured_media_url":"https:\/\/www.oidossucios.com\/site\/wp-content\/uploads\/2015\/06\/9361.jpg","yoast_head":"<!-- This site is optimized with the Yoast SEO plugin v14.0.4 - https:\/\/yoast.com\/wordpress\/plugins\/seo\/ -->\n<title>La Orquesta de Rock Sinf\u00f3nico Sim\u00f3n Bol\u00edvar llevar\u00e1 la energ\u00eda de Queen al Parque del Este. - OidosSucios.Com<\/title>\n<meta name=\"description\" content=\"La orquesta ser\u00e1 dirigida por el maestro Daniel Hurtado. El evento contar\u00e1 adem\u00e1s con la participaci\u00f3n de la soprano Ninoska Camacaro\" \/>\n<meta name=\"robots\" content=\"index, follow\" \/>\n<meta name=\"googlebot\" content=\"index, follow, max-snippet:-1, max-image-preview:large, max-video-preview:-1\" \/>\n<meta name=\"bingbot\" content=\"index, follow, max-snippet:-1, max-image-preview:large, max-video-preview:-1\" \/>\n<link rel=\"canonical\" href=\"https:\/\/www.oidossucios.com\/site\/la-orquesta-de-rock-sinfonico-simon-bolivar-llevara-la-energia-de-queen-al-parque-del-este\/\" \/>\n<meta property=\"og:locale\" content=\"es_ES\" \/>\n<meta property=\"og:type\" content=\"article\" \/>\n<meta property=\"og:title\" content=\"La Orquesta de Rock Sinf\u00f3nico Sim\u00f3n Bol\u00edvar llevar\u00e1 la energ\u00eda de Queen al Parque del Este. - OidosSucios.Com\" \/>\n<meta property=\"og:description\" content=\"La orquesta ser\u00e1 dirigida por el maestro Daniel Hurtado. El evento contar\u00e1 adem\u00e1s con la participaci\u00f3n de la soprano Ninoska Camacaro\" \/>\n<meta property=\"og:url\" content=\"https:\/\/www.oidossucios.com\/site\/la-orquesta-de-rock-sinfonico-simon-bolivar-llevara-la-energia-de-queen-al-parque-del-este\/\" \/>\n<meta property=\"og:site_name\" content=\"OidosSucios.Com\" \/>\n<meta property=\"article:published_time\" content=\"2015-06-23T12:31:00+00:00\" \/>\n<meta property=\"article:modified_time\" content=\"2020-05-07T12:46:27+00:00\" \/>\n<meta property=\"og:image\" content=\"https:\/\/www.oidossucios.com\/site\/wp-content\/uploads\/2015\/06\/9361.jpg\" \/>\n\t<meta property=\"og:image:width\" content=\"350\" \/>\n\t<meta property=\"og:image:height\" content=\"300\" \/>\n<meta name=\"twitter:card\" content=\"summary_large_image\" \/>\n<meta name=\"twitter:creator\" content=\"@oidossucios\" \/>\n<script type=\"application\/ld+json\" class=\"yoast-schema-graph\">{\"@context\":\"https:\/\/schema.org\",\"@graph\":[{\"@type\":\"WebSite\",\"@id\":\"https:\/\/www.oidossucios.com\/site\/#website\",\"url\":\"https:\/\/www.oidossucios.com\/site\/\",\"name\":\"OidosSucios.Com\",\"description\":\"M\\u00fasica, conciertos, discos\",\"potentialAction\":[{\"@type\":\"SearchAction\",\"target\":\"https:\/\/www.oidossucios.com\/site\/?s={search_term_string}\",\"query-input\":\"required name=search_term_string\"}],\"inLanguage\":\"es\"},{\"@type\":\"ImageObject\",\"@id\":\"https:\/\/www.oidossucios.com\/site\/la-orquesta-de-rock-sinfonico-simon-bolivar-llevara-la-energia-de-queen-al-parque-del-este\/#primaryimage\",\"inLanguage\":\"es\",\"url\":\"https:\/\/www.oidossucios.com\/site\/wp-content\/uploads\/2015\/06\/9361.jpg\",\"width\":350,\"height\":300},{\"@type\":\"WebPage\",\"@id\":\"https:\/\/www.oidossucios.com\/site\/la-orquesta-de-rock-sinfonico-simon-bolivar-llevara-la-energia-de-queen-al-parque-del-este\/#webpage\",\"url\":\"https:\/\/www.oidossucios.com\/site\/la-orquesta-de-rock-sinfonico-simon-bolivar-llevara-la-energia-de-queen-al-parque-del-este\/\",\"name\":\"La Orquesta de Rock Sinf\\u00f3nico Sim\\u00f3n Bol\\u00edvar llevar\\u00e1 la energ\\u00eda de Queen al Parque del Este. - OidosSucios.Com\",\"isPartOf\":{\"@id\":\"https:\/\/www.oidossucios.com\/site\/#website\"},\"primaryImageOfPage\":{\"@id\":\"https:\/\/www.oidossucios.com\/site\/la-orquesta-de-rock-sinfonico-simon-bolivar-llevara-la-energia-de-queen-al-parque-del-este\/#primaryimage\"},\"datePublished\":\"2015-06-23T12:31:00+00:00\",\"dateModified\":\"2020-05-07T12:46:27+00:00\",\"author\":{\"@id\":\"https:\/\/www.oidossucios.com\/site\/#\/schema\/person\/24559eeb76bf83a63296fb072393a688\"},\"description\":\"La orquesta ser\\u00e1 dirigida por el maestro Daniel Hurtado. El evento contar\\u00e1 adem\\u00e1s con la participaci\\u00f3n de la soprano Ninoska Camacaro\",\"inLanguage\":\"es\",\"potentialAction\":[{\"@type\":\"ReadAction\",\"target\":[\"https:\/\/www.oidossucios.com\/site\/la-orquesta-de-rock-sinfonico-simon-bolivar-llevara-la-energia-de-queen-al-parque-del-este\/\"]}]},{\"@type\":[\"Person\"],\"@id\":\"https:\/\/www.oidossucios.com\/site\/#\/schema\/person\/24559eeb76bf83a63296fb072393a688\",\"name\":\"Oidossucios\",\"image\":{\"@type\":\"ImageObject\",\"@id\":\"https:\/\/www.oidossucios.com\/site\/#personlogo\",\"inLanguage\":\"es\",\"url\":\"https:\/\/secure.gravatar.com\/avatar\/74fcb480f42f1a33e50a0b6e6369a3f907be2e43dc84fa5f76c66e9c22b4a5ab?s=96&d=mm&r=g\",\"caption\":\"Oidossucios\"},\"sameAs\":[\"https:\/\/twitter.com\/oidossucios\"]}]}<\/script>\n<!-- \/ Yoast SEO plugin. -->","jetpack_sharing_enabled":true,"_links":{"self":[{"href":"https:\/\/www.oidossucios.com\/site\/wp-json\/wp\/v2\/posts\/9361","targetHints":{"allow":["GET"]}}],"collection":[{"href":"https:\/\/www.oidossucios.com\/site\/wp-json\/wp\/v2\/posts"}],"about":[{"href":"https:\/\/www.oidossucios.com\/site\/wp-json\/wp\/v2\/types\/post"}],"author":[{"embeddable":true,"href":"https:\/\/www.oidossucios.com\/site\/wp-json\/wp\/v2\/users\/4"}],"replies":[{"embeddable":true,"href":"https:\/\/www.oidossucios.com\/site\/wp-json\/wp\/v2\/comments?post=9361"}],"version-history":[{"count":1,"href":"https:\/\/www.oidossucios.com\/site\/wp-json\/wp\/v2\/posts\/9361\/revisions"}],"predecessor-version":[{"id":111116349,"href":"https:\/\/www.oidossucios.com\/site\/wp-json\/wp\/v2\/posts\/9361\/revisions\/111116349"}],"wp:featuredmedia":[{"embeddable":true,"href":"https:\/\/www.oidossucios.com\/site\/wp-json\/wp\/v2\/media\/100009361"}],"wp:attachment":[{"href":"https:\/\/www.oidossucios.com\/site\/wp-json\/wp\/v2\/media?parent=9361"}],"wp:term":[{"taxonomy":"category","embeddable":true,"href":"https:\/\/www.oidossucios.com\/site\/wp-json\/wp\/v2\/categories?post=9361"},{"taxonomy":"post_tag","embeddable":true,"href":"https:\/\/www.oidossucios.com\/site\/wp-json\/wp\/v2\/tags?post=9361"}],"curies":[{"name":"wp","href":"https:\/\/api.w.org\/{rel}","templated":true}]}}