{"id":9362,"date":"2015-06-23T12:06:00","date_gmt":"2015-06-23T12:06:00","guid":{"rendered":"https:\/\/www.oidossucios.com\/site\/2015\/06\/23\/las-sesiones-v-rock-homenajearan-con-conciertos-al-festival-nuevas-bandas-por-sus-25-anos\/"},"modified":"2020-05-07T08:46:27","modified_gmt":"2020-05-07T12:46:27","slug":"las-sesiones-v-rock-homenajearan-con-conciertos-al-festival-nuevas-bandas-por-sus-25-anos","status":"publish","type":"post","link":"https:\/\/www.oidossucios.com\/site\/las-sesiones-v-rock-homenajearan-con-conciertos-al-festival-nuevas-bandas-por-sus-25-anos\/","title":{"rendered":"Las Sesiones V-Rock homenajear\u00e1n con conciertos al Festival Nuevas Bandas por sus 25 a\u00f1os"},"content":{"rendered":"<p style=\"text-align: justify;\">La Fundaci&oacute;n Nuevas Bandas y Polar ICE contin&uacute;an con las Sesiones V-Rock, su ciclo de conciertos en la Sala Experimental del Centro Cultural BOD, con un homenaje a los 25 a&ntilde;os del Festival Nuevas Bandas los d&iacute;as 2 y 9 de Julio. <\/p>\n<p>Una banda tributo conformada por Ku&aacute;masi Gonz&aacute;lez (guitarra), Luis &#8220;Tafio&#8221; M&eacute;ndez (bajo), Victor Rodr&iacute;guez (teclados) y Tom&aacute;s Zabala (bater&iacute;a) de Los Humanoides se encargar&aacute; de repasar la m&uacute;sica de gran parte de las agrupaciones que dieron sus primeros pasos en la tarima del Festival Nuevas Bandas.<\/p>\n<p>Junto a ellos, un grupo de cantantes invitados de distintas bandas del V-Rock quienes ya sea como participantes o invitados, han pisado la tarima del Festival, como Marianne Mal&iacute; (Mochuelo), Luis Ir&aacute;n (Los Paranoias), Juan Manuel Fern&aacute;ndez (Retrovisor), Rojo (4to Poder), Alberto Arcas (Okills), Luis Jim&eacute;nez (Los Mesoneros) y Armando A&ntilde;ez (Americania), har&aacute;n un recorrido sonoro a trav&eacute;s de canciones de bandas como VINILOVERSUS, Caramelos de Cianuro, La Puta El&eacute;ctrica, La Vida Boh&egrave;me, Candy66, Los Mentas y m&aacute;s, en un espect&aacute;culo que se une a las actividades incluidas en la celebraci&oacute;n de los 25 a&ntilde;os del festival de m&uacute;sica m&aacute;s importante del pa&iacute;s y m&aacute;s longevo del continente.<\/p>\n<p>Esta iniciativa bimensual de las Sesiones V-Rock llega a su tercera edici&oacute;n, tras celebrar los 30 a&ntilde;os de carrera de Desorden P&uacute;blico en Marzo y de haber repasado el sonido del rock venezolano por sus propios protagonistas en el mes de Mayo, en ambas ocasiones, a sala llena. En el evento, F&eacute;lix Allueva, presidente de la FNB, ejerce el rol de maestro de ceremonia, facilitando la interacci&oacute;n del p&uacute;blico asistente con los artistas invitados. Un espect&aacute;culo que, sin duda, tienen que ver todos los fan&aacute;ticos del rock criollo.<\/p>\n<p>La cita es para los d&iacute;as 2 y 9 de Julio en la Sala Experimental del Centro Cultural BOD en La Castellana, Caracas. Las entradas ya est&aacute;n a la venta en las taquillas del teatro y en Ticketmundo.com. <\/p>\n<p>Para m&aacute;s informaci&oacute;n, pueden visitar la nueva p&aacute;gina web de la Fundaci&oacute;n Nuevas Bandas: www.nuevasbandas.com<\/p>\n<p>&#8203;&#8203;Twitter: @nuevasbandas<\/p>\n<p>Facebook: https:\/\/www.facebook.com\/nuevasbandas<\/p>\n<p>&#8203;&#8203;Tumblr: http:\/\/nuevasbandas.tumblr.com\/<\/p>\n<p>&#8203;&#8203;Instagram: @nuevasbandas<\/p>\n<p>Fuente: Nota de Prensa<\/p>\n","protected":false},"excerpt":{"rendered":"<p>Invitados especiales: Los Humanoides, Marianne Mal\u00ed (Mochuelo), Luis Ir\u00e1n (Los Paranoias), Juan Manuel Fern\u00e1ndez (Retrovisor), y m\u00e1s<\/p>\n","protected":false},"author":4,"featured_media":100009362,"comment_status":"open","ping_status":"open","sticky":false,"template":"","format":"standard","meta":{"_jetpack_memberships_contains_paid_content":false,"footnotes":""},"categories":[142],"tags":[],"class_list":["post-9362","post","type-post","status-publish","format-standard","has-post-thumbnail","hentry","category-buzznews"],"jetpack_featured_media_url":"https:\/\/www.oidossucios.com\/site\/wp-content\/uploads\/2015\/06\/9362.jpg","yoast_head":"<!-- This site is optimized with the Yoast SEO plugin v14.0.4 - https:\/\/yoast.com\/wordpress\/plugins\/seo\/ -->\n<title>Las Sesiones V-Rock homenajear\u00e1n con conciertos al Festival Nuevas Bandas por sus 25 a\u00f1os - OidosSucios.Com<\/title>\n<meta name=\"description\" content=\"Invitados especiales: Los Humanoides, Marianne Mal\u00ed (Mochuelo), Luis Ir\u00e1n (Los Paranoias), Juan Manuel Fern\u00e1ndez (Retrovisor), y m\u00e1s\" \/>\n<meta name=\"robots\" content=\"index, follow\" \/>\n<meta name=\"googlebot\" content=\"index, follow, max-snippet:-1, max-image-preview:large, max-video-preview:-1\" \/>\n<meta name=\"bingbot\" content=\"index, follow, max-snippet:-1, max-image-preview:large, max-video-preview:-1\" \/>\n<link rel=\"canonical\" href=\"https:\/\/www.oidossucios.com\/site\/las-sesiones-v-rock-homenajearan-con-conciertos-al-festival-nuevas-bandas-por-sus-25-anos\/\" \/>\n<meta property=\"og:locale\" content=\"es_ES\" \/>\n<meta property=\"og:type\" content=\"article\" \/>\n<meta property=\"og:title\" content=\"Las Sesiones V-Rock homenajear\u00e1n con conciertos al Festival Nuevas Bandas por sus 25 a\u00f1os - OidosSucios.Com\" \/>\n<meta property=\"og:description\" content=\"Invitados especiales: Los Humanoides, Marianne Mal\u00ed (Mochuelo), Luis Ir\u00e1n (Los Paranoias), Juan Manuel Fern\u00e1ndez (Retrovisor), y m\u00e1s\" \/>\n<meta property=\"og:url\" content=\"https:\/\/www.oidossucios.com\/site\/las-sesiones-v-rock-homenajearan-con-conciertos-al-festival-nuevas-bandas-por-sus-25-anos\/\" \/>\n<meta property=\"og:site_name\" content=\"OidosSucios.Com\" \/>\n<meta property=\"article:published_time\" content=\"2015-06-23T12:06:00+00:00\" \/>\n<meta property=\"article:modified_time\" content=\"2020-05-07T12:46:27+00:00\" \/>\n<meta property=\"og:image\" content=\"https:\/\/www.oidossucios.com\/site\/wp-content\/uploads\/2015\/06\/9362.jpg\" \/>\n\t<meta property=\"og:image:width\" content=\"350\" \/>\n\t<meta property=\"og:image:height\" content=\"300\" \/>\n<meta name=\"twitter:card\" content=\"summary_large_image\" \/>\n<meta name=\"twitter:creator\" content=\"@oidossucios\" \/>\n<script type=\"application\/ld+json\" class=\"yoast-schema-graph\">{\"@context\":\"https:\/\/schema.org\",\"@graph\":[{\"@type\":\"WebSite\",\"@id\":\"https:\/\/www.oidossucios.com\/site\/#website\",\"url\":\"https:\/\/www.oidossucios.com\/site\/\",\"name\":\"OidosSucios.Com\",\"description\":\"M\\u00fasica, conciertos, discos\",\"potentialAction\":[{\"@type\":\"SearchAction\",\"target\":\"https:\/\/www.oidossucios.com\/site\/?s={search_term_string}\",\"query-input\":\"required name=search_term_string\"}],\"inLanguage\":\"es\"},{\"@type\":\"ImageObject\",\"@id\":\"https:\/\/www.oidossucios.com\/site\/las-sesiones-v-rock-homenajearan-con-conciertos-al-festival-nuevas-bandas-por-sus-25-anos\/#primaryimage\",\"inLanguage\":\"es\",\"url\":\"https:\/\/www.oidossucios.com\/site\/wp-content\/uploads\/2015\/06\/9362.jpg\",\"width\":350,\"height\":300},{\"@type\":\"WebPage\",\"@id\":\"https:\/\/www.oidossucios.com\/site\/las-sesiones-v-rock-homenajearan-con-conciertos-al-festival-nuevas-bandas-por-sus-25-anos\/#webpage\",\"url\":\"https:\/\/www.oidossucios.com\/site\/las-sesiones-v-rock-homenajearan-con-conciertos-al-festival-nuevas-bandas-por-sus-25-anos\/\",\"name\":\"Las Sesiones V-Rock homenajear\\u00e1n con conciertos al Festival Nuevas Bandas por sus 25 a\\u00f1os - OidosSucios.Com\",\"isPartOf\":{\"@id\":\"https:\/\/www.oidossucios.com\/site\/#website\"},\"primaryImageOfPage\":{\"@id\":\"https:\/\/www.oidossucios.com\/site\/las-sesiones-v-rock-homenajearan-con-conciertos-al-festival-nuevas-bandas-por-sus-25-anos\/#primaryimage\"},\"datePublished\":\"2015-06-23T12:06:00+00:00\",\"dateModified\":\"2020-05-07T12:46:27+00:00\",\"author\":{\"@id\":\"https:\/\/www.oidossucios.com\/site\/#\/schema\/person\/24559eeb76bf83a63296fb072393a688\"},\"description\":\"Invitados especiales: Los Humanoides, Marianne Mal\\u00ed (Mochuelo), Luis Ir\\u00e1n (Los Paranoias), Juan Manuel Fern\\u00e1ndez (Retrovisor), y m\\u00e1s\",\"inLanguage\":\"es\",\"potentialAction\":[{\"@type\":\"ReadAction\",\"target\":[\"https:\/\/www.oidossucios.com\/site\/las-sesiones-v-rock-homenajearan-con-conciertos-al-festival-nuevas-bandas-por-sus-25-anos\/\"]}]},{\"@type\":[\"Person\"],\"@id\":\"https:\/\/www.oidossucios.com\/site\/#\/schema\/person\/24559eeb76bf83a63296fb072393a688\",\"name\":\"Oidossucios\",\"image\":{\"@type\":\"ImageObject\",\"@id\":\"https:\/\/www.oidossucios.com\/site\/#personlogo\",\"inLanguage\":\"es\",\"url\":\"https:\/\/secure.gravatar.com\/avatar\/74fcb480f42f1a33e50a0b6e6369a3f907be2e43dc84fa5f76c66e9c22b4a5ab?s=96&d=mm&r=g\",\"caption\":\"Oidossucios\"},\"sameAs\":[\"https:\/\/twitter.com\/oidossucios\"]}]}<\/script>\n<!-- \/ Yoast SEO plugin. -->","jetpack_sharing_enabled":true,"_links":{"self":[{"href":"https:\/\/www.oidossucios.com\/site\/wp-json\/wp\/v2\/posts\/9362","targetHints":{"allow":["GET"]}}],"collection":[{"href":"https:\/\/www.oidossucios.com\/site\/wp-json\/wp\/v2\/posts"}],"about":[{"href":"https:\/\/www.oidossucios.com\/site\/wp-json\/wp\/v2\/types\/post"}],"author":[{"embeddable":true,"href":"https:\/\/www.oidossucios.com\/site\/wp-json\/wp\/v2\/users\/4"}],"replies":[{"embeddable":true,"href":"https:\/\/www.oidossucios.com\/site\/wp-json\/wp\/v2\/comments?post=9362"}],"version-history":[{"count":1,"href":"https:\/\/www.oidossucios.com\/site\/wp-json\/wp\/v2\/posts\/9362\/revisions"}],"predecessor-version":[{"id":111116351,"href":"https:\/\/www.oidossucios.com\/site\/wp-json\/wp\/v2\/posts\/9362\/revisions\/111116351"}],"wp:featuredmedia":[{"embeddable":true,"href":"https:\/\/www.oidossucios.com\/site\/wp-json\/wp\/v2\/media\/100009362"}],"wp:attachment":[{"href":"https:\/\/www.oidossucios.com\/site\/wp-json\/wp\/v2\/media?parent=9362"}],"wp:term":[{"taxonomy":"category","embeddable":true,"href":"https:\/\/www.oidossucios.com\/site\/wp-json\/wp\/v2\/categories?post=9362"},{"taxonomy":"post_tag","embeddable":true,"href":"https:\/\/www.oidossucios.com\/site\/wp-json\/wp\/v2\/tags?post=9362"}],"curies":[{"name":"wp","href":"https:\/\/api.w.org\/{rel}","templated":true}]}}