{"id":9378,"date":"2015-07-10T12:38:00","date_gmt":"2015-07-10T12:38:00","guid":{"rendered":"https:\/\/www.oidossucios.com\/site\/2015\/07\/10\/keith-richards-anuncia-nuevo-album-en-solitario-despues-de-23-anos\/"},"modified":"2020-05-07T08:46:26","modified_gmt":"2020-05-07T12:46:26","slug":"keith-richards-anuncia-nuevo-album-en-solitario-despues-de-23-anos","status":"publish","type":"post","link":"https:\/\/www.oidossucios.com\/site\/keith-richards-anuncia-nuevo-album-en-solitario-despues-de-23-anos\/","title":{"rendered":"Keith Richards anuncia nuevo \u00e1lbum en solitario despu\u00e9s de 23 a\u00f1os"},"content":{"rendered":"<p>El cantante, compositor e integrante de la banda The Rolling Stones de 71 a&ntilde;os, Keith Richards, anunci&oacute; que pronto sacar&aacute; una nueva producci&oacute;n discogr&aacute;fica como solista y no es la primera vez que vemos esta faceta del m&uacute;sico.<\/p>\n<p>Este nuevo &aacute;lbum, que llevar&aacute; por nombre &ldquo;Crosseyed Heart&rdquo;, ser&iacute;a su tercer &aacute;lbum como solista, siguiendo a &ldquo;Main Offender&rdquo; que fue lanzado hace 23 a&ntilde;os, en 1992. Su primer disco en solitario se estren&oacute; hace 27 a&ntilde;os y se llam&oacute; &ldquo;Talk is cheap&rdquo; <\/p>\n<p>&ldquo;Crosseyed Heart&rdquo; contar&aacute; con 15 tracks y ser&aacute; estrenado el 18 de septiembre en Estados Unidos. Seg&uacute;n una nota de prensa, este &aacute;lbum fue inspirado por el &ldquo;reggae, rock, country, y el blues&rdquo;. <\/p>\n<p>El primer corte promocional se llama &ldquo;Trouble&rdquo; y el 17 de este mes podr&aacute; escucharse.<\/p>\n<p>&nbsp;<\/p>\n<p><iframe loading=\"lazy\" src=\"https:\/\/www.youtube.com\/embed\/dPbWXYXwE24\" width=\"600\" height=\"400\" frameborder=\"0\" allowfullscreen=\"allowfullscreen\"><\/iframe><\/p>\n","protected":false},"excerpt":{"rendered":"<p>El guitarrista de The Rolling Stones liberar\u00e1 su tercer \u00e1lbum como solista, 23 a\u00f1os despu\u00e9s.<\/p>\n","protected":false},"author":4,"featured_media":100009378,"comment_status":"open","ping_status":"open","sticky":false,"template":"","format":"standard","meta":{"_jetpack_memberships_contains_paid_content":false,"footnotes":""},"categories":[250],"tags":[],"class_list":["post-9378","post","type-post","status-publish","format-standard","has-post-thumbnail","hentry","category-noticias"],"jetpack_featured_media_url":"https:\/\/www.oidossucios.com\/site\/wp-content\/uploads\/2015\/07\/9378.jpg","yoast_head":"<!-- This site is optimized with the Yoast SEO plugin v14.0.4 - https:\/\/yoast.com\/wordpress\/plugins\/seo\/ -->\n<title>Keith Richards anuncia nuevo \u00e1lbum en solitario despu\u00e9s de 23 a\u00f1os - OidosSucios.Com<\/title>\n<meta name=\"description\" content=\"El guitarrista de The Rolling Stones liberar\u00e1 su tercer \u00e1lbum como solista, 23 a\u00f1os despu\u00e9s.\" \/>\n<meta name=\"robots\" content=\"index, follow\" \/>\n<meta name=\"googlebot\" content=\"index, follow, max-snippet:-1, max-image-preview:large, max-video-preview:-1\" \/>\n<meta name=\"bingbot\" content=\"index, follow, max-snippet:-1, max-image-preview:large, max-video-preview:-1\" \/>\n<link rel=\"canonical\" href=\"https:\/\/www.oidossucios.com\/site\/keith-richards-anuncia-nuevo-album-en-solitario-despues-de-23-anos\/\" \/>\n<meta property=\"og:locale\" content=\"es_ES\" \/>\n<meta property=\"og:type\" content=\"article\" \/>\n<meta property=\"og:title\" content=\"Keith Richards anuncia nuevo \u00e1lbum en solitario despu\u00e9s de 23 a\u00f1os - OidosSucios.Com\" \/>\n<meta property=\"og:description\" content=\"El guitarrista de The Rolling Stones liberar\u00e1 su tercer \u00e1lbum como solista, 23 a\u00f1os despu\u00e9s.\" \/>\n<meta property=\"og:url\" content=\"https:\/\/www.oidossucios.com\/site\/keith-richards-anuncia-nuevo-album-en-solitario-despues-de-23-anos\/\" \/>\n<meta property=\"og:site_name\" content=\"OidosSucios.Com\" \/>\n<meta property=\"article:published_time\" content=\"2015-07-10T12:38:00+00:00\" \/>\n<meta property=\"article:modified_time\" content=\"2020-05-07T12:46:26+00:00\" \/>\n<meta property=\"og:image\" content=\"https:\/\/www.oidossucios.com\/site\/wp-content\/uploads\/2015\/07\/9378.jpg\" \/>\n\t<meta property=\"og:image:width\" content=\"350\" \/>\n\t<meta property=\"og:image:height\" content=\"300\" \/>\n<meta name=\"twitter:card\" content=\"summary_large_image\" \/>\n<meta name=\"twitter:creator\" content=\"@oidossucios\" \/>\n<script type=\"application\/ld+json\" class=\"yoast-schema-graph\">{\"@context\":\"https:\/\/schema.org\",\"@graph\":[{\"@type\":\"WebSite\",\"@id\":\"https:\/\/www.oidossucios.com\/site\/#website\",\"url\":\"https:\/\/www.oidossucios.com\/site\/\",\"name\":\"OidosSucios.Com\",\"description\":\"M\\u00fasica, conciertos, discos\",\"potentialAction\":[{\"@type\":\"SearchAction\",\"target\":\"https:\/\/www.oidossucios.com\/site\/?s={search_term_string}\",\"query-input\":\"required name=search_term_string\"}],\"inLanguage\":\"es\"},{\"@type\":\"ImageObject\",\"@id\":\"https:\/\/www.oidossucios.com\/site\/keith-richards-anuncia-nuevo-album-en-solitario-despues-de-23-anos\/#primaryimage\",\"inLanguage\":\"es\",\"url\":\"https:\/\/www.oidossucios.com\/site\/wp-content\/uploads\/2015\/07\/9378.jpg\",\"width\":350,\"height\":300},{\"@type\":\"WebPage\",\"@id\":\"https:\/\/www.oidossucios.com\/site\/keith-richards-anuncia-nuevo-album-en-solitario-despues-de-23-anos\/#webpage\",\"url\":\"https:\/\/www.oidossucios.com\/site\/keith-richards-anuncia-nuevo-album-en-solitario-despues-de-23-anos\/\",\"name\":\"Keith Richards anuncia nuevo \\u00e1lbum en solitario despu\\u00e9s de 23 a\\u00f1os - OidosSucios.Com\",\"isPartOf\":{\"@id\":\"https:\/\/www.oidossucios.com\/site\/#website\"},\"primaryImageOfPage\":{\"@id\":\"https:\/\/www.oidossucios.com\/site\/keith-richards-anuncia-nuevo-album-en-solitario-despues-de-23-anos\/#primaryimage\"},\"datePublished\":\"2015-07-10T12:38:00+00:00\",\"dateModified\":\"2020-05-07T12:46:26+00:00\",\"author\":{\"@id\":\"https:\/\/www.oidossucios.com\/site\/#\/schema\/person\/24559eeb76bf83a63296fb072393a688\"},\"description\":\"El guitarrista de The Rolling Stones liberar\\u00e1 su tercer \\u00e1lbum como solista, 23 a\\u00f1os despu\\u00e9s.\",\"inLanguage\":\"es\",\"potentialAction\":[{\"@type\":\"ReadAction\",\"target\":[\"https:\/\/www.oidossucios.com\/site\/keith-richards-anuncia-nuevo-album-en-solitario-despues-de-23-anos\/\"]}]},{\"@type\":[\"Person\"],\"@id\":\"https:\/\/www.oidossucios.com\/site\/#\/schema\/person\/24559eeb76bf83a63296fb072393a688\",\"name\":\"Oidossucios\",\"image\":{\"@type\":\"ImageObject\",\"@id\":\"https:\/\/www.oidossucios.com\/site\/#personlogo\",\"inLanguage\":\"es\",\"url\":\"https:\/\/secure.gravatar.com\/avatar\/74fcb480f42f1a33e50a0b6e6369a3f907be2e43dc84fa5f76c66e9c22b4a5ab?s=96&d=mm&r=g\",\"caption\":\"Oidossucios\"},\"sameAs\":[\"https:\/\/twitter.com\/oidossucios\"]}]}<\/script>\n<!-- \/ Yoast SEO plugin. -->","jetpack_sharing_enabled":true,"_links":{"self":[{"href":"https:\/\/www.oidossucios.com\/site\/wp-json\/wp\/v2\/posts\/9378","targetHints":{"allow":["GET"]}}],"collection":[{"href":"https:\/\/www.oidossucios.com\/site\/wp-json\/wp\/v2\/posts"}],"about":[{"href":"https:\/\/www.oidossucios.com\/site\/wp-json\/wp\/v2\/types\/post"}],"author":[{"embeddable":true,"href":"https:\/\/www.oidossucios.com\/site\/wp-json\/wp\/v2\/users\/4"}],"replies":[{"embeddable":true,"href":"https:\/\/www.oidossucios.com\/site\/wp-json\/wp\/v2\/comments?post=9378"}],"version-history":[{"count":1,"href":"https:\/\/www.oidossucios.com\/site\/wp-json\/wp\/v2\/posts\/9378\/revisions"}],"predecessor-version":[{"id":111116333,"href":"https:\/\/www.oidossucios.com\/site\/wp-json\/wp\/v2\/posts\/9378\/revisions\/111116333"}],"wp:featuredmedia":[{"embeddable":true,"href":"https:\/\/www.oidossucios.com\/site\/wp-json\/wp\/v2\/media\/100009378"}],"wp:attachment":[{"href":"https:\/\/www.oidossucios.com\/site\/wp-json\/wp\/v2\/media?parent=9378"}],"wp:term":[{"taxonomy":"category","embeddable":true,"href":"https:\/\/www.oidossucios.com\/site\/wp-json\/wp\/v2\/categories?post=9378"},{"taxonomy":"post_tag","embeddable":true,"href":"https:\/\/www.oidossucios.com\/site\/wp-json\/wp\/v2\/tags?post=9378"}],"curies":[{"name":"wp","href":"https:\/\/api.w.org\/{rel}","templated":true}]}}