{"id":9380,"date":"2015-07-11T14:17:00","date_gmt":"2015-07-11T14:17:00","guid":{"rendered":"https:\/\/www.oidossucios.com\/site\/2015\/07\/11\/circo-vulkano-estrenara-video-durante-su-show-en-el-festival-nuevas-bandas\/"},"modified":"2020-05-07T08:46:25","modified_gmt":"2020-05-07T12:46:25","slug":"circo-vulkano-estrenara-video-durante-su-show-en-el-festival-nuevas-bandas","status":"publish","type":"post","link":"https:\/\/www.oidossucios.com\/site\/circo-vulkano-estrenara-video-durante-su-show-en-el-festival-nuevas-bandas\/","title":{"rendered":"Circo Vulkano estrenar\u00e1 video durante su show en el Festival Nuevas Bandas"},"content":{"rendered":"<p style=\"text-align: justify;\">La agrupaci&oacute;n colombo-venezolana de Gipsy Balkan Cumbia Punk, Circo Vulkano aprovechar&aacute; su presentaci&oacute;n en el Festival Nuevas Bandas 2015, pautada para el pr&oacute;ximo 14 de Julio, para estrenar su m&aacute;s reciente material audiovisual.<\/p>\n<p>Chonto (mel&oacute;dica), Mag&uacute; (guitarra), Kev (bajo), Luisle (bater&iacute;a), Rumberto (percusi&oacute;n), Brayler (tromb&oacute;n), LuisDa (trompeta) y Tomasito Garc&iacute;a (saxof&oacute;n) presentar&aacute;n el videoclip del tema &ldquo;El &Uacute;nico Culpable&rdquo;, corte promocional extra&iacute;do de su segundo disco El Reto (2013), producido en alianza con Enjoy Producciones bajo la direcci&oacute;n de Pedro Mercado. <\/p>\n<p>El clip fue rodado por algunos de los lugares m&aacute;s ic&oacute;nicos de la ciudad de Caracas, y estar&aacute; disponible el mismo 14 de Julio en las cuentas de YouTube y Facebook de Circo Vulkano<\/p>\n<p>Las entradas para el evento, que promete un show que no defraudar&aacute; a sus fan&aacute;ticos, pueden adquirirlas a trav&eacute;s de www.ticketmundo.com y en las taquillas del teatro Chacao. Junto a ellos, se presentar&aacute;n otras tres agrupaciones participantes del Festival Nuevas Bandas 2015.<\/p>\n<p>Adicional a esta presentaci&oacute;n, Circo Vulkano est&aacute; afinando los detalles para la celebraci&oacute;n de su octavo aniversario.<\/p>\n<p>Pueden estar pendientes de todos los detalles a trav&eacute;s de sus redes sociales:<\/p>\n<p>P&aacute;gina web: <a href=\"http:\/\/www.circovulkano.com\">http:\/\/www.circovulkano.com<\/a><br \/>Twitter: <a href=\"https:\/\/www.twitter.com\/circovulkano%20\">https:\/\/www.twitter.com\/circovulkano <\/a><br \/>Facebook: <a href=\"https:\/\/www.facebook.com\/circovulkano\">https:\/\/www.facebook.com\/circovulkano<\/a><br \/>YouTube: <a href=\"https:\/\/www.youtube.com\/channel\/UC-IDhc1wGzc5HKAj_lhsLRA%20\">https:\/\/www.youtube.com\/channel\/UC-IDhc1wGzc5HKAj_lhsLRA <\/a><br \/>Instagram: <a href=\"https:\/\/instagram.com\/circovulkano\">https:\/\/instagram.com\/circovulkano<\/a><br \/>Soundcloud: <a href=\"https:\/\/soundcloud.com\/circo-vulkano%20\">https:\/\/soundcloud.com\/circo-vulkano <\/a><\/p>\n<p>Fuente: Nota de Prensa<\/p>\n","protected":false},"excerpt":{"rendered":"<p>El clip fue rodado por algunos de los lugares m\u00e1s ic\u00f3nicos de la ciudad de Caracas, y estar\u00e1 disponible el mismo 14 de julio<\/p>\n","protected":false},"author":4,"featured_media":100009380,"comment_status":"open","ping_status":"open","sticky":false,"template":"","format":"standard","meta":{"_jetpack_memberships_contains_paid_content":false,"footnotes":""},"categories":[142],"tags":[],"class_list":["post-9380","post","type-post","status-publish","format-standard","has-post-thumbnail","hentry","category-buzznews"],"jetpack_featured_media_url":"https:\/\/www.oidossucios.com\/site\/wp-content\/uploads\/2015\/07\/9380.jpg","yoast_head":"<!-- This site is optimized with the Yoast SEO plugin v14.0.4 - https:\/\/yoast.com\/wordpress\/plugins\/seo\/ -->\n<title>Circo Vulkano estrenar\u00e1 video durante su show en el Festival Nuevas Bandas - OidosSucios.Com<\/title>\n<meta name=\"description\" content=\"El clip fue rodado por algunos de los lugares m\u00e1s ic\u00f3nicos de la ciudad de Caracas, y estar\u00e1 disponible el mismo 14 de julio\" \/>\n<meta name=\"robots\" content=\"index, follow\" \/>\n<meta name=\"googlebot\" content=\"index, follow, max-snippet:-1, max-image-preview:large, max-video-preview:-1\" \/>\n<meta name=\"bingbot\" content=\"index, follow, max-snippet:-1, max-image-preview:large, max-video-preview:-1\" \/>\n<link rel=\"canonical\" href=\"https:\/\/www.oidossucios.com\/site\/circo-vulkano-estrenara-video-durante-su-show-en-el-festival-nuevas-bandas\/\" \/>\n<meta property=\"og:locale\" content=\"es_ES\" \/>\n<meta property=\"og:type\" content=\"article\" \/>\n<meta property=\"og:title\" content=\"Circo Vulkano estrenar\u00e1 video durante su show en el Festival Nuevas Bandas - OidosSucios.Com\" \/>\n<meta property=\"og:description\" content=\"El clip fue rodado por algunos de los lugares m\u00e1s ic\u00f3nicos de la ciudad de Caracas, y estar\u00e1 disponible el mismo 14 de julio\" \/>\n<meta property=\"og:url\" content=\"https:\/\/www.oidossucios.com\/site\/circo-vulkano-estrenara-video-durante-su-show-en-el-festival-nuevas-bandas\/\" \/>\n<meta property=\"og:site_name\" content=\"OidosSucios.Com\" \/>\n<meta property=\"article:published_time\" content=\"2015-07-11T14:17:00+00:00\" \/>\n<meta property=\"article:modified_time\" content=\"2020-05-07T12:46:25+00:00\" \/>\n<meta property=\"og:image\" content=\"https:\/\/www.oidossucios.com\/site\/wp-content\/uploads\/2015\/07\/9380.jpg\" \/>\n\t<meta property=\"og:image:width\" content=\"350\" \/>\n\t<meta property=\"og:image:height\" content=\"300\" \/>\n<meta name=\"twitter:card\" content=\"summary_large_image\" \/>\n<meta name=\"twitter:creator\" content=\"@oidossucios\" \/>\n<script type=\"application\/ld+json\" class=\"yoast-schema-graph\">{\"@context\":\"https:\/\/schema.org\",\"@graph\":[{\"@type\":\"WebSite\",\"@id\":\"https:\/\/www.oidossucios.com\/site\/#website\",\"url\":\"https:\/\/www.oidossucios.com\/site\/\",\"name\":\"OidosSucios.Com\",\"description\":\"M\\u00fasica, conciertos, discos\",\"potentialAction\":[{\"@type\":\"SearchAction\",\"target\":\"https:\/\/www.oidossucios.com\/site\/?s={search_term_string}\",\"query-input\":\"required name=search_term_string\"}],\"inLanguage\":\"es\"},{\"@type\":\"ImageObject\",\"@id\":\"https:\/\/www.oidossucios.com\/site\/circo-vulkano-estrenara-video-durante-su-show-en-el-festival-nuevas-bandas\/#primaryimage\",\"inLanguage\":\"es\",\"url\":\"https:\/\/www.oidossucios.com\/site\/wp-content\/uploads\/2015\/07\/9380.jpg\",\"width\":350,\"height\":300},{\"@type\":\"WebPage\",\"@id\":\"https:\/\/www.oidossucios.com\/site\/circo-vulkano-estrenara-video-durante-su-show-en-el-festival-nuevas-bandas\/#webpage\",\"url\":\"https:\/\/www.oidossucios.com\/site\/circo-vulkano-estrenara-video-durante-su-show-en-el-festival-nuevas-bandas\/\",\"name\":\"Circo Vulkano estrenar\\u00e1 video durante su show en el Festival Nuevas Bandas - OidosSucios.Com\",\"isPartOf\":{\"@id\":\"https:\/\/www.oidossucios.com\/site\/#website\"},\"primaryImageOfPage\":{\"@id\":\"https:\/\/www.oidossucios.com\/site\/circo-vulkano-estrenara-video-durante-su-show-en-el-festival-nuevas-bandas\/#primaryimage\"},\"datePublished\":\"2015-07-11T14:17:00+00:00\",\"dateModified\":\"2020-05-07T12:46:25+00:00\",\"author\":{\"@id\":\"https:\/\/www.oidossucios.com\/site\/#\/schema\/person\/24559eeb76bf83a63296fb072393a688\"},\"description\":\"El clip fue rodado por algunos de los lugares m\\u00e1s ic\\u00f3nicos de la ciudad de Caracas, y estar\\u00e1 disponible el mismo 14 de julio\",\"inLanguage\":\"es\",\"potentialAction\":[{\"@type\":\"ReadAction\",\"target\":[\"https:\/\/www.oidossucios.com\/site\/circo-vulkano-estrenara-video-durante-su-show-en-el-festival-nuevas-bandas\/\"]}]},{\"@type\":[\"Person\"],\"@id\":\"https:\/\/www.oidossucios.com\/site\/#\/schema\/person\/24559eeb76bf83a63296fb072393a688\",\"name\":\"Oidossucios\",\"image\":{\"@type\":\"ImageObject\",\"@id\":\"https:\/\/www.oidossucios.com\/site\/#personlogo\",\"inLanguage\":\"es\",\"url\":\"https:\/\/secure.gravatar.com\/avatar\/74fcb480f42f1a33e50a0b6e6369a3f907be2e43dc84fa5f76c66e9c22b4a5ab?s=96&d=mm&r=g\",\"caption\":\"Oidossucios\"},\"sameAs\":[\"https:\/\/twitter.com\/oidossucios\"]}]}<\/script>\n<!-- \/ Yoast SEO plugin. -->","jetpack_sharing_enabled":true,"_links":{"self":[{"href":"https:\/\/www.oidossucios.com\/site\/wp-json\/wp\/v2\/posts\/9380","targetHints":{"allow":["GET"]}}],"collection":[{"href":"https:\/\/www.oidossucios.com\/site\/wp-json\/wp\/v2\/posts"}],"about":[{"href":"https:\/\/www.oidossucios.com\/site\/wp-json\/wp\/v2\/types\/post"}],"author":[{"embeddable":true,"href":"https:\/\/www.oidossucios.com\/site\/wp-json\/wp\/v2\/users\/4"}],"replies":[{"embeddable":true,"href":"https:\/\/www.oidossucios.com\/site\/wp-json\/wp\/v2\/comments?post=9380"}],"version-history":[{"count":1,"href":"https:\/\/www.oidossucios.com\/site\/wp-json\/wp\/v2\/posts\/9380\/revisions"}],"predecessor-version":[{"id":111116330,"href":"https:\/\/www.oidossucios.com\/site\/wp-json\/wp\/v2\/posts\/9380\/revisions\/111116330"}],"wp:featuredmedia":[{"embeddable":true,"href":"https:\/\/www.oidossucios.com\/site\/wp-json\/wp\/v2\/media\/100009380"}],"wp:attachment":[{"href":"https:\/\/www.oidossucios.com\/site\/wp-json\/wp\/v2\/media?parent=9380"}],"wp:term":[{"taxonomy":"category","embeddable":true,"href":"https:\/\/www.oidossucios.com\/site\/wp-json\/wp\/v2\/categories?post=9380"},{"taxonomy":"post_tag","embeddable":true,"href":"https:\/\/www.oidossucios.com\/site\/wp-json\/wp\/v2\/tags?post=9380"}],"curies":[{"name":"wp","href":"https:\/\/api.w.org\/{rel}","templated":true}]}}