{"id":9419,"date":"2015-08-13T04:36:00","date_gmt":"2015-08-13T04:36:00","guid":{"rendered":"https:\/\/www.oidossucios.com\/site\/2015\/08\/13\/lanzaran-album-de-musica-inedita-de-kurt-cobain-en-noviembre\/"},"modified":"2020-05-07T08:46:21","modified_gmt":"2020-05-07T12:46:21","slug":"lanzaran-album-de-musica-inedita-de-kurt-cobain-en-noviembre","status":"publish","type":"post","link":"https:\/\/www.oidossucios.com\/site\/lanzaran-album-de-musica-inedita-de-kurt-cobain-en-noviembre\/","title":{"rendered":"Lanzar\u00e1n \u00e1lbum de m\u00fasica in\u00e9dita de Kurt Cobain en noviembre"},"content":{"rendered":"<p style=\"text-align: justify;\">Durante la investigaci&oacute;n para preparar Montage of Heck, el cineasta Brett Morgen descubri&oacute; m&aacute;s de 100 viejos cassettes grabados por Cobain, quien creci&oacute; en la ciudad de Aberdeen, Washington, y se suicid&oacute; en 1994, a los 27 a&ntilde;os.<\/p>\n<p>Morgen dijo al sitio en internet AwardsLine que el &aacute;lbum ser&aacute; editado como banda de sonido de la pel&iacute;cula el 6 de noviembre, la misma fecha en la que el documental saldr&aacute; a la venta como DVD.<\/p>\n<p>Esta m&uacute;sica in&eacute;dita incluye un tema ac&uacute;stico de 12 minutos cantada por el solista de Nirvana, conocido tanto por su particular modo de tocar la guitarra el&eacute;ctrica como por su trabajo &rsquo;unplugged&rsquo;.<\/p>\n<p>Morgen dijo recientemente a Billboard que la banda de sonido tambi&eacute;n incluir&aacute; un peque&ntilde;o sketch de comedia en el que Cobain representa a varios personajes.<\/p>\n<p>Ya a inicios de a&ntilde;o dijo a la AFP que los cassettes muestran las distintas facetas de Cobain: &ldquo;El romanticismo, la honestidad, todas esas distintas emociones&rdquo; .<\/p>\n<p>&ldquo;Cuando lo escuch&eacute; por primera vez (&#8230;) enseguida sent&iacute; que hab&iacute;a una especie de portal hacia su mente, como si fuera una de las expresiones m&aacute;s puras de Kurt que hab&iacute;a encontrado, tal vez m&aacute;s que en muchas de sus canciones&rdquo; , sostuvo.<\/p>\n<p>Morgen film&oacute; Montage of Heck con la cooperaci&oacute;n de la viuda de Cobain, Courtney Love, y su hija Frances Bean Cobain, que tiene una relaci&oacute;n complicada con su madre.<\/p>\n<p>Estrenada en cines y en HBO, Montage of Heck fue nominada a varios premios Emmy, incluido el de mejor documental o especial de no ficci&oacute;n.<\/p>\n<p>Fuente: Color ABC<\/p>\n","protected":false},"excerpt":{"rendered":"<p>Un \u00e1lbum de m\u00fasica in\u00e9dita del \u00edcono del grunge Kurt Cobain saldr\u00e1 a la luz en noviembre<\/p>\n","protected":false},"author":4,"featured_media":100009419,"comment_status":"open","ping_status":"open","sticky":false,"template":"","format":"standard","meta":{"_jetpack_memberships_contains_paid_content":false,"footnotes":""},"categories":[142],"tags":[],"class_list":["post-9419","post","type-post","status-publish","format-standard","has-post-thumbnail","hentry","category-buzznews"],"jetpack_featured_media_url":"https:\/\/www.oidossucios.com\/site\/wp-content\/uploads\/2015\/08\/9419.jpg","yoast_head":"<!-- This site is optimized with the Yoast SEO plugin v14.0.4 - https:\/\/yoast.com\/wordpress\/plugins\/seo\/ -->\n<title>Lanzar\u00e1n \u00e1lbum de m\u00fasica in\u00e9dita de Kurt Cobain en noviembre - OidosSucios.Com<\/title>\n<meta name=\"description\" content=\"Un \u00e1lbum de m\u00fasica in\u00e9dita del \u00edcono del grunge Kurt Cobain saldr\u00e1 a la luz en noviembre\" \/>\n<meta name=\"robots\" content=\"index, follow\" \/>\n<meta name=\"googlebot\" content=\"index, follow, max-snippet:-1, max-image-preview:large, max-video-preview:-1\" \/>\n<meta name=\"bingbot\" content=\"index, follow, max-snippet:-1, max-image-preview:large, max-video-preview:-1\" \/>\n<link rel=\"canonical\" href=\"https:\/\/www.oidossucios.com\/site\/lanzaran-album-de-musica-inedita-de-kurt-cobain-en-noviembre\/\" \/>\n<meta property=\"og:locale\" content=\"es_ES\" \/>\n<meta property=\"og:type\" content=\"article\" \/>\n<meta property=\"og:title\" content=\"Lanzar\u00e1n \u00e1lbum de m\u00fasica in\u00e9dita de Kurt Cobain en noviembre - OidosSucios.Com\" \/>\n<meta property=\"og:description\" content=\"Un \u00e1lbum de m\u00fasica in\u00e9dita del \u00edcono del grunge Kurt Cobain saldr\u00e1 a la luz en noviembre\" \/>\n<meta property=\"og:url\" content=\"https:\/\/www.oidossucios.com\/site\/lanzaran-album-de-musica-inedita-de-kurt-cobain-en-noviembre\/\" \/>\n<meta property=\"og:site_name\" content=\"OidosSucios.Com\" \/>\n<meta property=\"article:published_time\" content=\"2015-08-13T04:36:00+00:00\" \/>\n<meta property=\"article:modified_time\" content=\"2020-05-07T12:46:21+00:00\" \/>\n<meta property=\"og:image\" content=\"https:\/\/www.oidossucios.com\/site\/wp-content\/uploads\/2015\/08\/9419.jpg\" \/>\n\t<meta property=\"og:image:width\" content=\"350\" \/>\n\t<meta property=\"og:image:height\" content=\"300\" \/>\n<meta name=\"twitter:card\" content=\"summary_large_image\" \/>\n<meta name=\"twitter:creator\" content=\"@oidossucios\" \/>\n<script type=\"application\/ld+json\" class=\"yoast-schema-graph\">{\"@context\":\"https:\/\/schema.org\",\"@graph\":[{\"@type\":\"WebSite\",\"@id\":\"https:\/\/www.oidossucios.com\/site\/#website\",\"url\":\"https:\/\/www.oidossucios.com\/site\/\",\"name\":\"OidosSucios.Com\",\"description\":\"M\\u00fasica, conciertos, discos\",\"potentialAction\":[{\"@type\":\"SearchAction\",\"target\":\"https:\/\/www.oidossucios.com\/site\/?s={search_term_string}\",\"query-input\":\"required name=search_term_string\"}],\"inLanguage\":\"es\"},{\"@type\":\"ImageObject\",\"@id\":\"https:\/\/www.oidossucios.com\/site\/lanzaran-album-de-musica-inedita-de-kurt-cobain-en-noviembre\/#primaryimage\",\"inLanguage\":\"es\",\"url\":\"https:\/\/www.oidossucios.com\/site\/wp-content\/uploads\/2015\/08\/9419.jpg\",\"width\":350,\"height\":300},{\"@type\":\"WebPage\",\"@id\":\"https:\/\/www.oidossucios.com\/site\/lanzaran-album-de-musica-inedita-de-kurt-cobain-en-noviembre\/#webpage\",\"url\":\"https:\/\/www.oidossucios.com\/site\/lanzaran-album-de-musica-inedita-de-kurt-cobain-en-noviembre\/\",\"name\":\"Lanzar\\u00e1n \\u00e1lbum de m\\u00fasica in\\u00e9dita de Kurt Cobain en noviembre - OidosSucios.Com\",\"isPartOf\":{\"@id\":\"https:\/\/www.oidossucios.com\/site\/#website\"},\"primaryImageOfPage\":{\"@id\":\"https:\/\/www.oidossucios.com\/site\/lanzaran-album-de-musica-inedita-de-kurt-cobain-en-noviembre\/#primaryimage\"},\"datePublished\":\"2015-08-13T04:36:00+00:00\",\"dateModified\":\"2020-05-07T12:46:21+00:00\",\"author\":{\"@id\":\"https:\/\/www.oidossucios.com\/site\/#\/schema\/person\/24559eeb76bf83a63296fb072393a688\"},\"description\":\"Un \\u00e1lbum de m\\u00fasica in\\u00e9dita del \\u00edcono del grunge Kurt Cobain saldr\\u00e1 a la luz en noviembre\",\"inLanguage\":\"es\",\"potentialAction\":[{\"@type\":\"ReadAction\",\"target\":[\"https:\/\/www.oidossucios.com\/site\/lanzaran-album-de-musica-inedita-de-kurt-cobain-en-noviembre\/\"]}]},{\"@type\":[\"Person\"],\"@id\":\"https:\/\/www.oidossucios.com\/site\/#\/schema\/person\/24559eeb76bf83a63296fb072393a688\",\"name\":\"Oidossucios\",\"image\":{\"@type\":\"ImageObject\",\"@id\":\"https:\/\/www.oidossucios.com\/site\/#personlogo\",\"inLanguage\":\"es\",\"url\":\"https:\/\/secure.gravatar.com\/avatar\/74fcb480f42f1a33e50a0b6e6369a3f907be2e43dc84fa5f76c66e9c22b4a5ab?s=96&d=mm&r=g\",\"caption\":\"Oidossucios\"},\"sameAs\":[\"https:\/\/twitter.com\/oidossucios\"]}]}<\/script>\n<!-- \/ Yoast SEO plugin. -->","jetpack_sharing_enabled":true,"_links":{"self":[{"href":"https:\/\/www.oidossucios.com\/site\/wp-json\/wp\/v2\/posts\/9419","targetHints":{"allow":["GET"]}}],"collection":[{"href":"https:\/\/www.oidossucios.com\/site\/wp-json\/wp\/v2\/posts"}],"about":[{"href":"https:\/\/www.oidossucios.com\/site\/wp-json\/wp\/v2\/types\/post"}],"author":[{"embeddable":true,"href":"https:\/\/www.oidossucios.com\/site\/wp-json\/wp\/v2\/users\/4"}],"replies":[{"embeddable":true,"href":"https:\/\/www.oidossucios.com\/site\/wp-json\/wp\/v2\/comments?post=9419"}],"version-history":[{"count":1,"href":"https:\/\/www.oidossucios.com\/site\/wp-json\/wp\/v2\/posts\/9419\/revisions"}],"predecessor-version":[{"id":111116292,"href":"https:\/\/www.oidossucios.com\/site\/wp-json\/wp\/v2\/posts\/9419\/revisions\/111116292"}],"wp:featuredmedia":[{"embeddable":true,"href":"https:\/\/www.oidossucios.com\/site\/wp-json\/wp\/v2\/media\/100009419"}],"wp:attachment":[{"href":"https:\/\/www.oidossucios.com\/site\/wp-json\/wp\/v2\/media?parent=9419"}],"wp:term":[{"taxonomy":"category","embeddable":true,"href":"https:\/\/www.oidossucios.com\/site\/wp-json\/wp\/v2\/categories?post=9419"},{"taxonomy":"post_tag","embeddable":true,"href":"https:\/\/www.oidossucios.com\/site\/wp-json\/wp\/v2\/tags?post=9419"}],"curies":[{"name":"wp","href":"https:\/\/api.w.org\/{rel}","templated":true}]}}