{"id":9482,"date":"2015-11-08T15:41:00","date_gmt":"2015-11-08T15:41:00","guid":{"rendered":"https:\/\/www.oidossucios.com\/site\/2015\/11\/08\/retrovisor-estrena-videoclip-de-la-vida-que-vivimos\/"},"modified":"2020-05-07T08:46:15","modified_gmt":"2020-05-07T12:46:15","slug":"retrovisor-estrena-videoclip-de-la-vida-que-vivimos","status":"publish","type":"post","link":"https:\/\/www.oidossucios.com\/site\/retrovisor-estrena-videoclip-de-la-vida-que-vivimos\/","title":{"rendered":"Retrovisor estrena videoclip de &#8220;La Vida Que Vivimos&#8221;"},"content":{"rendered":"<p style=\"text-align: justify;\">Tras presentar a sala llena en el Centro Cultural BOD el videoclip de su tema &ldquo;La Vida Que Vivimos&rdquo;, Retrovisor contin&uacute;a la promoci&oacute;n de su nuevo sencillo estrenando la pieza a trav&eacute;s de YouTube. <\/p>\n<p>El video, que recopila im&aacute;genes de las primeras fechas del RetroTour 2015, que llev&oacute; a Retrovisor a visitar varias ciudades del territorio nacional, sirve de despedida para su antiguo baterista, Santiago de la Fuente, para dar entrada a Joshua Soto, quien se une a Juan Manuel Fern&aacute;ndez (voz y guitarra), Jonathan Casas (guitarra) y Antonio Romero (bajo) en la alineaci&oacute;n de Retrovisor. <\/p>\n<p>Con el estreno de este video, la banda sigue editando material de su disco debut, Qu&eacute; Buena Vaina, y anuncia presentaci&oacute;n para el pr&oacute;ximo 20 de noviembre en la ciudad de Caracas, a beneficio del MetroMun. Las entradas se vender&aacute;n en el Centro de Estudiantes&nbsp; de la Universidad Metropolitana.<\/p>\n<p>Pr&oacute;ximamente, Retrovisor estar&aacute; anunciando m&aacute;s fechas para el fin de 2015 y lanzando una serie de videos en vivo grabados en el Centro Cultural BOD.<\/p>\n<p>Retrovisor aprovecha las buenas noticias para colocar nuevamente en descarga gratuita su disco debut, Qu&eacute; Buena Vaina, a trav&eacute;s de su perfil en Bandcamp: https:\/\/somosretrovisor.bandcamp.com\/ <\/p>\n<p>Pueden seguir a Retrovisor en sus redes sociales:<\/p>\n<p>Twitter: @somosretrovisor<br \/>Facebook: <a href=\"https:\/\/www.facebook.com\/somosretrovisor%20\">https:\/\/www.facebook.com\/somosretrovisor <\/a><br \/>Soundcloud: <a href=\"https:\/\/soundcloud.com\/somosretrovisor%20\">https:\/\/soundcloud.com\/somosretrovisor <\/a><br \/>YouTube: <a href=\"https:\/\/www.youtube.com\/channel\/UCMG5iKZcF4C31gHo84FoFQA%20\">https:\/\/www.youtube.com\/channel\/UCMG5iKZcF4C31gHo84FoFQA <\/a><br \/>Bandcamp:<a href=\"\/adm\/%20http:\/somosretrovisor.bandcamp.com\/\"> http:\/\/somosretrovisor.bandcamp.com\/ <\/a><br \/>Instagram: <a href=\"http:\/\/instagram.com\/somosretrovisor&#8203;&#8203;\">http:\/\/instagram.com\/somosretrovisor&#8203;&#8203;<\/a><\/p>\n<p>Fuente: Nota de Prensa<\/p>\n<p><iframe loading=\"lazy\" src=\"https:\/\/www.youtube.com\/embed\/O5-ha-eUQrM\" width=\"600\" height=\"400\" frameborder=\"0\" allowfullscreen=\"allowfullscreen\"><\/iframe><\/p>\n","protected":false},"excerpt":{"rendered":"<p>Pr\u00f3ximamente, Retrovisor estar\u00e1 anunciando m\u00e1s fechas para el fin de 2015 y lanzando una serie de videos en vivo grabados en el Centro Cultural BOD.<\/p>\n","protected":false},"author":4,"featured_media":100009482,"comment_status":"open","ping_status":"open","sticky":false,"template":"","format":"standard","meta":{"_jetpack_memberships_contains_paid_content":false,"footnotes":""},"categories":[142],"tags":[],"class_list":["post-9482","post","type-post","status-publish","format-standard","has-post-thumbnail","hentry","category-buzznews"],"jetpack_featured_media_url":"https:\/\/www.oidossucios.com\/site\/wp-content\/uploads\/2015\/11\/9482.png","yoast_head":"<!-- This site is optimized with the Yoast SEO plugin v14.0.4 - https:\/\/yoast.com\/wordpress\/plugins\/seo\/ -->\n<title>Retrovisor estrena videoclip de &quot;La Vida Que Vivimos&quot; - OidosSucios.Com<\/title>\n<meta name=\"description\" content=\"Pr\u00f3ximamente, Retrovisor estar\u00e1 anunciando m\u00e1s fechas para el fin de 2015 y lanzando una serie de videos en vivo grabados en el Centro Cultural BOD.\" \/>\n<meta name=\"robots\" content=\"index, follow\" \/>\n<meta name=\"googlebot\" content=\"index, follow, max-snippet:-1, max-image-preview:large, max-video-preview:-1\" \/>\n<meta name=\"bingbot\" content=\"index, follow, max-snippet:-1, max-image-preview:large, max-video-preview:-1\" \/>\n<link rel=\"canonical\" href=\"https:\/\/www.oidossucios.com\/site\/retrovisor-estrena-videoclip-de-la-vida-que-vivimos\/\" \/>\n<meta property=\"og:locale\" content=\"es_ES\" \/>\n<meta property=\"og:type\" content=\"article\" \/>\n<meta property=\"og:title\" content=\"Retrovisor estrena videoclip de &quot;La Vida Que Vivimos&quot; - OidosSucios.Com\" \/>\n<meta property=\"og:description\" content=\"Pr\u00f3ximamente, Retrovisor estar\u00e1 anunciando m\u00e1s fechas para el fin de 2015 y lanzando una serie de videos en vivo grabados en el Centro Cultural BOD.\" \/>\n<meta property=\"og:url\" content=\"https:\/\/www.oidossucios.com\/site\/retrovisor-estrena-videoclip-de-la-vida-que-vivimos\/\" \/>\n<meta property=\"og:site_name\" content=\"OidosSucios.Com\" \/>\n<meta property=\"article:published_time\" content=\"2015-11-08T15:41:00+00:00\" \/>\n<meta property=\"article:modified_time\" content=\"2020-05-07T12:46:15+00:00\" \/>\n<meta property=\"og:image\" content=\"https:\/\/www.oidossucios.com\/site\/wp-content\/uploads\/2015\/11\/9482.png\" \/>\n\t<meta property=\"og:image:width\" content=\"350\" \/>\n\t<meta property=\"og:image:height\" content=\"300\" \/>\n<meta name=\"twitter:card\" content=\"summary_large_image\" \/>\n<meta name=\"twitter:creator\" content=\"@oidossucios\" \/>\n<script type=\"application\/ld+json\" class=\"yoast-schema-graph\">{\"@context\":\"https:\/\/schema.org\",\"@graph\":[{\"@type\":\"WebSite\",\"@id\":\"https:\/\/www.oidossucios.com\/site\/#website\",\"url\":\"https:\/\/www.oidossucios.com\/site\/\",\"name\":\"OidosSucios.Com\",\"description\":\"M\\u00fasica, conciertos, discos\",\"potentialAction\":[{\"@type\":\"SearchAction\",\"target\":\"https:\/\/www.oidossucios.com\/site\/?s={search_term_string}\",\"query-input\":\"required name=search_term_string\"}],\"inLanguage\":\"es\"},{\"@type\":\"ImageObject\",\"@id\":\"https:\/\/www.oidossucios.com\/site\/retrovisor-estrena-videoclip-de-la-vida-que-vivimos\/#primaryimage\",\"inLanguage\":\"es\",\"url\":\"https:\/\/www.oidossucios.com\/site\/wp-content\/uploads\/2015\/11\/9482.png\",\"width\":350,\"height\":300},{\"@type\":\"WebPage\",\"@id\":\"https:\/\/www.oidossucios.com\/site\/retrovisor-estrena-videoclip-de-la-vida-que-vivimos\/#webpage\",\"url\":\"https:\/\/www.oidossucios.com\/site\/retrovisor-estrena-videoclip-de-la-vida-que-vivimos\/\",\"name\":\"Retrovisor estrena videoclip de \\\"La Vida Que Vivimos\\\" - OidosSucios.Com\",\"isPartOf\":{\"@id\":\"https:\/\/www.oidossucios.com\/site\/#website\"},\"primaryImageOfPage\":{\"@id\":\"https:\/\/www.oidossucios.com\/site\/retrovisor-estrena-videoclip-de-la-vida-que-vivimos\/#primaryimage\"},\"datePublished\":\"2015-11-08T15:41:00+00:00\",\"dateModified\":\"2020-05-07T12:46:15+00:00\",\"author\":{\"@id\":\"https:\/\/www.oidossucios.com\/site\/#\/schema\/person\/24559eeb76bf83a63296fb072393a688\"},\"description\":\"Pr\\u00f3ximamente, Retrovisor estar\\u00e1 anunciando m\\u00e1s fechas para el fin de 2015 y lanzando una serie de videos en vivo grabados en el Centro Cultural BOD.\",\"inLanguage\":\"es\",\"potentialAction\":[{\"@type\":\"ReadAction\",\"target\":[\"https:\/\/www.oidossucios.com\/site\/retrovisor-estrena-videoclip-de-la-vida-que-vivimos\/\"]}]},{\"@type\":[\"Person\"],\"@id\":\"https:\/\/www.oidossucios.com\/site\/#\/schema\/person\/24559eeb76bf83a63296fb072393a688\",\"name\":\"Oidossucios\",\"image\":{\"@type\":\"ImageObject\",\"@id\":\"https:\/\/www.oidossucios.com\/site\/#personlogo\",\"inLanguage\":\"es\",\"url\":\"https:\/\/secure.gravatar.com\/avatar\/74fcb480f42f1a33e50a0b6e6369a3f907be2e43dc84fa5f76c66e9c22b4a5ab?s=96&d=mm&r=g\",\"caption\":\"Oidossucios\"},\"sameAs\":[\"https:\/\/twitter.com\/oidossucios\"]}]}<\/script>\n<!-- \/ Yoast SEO plugin. -->","jetpack_sharing_enabled":true,"_links":{"self":[{"href":"https:\/\/www.oidossucios.com\/site\/wp-json\/wp\/v2\/posts\/9482","targetHints":{"allow":["GET"]}}],"collection":[{"href":"https:\/\/www.oidossucios.com\/site\/wp-json\/wp\/v2\/posts"}],"about":[{"href":"https:\/\/www.oidossucios.com\/site\/wp-json\/wp\/v2\/types\/post"}],"author":[{"embeddable":true,"href":"https:\/\/www.oidossucios.com\/site\/wp-json\/wp\/v2\/users\/4"}],"replies":[{"embeddable":true,"href":"https:\/\/www.oidossucios.com\/site\/wp-json\/wp\/v2\/comments?post=9482"}],"version-history":[{"count":1,"href":"https:\/\/www.oidossucios.com\/site\/wp-json\/wp\/v2\/posts\/9482\/revisions"}],"predecessor-version":[{"id":111116229,"href":"https:\/\/www.oidossucios.com\/site\/wp-json\/wp\/v2\/posts\/9482\/revisions\/111116229"}],"wp:featuredmedia":[{"embeddable":true,"href":"https:\/\/www.oidossucios.com\/site\/wp-json\/wp\/v2\/media\/100009482"}],"wp:attachment":[{"href":"https:\/\/www.oidossucios.com\/site\/wp-json\/wp\/v2\/media?parent=9482"}],"wp:term":[{"taxonomy":"category","embeddable":true,"href":"https:\/\/www.oidossucios.com\/site\/wp-json\/wp\/v2\/categories?post=9482"},{"taxonomy":"post_tag","embeddable":true,"href":"https:\/\/www.oidossucios.com\/site\/wp-json\/wp\/v2\/tags?post=9482"}],"curies":[{"name":"wp","href":"https:\/\/api.w.org\/{rel}","templated":true}]}}