{"id":9499,"date":"2015-12-09T12:29:00","date_gmt":"2015-12-09T12:29:00","guid":{"rendered":"https:\/\/www.oidossucios.com\/site\/2015\/12\/09\/bruce-dickinson-trabaja-en-su-proximo-disco-solista\/"},"modified":"2020-05-07T08:46:13","modified_gmt":"2020-05-07T12:46:13","slug":"bruce-dickinson-trabaja-en-su-proximo-disco-solista","status":"publish","type":"post","link":"https:\/\/www.oidossucios.com\/site\/bruce-dickinson-trabaja-en-su-proximo-disco-solista\/","title":{"rendered":"Bruce Dickinson trabaja en su pr\u00f3ximo disco solista"},"content":{"rendered":"<p style=\"text-align: justify;\">En declaraciones a Classic Rock y que recoge este martes, Metal Hammer, el vocalista de Iron Maiden, Bruce Dickinson, revel&oacute; que ya tiene compuesto &#8220;la mitad&#8221; de su nuevo &aacute;lbum solista. Ser&iacute;a el primero tras &#8220;Tyranny of Souls&#8221;, de 2005.<\/p>\n<p>Incluso cont&oacute; que una de las canciones de &#8220;The Book of Souls&#8221;, el &uacute;ltimo trabajo de la &#8220;Doncella de Hierro&#8221;, titulada &#8220;If Eternity Should Fail&#8221;, estaba pensada en un comienzo para ser incluida en este material.<\/p>\n<p>Sin embargo, el m&uacute;sico afirm&oacute; no tener claridad con respecto a la fecha de salida de la publicaci&oacute;n que espera entrar a grabar el pr&oacute;ximo a&ntilde;o.<\/p>\n<p>Iron Maiden se presentar&aacute; en Chile el 11 de marzo, en el Estadio Nacional. Junto a ellos estar&aacute;n Anthrax y The Raven Age en el marco de la gira mundial de &#8220;The Book of souls&#8221;.<\/p>\n<p>Adem&aacute;s, en enero, y en su faceta m&aacute;s empresarial, Dickinson dictar&aacute; una charla en una conferencia tecnol&oacute;gica en el Hotel Sheraton.<\/p>\n<p>Fuente: Cooperativa.cl<\/p>\n<p><iframe loading=\"lazy\" src=\"https:\/\/www.youtube.com\/embed\/cfh5S-cOKmk\" width=\"600\" height=\"400\" frameborder=\"0\" allowfullscreen=\"allowfullscreen\"><\/iframe><\/p>\n","protected":false},"excerpt":{"rendered":"<p>El m\u00fasico afirm\u00f3 no tener claridad con respecto a la fecha de salida de la publicaci\u00f3n que espera entrar a grabar el pr\u00f3ximo a\u00f1o.<\/p>\n","protected":false},"author":4,"featured_media":100009499,"comment_status":"open","ping_status":"open","sticky":false,"template":"","format":"standard","meta":{"_jetpack_memberships_contains_paid_content":false,"footnotes":""},"categories":[142],"tags":[],"class_list":["post-9499","post","type-post","status-publish","format-standard","has-post-thumbnail","hentry","category-buzznews"],"jetpack_featured_media_url":"https:\/\/www.oidossucios.com\/site\/wp-content\/uploads\/2015\/12\/9499.png","yoast_head":"<!-- This site is optimized with the Yoast SEO plugin v14.0.4 - https:\/\/yoast.com\/wordpress\/plugins\/seo\/ -->\n<title>Bruce Dickinson trabaja en su pr\u00f3ximo disco solista - OidosSucios.Com<\/title>\n<meta name=\"description\" content=\"El m\u00fasico afirm\u00f3 no tener claridad con respecto a la fecha de salida de la publicaci\u00f3n que espera entrar a grabar el pr\u00f3ximo a\u00f1o.\" \/>\n<meta name=\"robots\" content=\"index, follow\" \/>\n<meta name=\"googlebot\" content=\"index, follow, max-snippet:-1, max-image-preview:large, max-video-preview:-1\" \/>\n<meta name=\"bingbot\" content=\"index, follow, max-snippet:-1, max-image-preview:large, max-video-preview:-1\" \/>\n<link rel=\"canonical\" href=\"https:\/\/www.oidossucios.com\/site\/bruce-dickinson-trabaja-en-su-proximo-disco-solista\/\" \/>\n<meta property=\"og:locale\" content=\"es_ES\" \/>\n<meta property=\"og:type\" content=\"article\" \/>\n<meta property=\"og:title\" content=\"Bruce Dickinson trabaja en su pr\u00f3ximo disco solista - OidosSucios.Com\" \/>\n<meta property=\"og:description\" content=\"El m\u00fasico afirm\u00f3 no tener claridad con respecto a la fecha de salida de la publicaci\u00f3n que espera entrar a grabar el pr\u00f3ximo a\u00f1o.\" \/>\n<meta property=\"og:url\" content=\"https:\/\/www.oidossucios.com\/site\/bruce-dickinson-trabaja-en-su-proximo-disco-solista\/\" \/>\n<meta property=\"og:site_name\" content=\"OidosSucios.Com\" \/>\n<meta property=\"article:published_time\" content=\"2015-12-09T12:29:00+00:00\" \/>\n<meta property=\"article:modified_time\" content=\"2020-05-07T12:46:13+00:00\" \/>\n<meta property=\"og:image\" content=\"https:\/\/www.oidossucios.com\/site\/wp-content\/uploads\/2015\/12\/9499.png\" \/>\n\t<meta property=\"og:image:width\" content=\"350\" \/>\n\t<meta property=\"og:image:height\" content=\"300\" \/>\n<meta name=\"twitter:card\" content=\"summary_large_image\" \/>\n<meta name=\"twitter:creator\" content=\"@oidossucios\" \/>\n<script type=\"application\/ld+json\" class=\"yoast-schema-graph\">{\"@context\":\"https:\/\/schema.org\",\"@graph\":[{\"@type\":\"WebSite\",\"@id\":\"https:\/\/www.oidossucios.com\/site\/#website\",\"url\":\"https:\/\/www.oidossucios.com\/site\/\",\"name\":\"OidosSucios.Com\",\"description\":\"M\\u00fasica, conciertos, discos\",\"potentialAction\":[{\"@type\":\"SearchAction\",\"target\":\"https:\/\/www.oidossucios.com\/site\/?s={search_term_string}\",\"query-input\":\"required name=search_term_string\"}],\"inLanguage\":\"es\"},{\"@type\":\"ImageObject\",\"@id\":\"https:\/\/www.oidossucios.com\/site\/bruce-dickinson-trabaja-en-su-proximo-disco-solista\/#primaryimage\",\"inLanguage\":\"es\",\"url\":\"https:\/\/www.oidossucios.com\/site\/wp-content\/uploads\/2015\/12\/9499.png\",\"width\":350,\"height\":300},{\"@type\":\"WebPage\",\"@id\":\"https:\/\/www.oidossucios.com\/site\/bruce-dickinson-trabaja-en-su-proximo-disco-solista\/#webpage\",\"url\":\"https:\/\/www.oidossucios.com\/site\/bruce-dickinson-trabaja-en-su-proximo-disco-solista\/\",\"name\":\"Bruce Dickinson trabaja en su pr\\u00f3ximo disco solista - OidosSucios.Com\",\"isPartOf\":{\"@id\":\"https:\/\/www.oidossucios.com\/site\/#website\"},\"primaryImageOfPage\":{\"@id\":\"https:\/\/www.oidossucios.com\/site\/bruce-dickinson-trabaja-en-su-proximo-disco-solista\/#primaryimage\"},\"datePublished\":\"2015-12-09T12:29:00+00:00\",\"dateModified\":\"2020-05-07T12:46:13+00:00\",\"author\":{\"@id\":\"https:\/\/www.oidossucios.com\/site\/#\/schema\/person\/24559eeb76bf83a63296fb072393a688\"},\"description\":\"El m\\u00fasico afirm\\u00f3 no tener claridad con respecto a la fecha de salida de la publicaci\\u00f3n que espera entrar a grabar el pr\\u00f3ximo a\\u00f1o.\",\"inLanguage\":\"es\",\"potentialAction\":[{\"@type\":\"ReadAction\",\"target\":[\"https:\/\/www.oidossucios.com\/site\/bruce-dickinson-trabaja-en-su-proximo-disco-solista\/\"]}]},{\"@type\":[\"Person\"],\"@id\":\"https:\/\/www.oidossucios.com\/site\/#\/schema\/person\/24559eeb76bf83a63296fb072393a688\",\"name\":\"Oidossucios\",\"image\":{\"@type\":\"ImageObject\",\"@id\":\"https:\/\/www.oidossucios.com\/site\/#personlogo\",\"inLanguage\":\"es\",\"url\":\"https:\/\/secure.gravatar.com\/avatar\/74fcb480f42f1a33e50a0b6e6369a3f907be2e43dc84fa5f76c66e9c22b4a5ab?s=96&d=mm&r=g\",\"caption\":\"Oidossucios\"},\"sameAs\":[\"https:\/\/twitter.com\/oidossucios\"]}]}<\/script>\n<!-- \/ Yoast SEO plugin. -->","jetpack_sharing_enabled":true,"_links":{"self":[{"href":"https:\/\/www.oidossucios.com\/site\/wp-json\/wp\/v2\/posts\/9499","targetHints":{"allow":["GET"]}}],"collection":[{"href":"https:\/\/www.oidossucios.com\/site\/wp-json\/wp\/v2\/posts"}],"about":[{"href":"https:\/\/www.oidossucios.com\/site\/wp-json\/wp\/v2\/types\/post"}],"author":[{"embeddable":true,"href":"https:\/\/www.oidossucios.com\/site\/wp-json\/wp\/v2\/users\/4"}],"replies":[{"embeddable":true,"href":"https:\/\/www.oidossucios.com\/site\/wp-json\/wp\/v2\/comments?post=9499"}],"version-history":[{"count":1,"href":"https:\/\/www.oidossucios.com\/site\/wp-json\/wp\/v2\/posts\/9499\/revisions"}],"predecessor-version":[{"id":111116212,"href":"https:\/\/www.oidossucios.com\/site\/wp-json\/wp\/v2\/posts\/9499\/revisions\/111116212"}],"wp:featuredmedia":[{"embeddable":true,"href":"https:\/\/www.oidossucios.com\/site\/wp-json\/wp\/v2\/media\/100009499"}],"wp:attachment":[{"href":"https:\/\/www.oidossucios.com\/site\/wp-json\/wp\/v2\/media?parent=9499"}],"wp:term":[{"taxonomy":"category","embeddable":true,"href":"https:\/\/www.oidossucios.com\/site\/wp-json\/wp\/v2\/categories?post=9499"},{"taxonomy":"post_tag","embeddable":true,"href":"https:\/\/www.oidossucios.com\/site\/wp-json\/wp\/v2\/tags?post=9499"}],"curies":[{"name":"wp","href":"https:\/\/api.w.org\/{rel}","templated":true}]}}