{"id":953,"date":"2004-03-03T23:27:00","date_gmt":"2004-03-03T23:27:00","guid":{"rendered":"https:\/\/www.oidossucios.com\/site\/2004\/03\/03\/suspendido-el-concierto-de-the-wailers\/"},"modified":"2004-03-03T23:27:00","modified_gmt":"2004-03-03T23:27:00","slug":"suspendido-el-concierto-de-the-wailers","status":"publish","type":"post","link":"https:\/\/www.oidossucios.com\/site\/suspendido-el-concierto-de-the-wailers\/","title":{"rendered":"Suspendido el concierto de The Wailers"},"content":{"rendered":"<p>El show de la banda de reggae The Wailers pautado para el pr\u00f3ximo 17 de marzo fue suspendido debido a la situaci\u00f3n que atraviesa el pa\u00eds, inform\u00f3 la p\u00e1gina musica.com.ve.<\/p>\n<p>The Wailers fue la agrupaci\u00f3n de acompa\u00f1amiento que uso Marley en gran parte de su carrera y con la cual comenz\u00f3 a popularizarse a inicio de los 60. La formaci\u00f3n actual de The Wailers a\u00fan conserva a algunos personajes de aquella \u00e9poca: Aston Barrett (director musical de Bob Marley), Al Anderson y Earl Lindo.<\/p>\n<p>Su presentaci\u00f3n en Venezuela formar\u00eda parte de su gira sudamericana.<\/p>\n","protected":false},"excerpt":{"rendered":"<p>El show que la banda iba a dar en Caracas el pr\u00f3ximo 17 de marzo ha sido suspendido debido a la situaci\u00f3n del pa\u00eds.<\/p>\n","protected":false},"author":4,"featured_media":10000949,"comment_status":"open","ping_status":"open","sticky":false,"template":"","format":"standard","meta":{"_jetpack_memberships_contains_paid_content":false,"footnotes":""},"categories":[250],"tags":[346],"class_list":["post-953","post","type-post","status-publish","format-standard","has-post-thumbnail","hentry","category-noticias","tag-wailers"],"jetpack_featured_media_url":"https:\/\/www.oidossucios.com\/site\/wp-content\/uploads\/2004\/02\/949.jpg","yoast_head":"<!-- This site is optimized with the Yoast SEO plugin v14.0.4 - https:\/\/yoast.com\/wordpress\/plugins\/seo\/ -->\n<title>Suspendido el concierto de The Wailers - OidosSucios.Com<\/title>\n<meta name=\"description\" content=\"La banda norteamericana iniciar\u00e1 el pr\u00f3ximo mi\u00e9rcoles la gira mundial de promoci\u00f3n de su m\u00e1s reciente \u00e1lbum: A Crow Left of the Murder.\" \/>\n<meta name=\"robots\" content=\"index, follow\" \/>\n<meta name=\"googlebot\" content=\"index, follow, max-snippet:-1, max-image-preview:large, max-video-preview:-1\" \/>\n<meta name=\"bingbot\" content=\"index, follow, max-snippet:-1, max-image-preview:large, max-video-preview:-1\" \/>\n<link rel=\"canonical\" href=\"https:\/\/www.oidossucios.com\/site\/suspendido-el-concierto-de-the-wailers\/\" \/>\n<meta property=\"og:locale\" content=\"es_ES\" \/>\n<meta property=\"og:type\" content=\"article\" \/>\n<meta property=\"og:title\" content=\"Suspendido el concierto de The Wailers - OidosSucios.Com\" \/>\n<meta property=\"og:description\" content=\"La banda norteamericana iniciar\u00e1 el pr\u00f3ximo mi\u00e9rcoles la gira mundial de promoci\u00f3n de su m\u00e1s reciente \u00e1lbum: A Crow Left of the Murder.\" \/>\n<meta property=\"og:url\" content=\"https:\/\/www.oidossucios.com\/site\/suspendido-el-concierto-de-the-wailers\/\" \/>\n<meta property=\"og:site_name\" content=\"OidosSucios.Com\" \/>\n<meta property=\"article:published_time\" content=\"2004-03-03T23:27:00+00:00\" \/>\n<meta property=\"og:image\" content=\"https:\/\/www.oidossucios.com\/site\/wp-content\/uploads\/2004\/02\/949.jpg\" \/>\n\t<meta property=\"og:image:width\" content=\"290\" \/>\n\t<meta property=\"og:image:height\" content=\"100\" \/>\n<meta name=\"twitter:card\" content=\"summary_large_image\" \/>\n<meta name=\"twitter:creator\" content=\"@oidossucios\" \/>\n<script type=\"application\/ld+json\" class=\"yoast-schema-graph\">{\"@context\":\"https:\/\/schema.org\",\"@graph\":[{\"@type\":\"WebSite\",\"@id\":\"https:\/\/www.oidossucios.com\/site\/#website\",\"url\":\"https:\/\/www.oidossucios.com\/site\/\",\"name\":\"OidosSucios.Com\",\"description\":\"M\\u00fasica, conciertos, discos\",\"potentialAction\":[{\"@type\":\"SearchAction\",\"target\":\"https:\/\/www.oidossucios.com\/site\/?s={search_term_string}\",\"query-input\":\"required name=search_term_string\"}],\"inLanguage\":\"es\"},{\"@type\":\"ImageObject\",\"@id\":\"https:\/\/www.oidossucios.com\/site\/suspendido-el-concierto-de-the-wailers\/#primaryimage\",\"inLanguage\":\"es\",\"url\":\"https:\/\/www.oidossucios.com\/site\/wp-content\/uploads\/2004\/02\/949.jpg\",\"width\":290,\"height\":100},{\"@type\":\"WebPage\",\"@id\":\"https:\/\/www.oidossucios.com\/site\/suspendido-el-concierto-de-the-wailers\/#webpage\",\"url\":\"https:\/\/www.oidossucios.com\/site\/suspendido-el-concierto-de-the-wailers\/\",\"name\":\"Suspendido el concierto de The Wailers - OidosSucios.Com\",\"isPartOf\":{\"@id\":\"https:\/\/www.oidossucios.com\/site\/#website\"},\"primaryImageOfPage\":{\"@id\":\"https:\/\/www.oidossucios.com\/site\/suspendido-el-concierto-de-the-wailers\/#primaryimage\"},\"datePublished\":\"2004-03-03T23:27:00+00:00\",\"dateModified\":\"2004-03-03T23:27:00+00:00\",\"author\":{\"@id\":\"https:\/\/www.oidossucios.com\/site\/#\/schema\/person\/24559eeb76bf83a63296fb072393a688\"},\"description\":\"La banda norteamericana iniciar\\u00e1 el pr\\u00f3ximo mi\\u00e9rcoles la gira mundial de promoci\\u00f3n de su m\\u00e1s reciente \\u00e1lbum: A Crow Left of the Murder.\",\"inLanguage\":\"es\",\"potentialAction\":[{\"@type\":\"ReadAction\",\"target\":[\"https:\/\/www.oidossucios.com\/site\/suspendido-el-concierto-de-the-wailers\/\"]}]},{\"@type\":[\"Person\"],\"@id\":\"https:\/\/www.oidossucios.com\/site\/#\/schema\/person\/24559eeb76bf83a63296fb072393a688\",\"name\":\"Oidossucios\",\"image\":{\"@type\":\"ImageObject\",\"@id\":\"https:\/\/www.oidossucios.com\/site\/#personlogo\",\"inLanguage\":\"es\",\"url\":\"https:\/\/secure.gravatar.com\/avatar\/74fcb480f42f1a33e50a0b6e6369a3f907be2e43dc84fa5f76c66e9c22b4a5ab?s=96&d=mm&r=g\",\"caption\":\"Oidossucios\"},\"sameAs\":[\"https:\/\/twitter.com\/oidossucios\"]}]}<\/script>\n<!-- \/ Yoast SEO plugin. -->","jetpack_sharing_enabled":true,"_links":{"self":[{"href":"https:\/\/www.oidossucios.com\/site\/wp-json\/wp\/v2\/posts\/953","targetHints":{"allow":["GET"]}}],"collection":[{"href":"https:\/\/www.oidossucios.com\/site\/wp-json\/wp\/v2\/posts"}],"about":[{"href":"https:\/\/www.oidossucios.com\/site\/wp-json\/wp\/v2\/types\/post"}],"author":[{"embeddable":true,"href":"https:\/\/www.oidossucios.com\/site\/wp-json\/wp\/v2\/users\/4"}],"replies":[{"embeddable":true,"href":"https:\/\/www.oidossucios.com\/site\/wp-json\/wp\/v2\/comments?post=953"}],"version-history":[{"count":0,"href":"https:\/\/www.oidossucios.com\/site\/wp-json\/wp\/v2\/posts\/953\/revisions"}],"wp:featuredmedia":[{"embeddable":true,"href":"https:\/\/www.oidossucios.com\/site\/wp-json\/wp\/v2\/media\/10000949"}],"wp:attachment":[{"href":"https:\/\/www.oidossucios.com\/site\/wp-json\/wp\/v2\/media?parent=953"}],"wp:term":[{"taxonomy":"category","embeddable":true,"href":"https:\/\/www.oidossucios.com\/site\/wp-json\/wp\/v2\/categories?post=953"},{"taxonomy":"post_tag","embeddable":true,"href":"https:\/\/www.oidossucios.com\/site\/wp-json\/wp\/v2\/tags?post=953"}],"curies":[{"name":"wp","href":"https:\/\/api.w.org\/{rel}","templated":true}]}}