{"id":9538,"date":"2016-03-25T16:23:00","date_gmt":"2016-03-25T16:23:00","guid":{"rendered":"https:\/\/www.oidossucios.com\/site\/2016\/03\/25\/dos-generaciones-se-unen-para-re-interpretar-el-clasico-de-dermis-tatu\/"},"modified":"2020-05-07T08:46:09","modified_gmt":"2020-05-07T12:46:09","slug":"dos-generaciones-se-unen-para-re-interpretar-el-clasico-de-dermis-tatu","status":"publish","type":"post","link":"https:\/\/www.oidossucios.com\/site\/dos-generaciones-se-unen-para-re-interpretar-el-clasico-de-dermis-tatu\/","title":{"rendered":"Dos generaciones se unen para re-interpretar el cl\u00e1sico de Dermis Tatu"},"content":{"rendered":"<p style=\"text-align: justify;\">El cantante y guitarrista Juan Manuel Fern&aacute;ndez (Retrovisor), el tambi&eacute;n guitarrista Andr&eacute;s &#8220;Chicho&#8221; Blanco (BioShaft), el bajista Pavel Tello (Caramelos de Cianuro) y el baterista Rafael Cadavieco (Atkinson) armaron un trabuco para re-interpretar el tema &#8220;H&#8221; original de Dermis Tatu como parte del documental Una F&aacute;bula Muy Trillada: La Viol&oacute;, La Mat&oacute; y La Pic&oacute;&#8230; 20 a&ntilde;os de Etereo Group.<\/p>\n<p>De una forma muy natural e identificados con el sonido y fuerza de la versi&oacute;n original, los cuatro m&uacute;sicos recrearon su propia visi&oacute;n del tema que cierra el cl&aacute;sico &aacute;lbum de Dermis Tat&uacute;. Dos generaciones unidas por una influencia musical que permiti&oacute; conciliar ideas, camarader&iacute;a y buena vibra durante las sesiones en directo.<\/p>\n<p>Grabado en el estudio de&nbsp; Sala De M&aacute;quinas, el tema fue mezclado y masterizado por el ganador del Grammy Latino Fidel Goa (Los Mesoneros, La Vida Boheme) y cont&oacute; con la asesor&iacute;a, colaboraci&oacute;n y equipos del lutier de bater&iacute;as Ricardo Parra (Parra Drums).<\/p>\n<p>&#8220;H&#8221; se extrae del documental Una F&aacute;bula Muy Trillada: La Viol&oacute;, La Mat&oacute; y La Pic&oacute;&#8230; 20 a&ntilde;os despu&eacute;s, dirigido por William Padr&oacute;n y editado por Pedro Pe&ntilde;a de La Cueva y Rawy Mattar, los tres haciendo las veces de camar&oacute;grafos para Etereo Group.<\/p>\n<p>Pr&oacute;ximamente se estar&aacute;n dando las fechas de proyecci&oacute;n del documental que se espera est&eacute; disponible en diferentes ciudades del pa&iacute;s. <\/p>\n<p>Fuente: nota de prensa<\/p>\n","protected":false},"excerpt":{"rendered":"<p>H se extrae del documental Una F\u00e1bula Muy Trillada: La Viol\u00f3, La Mat\u00f3 y La Pic\u00f3&#8230; 20 a\u00f1os despu\u00e9s<\/p>\n","protected":false},"author":4,"featured_media":0,"comment_status":"open","ping_status":"open","sticky":false,"template":"","format":"standard","meta":{"_jetpack_memberships_contains_paid_content":false,"footnotes":""},"categories":[142],"tags":[],"class_list":["post-9538","post","type-post","status-publish","format-standard","hentry","category-buzznews"],"jetpack_featured_media_url":"","yoast_head":"<!-- This site is optimized with the Yoast SEO plugin v14.0.4 - https:\/\/yoast.com\/wordpress\/plugins\/seo\/ -->\n<title>Dos generaciones se unen para re-interpretar el cl\u00e1sico de Dermis Tatu - OidosSucios.Com<\/title>\n<meta name=\"description\" content=\"H se extrae del documental Una F\u00e1bula Muy Trillada: La Viol\u00f3, La Mat\u00f3 y La Pic\u00f3... 20 a\u00f1os despu\u00e9s\" \/>\n<meta name=\"robots\" content=\"index, follow\" \/>\n<meta name=\"googlebot\" content=\"index, follow, max-snippet:-1, max-image-preview:large, max-video-preview:-1\" \/>\n<meta name=\"bingbot\" content=\"index, follow, max-snippet:-1, max-image-preview:large, max-video-preview:-1\" \/>\n<link rel=\"canonical\" href=\"https:\/\/www.oidossucios.com\/site\/dos-generaciones-se-unen-para-re-interpretar-el-clasico-de-dermis-tatu\/\" \/>\n<meta property=\"og:locale\" content=\"es_ES\" \/>\n<meta property=\"og:type\" content=\"article\" \/>\n<meta property=\"og:title\" content=\"Dos generaciones se unen para re-interpretar el cl\u00e1sico de Dermis Tatu - OidosSucios.Com\" \/>\n<meta property=\"og:description\" content=\"H se extrae del documental Una F\u00e1bula Muy Trillada: La Viol\u00f3, La Mat\u00f3 y La Pic\u00f3... 20 a\u00f1os despu\u00e9s\" \/>\n<meta property=\"og:url\" content=\"https:\/\/www.oidossucios.com\/site\/dos-generaciones-se-unen-para-re-interpretar-el-clasico-de-dermis-tatu\/\" \/>\n<meta property=\"og:site_name\" content=\"OidosSucios.Com\" \/>\n<meta property=\"article:published_time\" content=\"2016-03-25T16:23:00+00:00\" \/>\n<meta property=\"article:modified_time\" content=\"2020-05-07T12:46:09+00:00\" \/>\n<meta name=\"twitter:card\" content=\"summary_large_image\" \/>\n<meta name=\"twitter:creator\" content=\"@oidossucios\" \/>\n<script type=\"application\/ld+json\" class=\"yoast-schema-graph\">{\"@context\":\"https:\/\/schema.org\",\"@graph\":[{\"@type\":\"WebSite\",\"@id\":\"https:\/\/www.oidossucios.com\/site\/#website\",\"url\":\"https:\/\/www.oidossucios.com\/site\/\",\"name\":\"OidosSucios.Com\",\"description\":\"M\\u00fasica, conciertos, discos\",\"potentialAction\":[{\"@type\":\"SearchAction\",\"target\":\"https:\/\/www.oidossucios.com\/site\/?s={search_term_string}\",\"query-input\":\"required name=search_term_string\"}],\"inLanguage\":\"es\"},{\"@type\":\"WebPage\",\"@id\":\"https:\/\/www.oidossucios.com\/site\/dos-generaciones-se-unen-para-re-interpretar-el-clasico-de-dermis-tatu\/#webpage\",\"url\":\"https:\/\/www.oidossucios.com\/site\/dos-generaciones-se-unen-para-re-interpretar-el-clasico-de-dermis-tatu\/\",\"name\":\"Dos generaciones se unen para re-interpretar el cl\\u00e1sico de Dermis Tatu - OidosSucios.Com\",\"isPartOf\":{\"@id\":\"https:\/\/www.oidossucios.com\/site\/#website\"},\"datePublished\":\"2016-03-25T16:23:00+00:00\",\"dateModified\":\"2020-05-07T12:46:09+00:00\",\"author\":{\"@id\":\"https:\/\/www.oidossucios.com\/site\/#\/schema\/person\/24559eeb76bf83a63296fb072393a688\"},\"description\":\"H se extrae del documental Una F\\u00e1bula Muy Trillada: La Viol\\u00f3, La Mat\\u00f3 y La Pic\\u00f3... 20 a\\u00f1os despu\\u00e9s\",\"inLanguage\":\"es\",\"potentialAction\":[{\"@type\":\"ReadAction\",\"target\":[\"https:\/\/www.oidossucios.com\/site\/dos-generaciones-se-unen-para-re-interpretar-el-clasico-de-dermis-tatu\/\"]}]},{\"@type\":[\"Person\"],\"@id\":\"https:\/\/www.oidossucios.com\/site\/#\/schema\/person\/24559eeb76bf83a63296fb072393a688\",\"name\":\"Oidossucios\",\"image\":{\"@type\":\"ImageObject\",\"@id\":\"https:\/\/www.oidossucios.com\/site\/#personlogo\",\"inLanguage\":\"es\",\"url\":\"https:\/\/secure.gravatar.com\/avatar\/74fcb480f42f1a33e50a0b6e6369a3f907be2e43dc84fa5f76c66e9c22b4a5ab?s=96&d=mm&r=g\",\"caption\":\"Oidossucios\"},\"sameAs\":[\"https:\/\/twitter.com\/oidossucios\"]}]}<\/script>\n<!-- \/ Yoast SEO plugin. -->","jetpack_sharing_enabled":true,"_links":{"self":[{"href":"https:\/\/www.oidossucios.com\/site\/wp-json\/wp\/v2\/posts\/9538","targetHints":{"allow":["GET"]}}],"collection":[{"href":"https:\/\/www.oidossucios.com\/site\/wp-json\/wp\/v2\/posts"}],"about":[{"href":"https:\/\/www.oidossucios.com\/site\/wp-json\/wp\/v2\/types\/post"}],"author":[{"embeddable":true,"href":"https:\/\/www.oidossucios.com\/site\/wp-json\/wp\/v2\/users\/4"}],"replies":[{"embeddable":true,"href":"https:\/\/www.oidossucios.com\/site\/wp-json\/wp\/v2\/comments?post=9538"}],"version-history":[{"count":1,"href":"https:\/\/www.oidossucios.com\/site\/wp-json\/wp\/v2\/posts\/9538\/revisions"}],"predecessor-version":[{"id":111116173,"href":"https:\/\/www.oidossucios.com\/site\/wp-json\/wp\/v2\/posts\/9538\/revisions\/111116173"}],"wp:attachment":[{"href":"https:\/\/www.oidossucios.com\/site\/wp-json\/wp\/v2\/media?parent=9538"}],"wp:term":[{"taxonomy":"category","embeddable":true,"href":"https:\/\/www.oidossucios.com\/site\/wp-json\/wp\/v2\/categories?post=9538"},{"taxonomy":"post_tag","embeddable":true,"href":"https:\/\/www.oidossucios.com\/site\/wp-json\/wp\/v2\/tags?post=9538"}],"curies":[{"name":"wp","href":"https:\/\/api.w.org\/{rel}","templated":true}]}}