{"id":9566,"date":"2016-05-07T13:33:00","date_gmt":"2016-05-07T13:33:00","guid":{"rendered":"https:\/\/www.oidossucios.com\/site\/2016\/05\/07\/radiohead-confirma-fecha-de-lanzamiento-de-su-nueva-produccion\/"},"modified":"2020-05-07T08:46:07","modified_gmt":"2020-05-07T12:46:07","slug":"radiohead-confirma-fecha-de-lanzamiento-de-su-nueva-produccion","status":"publish","type":"post","link":"https:\/\/www.oidossucios.com\/site\/radiohead-confirma-fecha-de-lanzamiento-de-su-nueva-produccion\/","title":{"rendered":"Radiohead confirma fecha de lanzamiento de su nueva producci\u00f3n"},"content":{"rendered":"<p>Todo ten&iacute;a un motivo. A inicios de mayo, Radiohead elimin&oacute; todas sus publicaciones en sus cuentas en Facebook y Twitter. Los rumores indicaron que la raz&oacute;n era el lanzamiento de su nuevo &aacute;lbum. La banda confirm&oacute; estos rumores.<\/p>\n<p>Radiohead anunci&oacute; que su nueva obra ser&aacute; lanzado de forma digital el pr&oacute;ximo 8 de mayo. As&iacute; lo hizo saber la banda desde sus cuentas en Facebook y Twitter. <\/p>\n<p>El anuncio en Facebook y Twitter se hizo junto al estreno al tema que da el nombre al nuevo disco. El video es dirigido por Paul Thomas Anderson y protagonizado por Thom Yorke, quien entra y sale de casas, hospitales, monta&ntilde;as, grutas y m&aacute;s.<\/p>\n<p>El nombre del nuevo &aacute;lbum a&uacute;n es desconocido, seg&uacute;n inform&oacute; &#8220;El Mundo&#8221;. El trabajo anunciado en Facebook ser&aacute; el que tome la posta del legado de The King of limbs, disco estrenado hace cinco a&ntilde;os. <\/p>\n<p>Es el nuevo nacimiento de la banda. Seg&uacute;n diversos portales especializados en m&uacute;sica, la estrategia de Radiohead ser&iacute;a aprovechar canales como Facebook y otras redes sociales y no estar &#8220;tan distanciados&#8221;.<\/p>\n<p>Fuente: El Comercio<\/p>\n","protected":false},"excerpt":{"rendered":"<p>Radiohead anunci\u00f3 que su nueva obra ser\u00e1 lanzado de forma digital el pr\u00f3ximo 8 de mayo. As\u00ed lo hizo saber la banda desde sus cuentas en Facebook y Twitter. <\/p>\n","protected":false},"author":4,"featured_media":100009566,"comment_status":"open","ping_status":"open","sticky":false,"template":"","format":"standard","meta":{"_jetpack_memberships_contains_paid_content":false,"footnotes":""},"categories":[142],"tags":[],"class_list":["post-9566","post","type-post","status-publish","format-standard","has-post-thumbnail","hentry","category-buzznews"],"jetpack_featured_media_url":"https:\/\/www.oidossucios.com\/site\/wp-content\/uploads\/2016\/05\/9566.png","yoast_head":"<!-- This site is optimized with the Yoast SEO plugin v14.0.4 - https:\/\/yoast.com\/wordpress\/plugins\/seo\/ -->\n<title>Radiohead confirma fecha de lanzamiento de su nueva producci\u00f3n - OidosSucios.Com<\/title>\n<meta name=\"description\" content=\"Radiohead anunci\u00f3 que su nueva obra ser\u00e1 lanzado de forma digital el pr\u00f3ximo 8 de mayo. As\u00ed lo hizo saber la banda desde sus cuentas en Facebook y Twitter.\" \/>\n<meta name=\"robots\" content=\"index, follow\" \/>\n<meta name=\"googlebot\" content=\"index, follow, max-snippet:-1, max-image-preview:large, max-video-preview:-1\" \/>\n<meta name=\"bingbot\" content=\"index, follow, max-snippet:-1, max-image-preview:large, max-video-preview:-1\" \/>\n<link rel=\"canonical\" href=\"https:\/\/www.oidossucios.com\/site\/radiohead-confirma-fecha-de-lanzamiento-de-su-nueva-produccion\/\" \/>\n<meta property=\"og:locale\" content=\"es_ES\" \/>\n<meta property=\"og:type\" content=\"article\" \/>\n<meta property=\"og:title\" content=\"Radiohead confirma fecha de lanzamiento de su nueva producci\u00f3n - OidosSucios.Com\" \/>\n<meta property=\"og:description\" content=\"Radiohead anunci\u00f3 que su nueva obra ser\u00e1 lanzado de forma digital el pr\u00f3ximo 8 de mayo. As\u00ed lo hizo saber la banda desde sus cuentas en Facebook y Twitter.\" \/>\n<meta property=\"og:url\" content=\"https:\/\/www.oidossucios.com\/site\/radiohead-confirma-fecha-de-lanzamiento-de-su-nueva-produccion\/\" \/>\n<meta property=\"og:site_name\" content=\"OidosSucios.Com\" \/>\n<meta property=\"article:published_time\" content=\"2016-05-07T13:33:00+00:00\" \/>\n<meta property=\"article:modified_time\" content=\"2020-05-07T12:46:07+00:00\" \/>\n<meta property=\"og:image\" content=\"https:\/\/www.oidossucios.com\/site\/wp-content\/uploads\/2016\/05\/9566.png\" \/>\n\t<meta property=\"og:image:width\" content=\"350\" \/>\n\t<meta property=\"og:image:height\" content=\"300\" \/>\n<meta name=\"twitter:card\" content=\"summary_large_image\" \/>\n<meta name=\"twitter:creator\" content=\"@oidossucios\" \/>\n<script type=\"application\/ld+json\" class=\"yoast-schema-graph\">{\"@context\":\"https:\/\/schema.org\",\"@graph\":[{\"@type\":\"WebSite\",\"@id\":\"https:\/\/www.oidossucios.com\/site\/#website\",\"url\":\"https:\/\/www.oidossucios.com\/site\/\",\"name\":\"OidosSucios.Com\",\"description\":\"M\\u00fasica, conciertos, discos\",\"potentialAction\":[{\"@type\":\"SearchAction\",\"target\":\"https:\/\/www.oidossucios.com\/site\/?s={search_term_string}\",\"query-input\":\"required name=search_term_string\"}],\"inLanguage\":\"es\"},{\"@type\":\"ImageObject\",\"@id\":\"https:\/\/www.oidossucios.com\/site\/radiohead-confirma-fecha-de-lanzamiento-de-su-nueva-produccion\/#primaryimage\",\"inLanguage\":\"es\",\"url\":\"https:\/\/www.oidossucios.com\/site\/wp-content\/uploads\/2016\/05\/9566.png\",\"width\":350,\"height\":300},{\"@type\":\"WebPage\",\"@id\":\"https:\/\/www.oidossucios.com\/site\/radiohead-confirma-fecha-de-lanzamiento-de-su-nueva-produccion\/#webpage\",\"url\":\"https:\/\/www.oidossucios.com\/site\/radiohead-confirma-fecha-de-lanzamiento-de-su-nueva-produccion\/\",\"name\":\"Radiohead confirma fecha de lanzamiento de su nueva producci\\u00f3n - OidosSucios.Com\",\"isPartOf\":{\"@id\":\"https:\/\/www.oidossucios.com\/site\/#website\"},\"primaryImageOfPage\":{\"@id\":\"https:\/\/www.oidossucios.com\/site\/radiohead-confirma-fecha-de-lanzamiento-de-su-nueva-produccion\/#primaryimage\"},\"datePublished\":\"2016-05-07T13:33:00+00:00\",\"dateModified\":\"2020-05-07T12:46:07+00:00\",\"author\":{\"@id\":\"https:\/\/www.oidossucios.com\/site\/#\/schema\/person\/24559eeb76bf83a63296fb072393a688\"},\"description\":\"Radiohead anunci\\u00f3 que su nueva obra ser\\u00e1 lanzado de forma digital el pr\\u00f3ximo 8 de mayo. As\\u00ed lo hizo saber la banda desde sus cuentas en Facebook y Twitter.\",\"inLanguage\":\"es\",\"potentialAction\":[{\"@type\":\"ReadAction\",\"target\":[\"https:\/\/www.oidossucios.com\/site\/radiohead-confirma-fecha-de-lanzamiento-de-su-nueva-produccion\/\"]}]},{\"@type\":[\"Person\"],\"@id\":\"https:\/\/www.oidossucios.com\/site\/#\/schema\/person\/24559eeb76bf83a63296fb072393a688\",\"name\":\"Oidossucios\",\"image\":{\"@type\":\"ImageObject\",\"@id\":\"https:\/\/www.oidossucios.com\/site\/#personlogo\",\"inLanguage\":\"es\",\"url\":\"https:\/\/secure.gravatar.com\/avatar\/74fcb480f42f1a33e50a0b6e6369a3f907be2e43dc84fa5f76c66e9c22b4a5ab?s=96&d=mm&r=g\",\"caption\":\"Oidossucios\"},\"sameAs\":[\"https:\/\/twitter.com\/oidossucios\"]}]}<\/script>\n<!-- \/ Yoast SEO plugin. -->","jetpack_sharing_enabled":true,"_links":{"self":[{"href":"https:\/\/www.oidossucios.com\/site\/wp-json\/wp\/v2\/posts\/9566","targetHints":{"allow":["GET"]}}],"collection":[{"href":"https:\/\/www.oidossucios.com\/site\/wp-json\/wp\/v2\/posts"}],"about":[{"href":"https:\/\/www.oidossucios.com\/site\/wp-json\/wp\/v2\/types\/post"}],"author":[{"embeddable":true,"href":"https:\/\/www.oidossucios.com\/site\/wp-json\/wp\/v2\/users\/4"}],"replies":[{"embeddable":true,"href":"https:\/\/www.oidossucios.com\/site\/wp-json\/wp\/v2\/comments?post=9566"}],"version-history":[{"count":1,"href":"https:\/\/www.oidossucios.com\/site\/wp-json\/wp\/v2\/posts\/9566\/revisions"}],"predecessor-version":[{"id":111116145,"href":"https:\/\/www.oidossucios.com\/site\/wp-json\/wp\/v2\/posts\/9566\/revisions\/111116145"}],"wp:featuredmedia":[{"embeddable":true,"href":"https:\/\/www.oidossucios.com\/site\/wp-json\/wp\/v2\/media\/100009566"}],"wp:attachment":[{"href":"https:\/\/www.oidossucios.com\/site\/wp-json\/wp\/v2\/media?parent=9566"}],"wp:term":[{"taxonomy":"category","embeddable":true,"href":"https:\/\/www.oidossucios.com\/site\/wp-json\/wp\/v2\/categories?post=9566"},{"taxonomy":"post_tag","embeddable":true,"href":"https:\/\/www.oidossucios.com\/site\/wp-json\/wp\/v2\/tags?post=9566"}],"curies":[{"name":"wp","href":"https:\/\/api.w.org\/{rel}","templated":true}]}}