{"id":9599,"date":"2016-09-13T12:34:00","date_gmt":"2016-09-13T12:34:00","guid":{"rendered":"https:\/\/www.oidossucios.com\/site\/2016\/09\/13\/concurso-de-musica-tu-voz-es-tu-poder\/"},"modified":"2020-05-07T08:46:04","modified_gmt":"2020-05-07T12:46:04","slug":"concurso-de-musica-tu-voz-es-tu-poder","status":"publish","type":"post","link":"https:\/\/www.oidossucios.com\/site\/concurso-de-musica-tu-voz-es-tu-poder\/","title":{"rendered":"Concurso de m\u00fasica: Tu voz es tu poder"},"content":{"rendered":"<p style=\"text-align: justify;\">La organizaci&oacute;n&nbsp;<strong>Un Mundo Sin Mordaza&nbsp;<\/strong>y&nbsp;<strong>Redes Ayuda<\/strong>, por segundo a&ntilde;o, abren&nbsp; el concurso de m&uacute;sica &ldquo;<strong><em>Tu Voz Es Tu Poder<\/em><\/strong>&rdquo;, en donde artistas y bandas de diferentes g&eacute;neros, podr&aacute;n presentar una canci&oacute;n que aparecer&aacute; en &aacute;lbum&nbsp;<strong>Sin Mordaza<\/strong>, junto a otros seis artistas venezolanos, y podr&aacute;n presentarse en la segunda edici&oacute;n del concierto Tu Voz Es Tu Poder. La tem&aacute;tica del concurso es:&nbsp;<strong>Protesta y descontento<\/strong>.<\/p>\n<p style=\"text-align: justify;\">&nbsp;<\/p>\n<p style=\"text-align: justify;\"><strong><em>&iquest;Quieres que tu banda toque con los grandes del talento nacional?<\/em><\/strong><\/p>\n<p style=\"text-align: justify;\"><strong><em>&nbsp;<\/em><\/strong><\/p>\n<p style=\"text-align: justify;\">Pueden participar todos los grupos o solistas con un (1) tema in&eacute;dito y original de creaci&oacute;n individual o colectiva realizado expresamente para este evento. El tema central ser&aacute;:&nbsp;<em>Protesta y Descontento<\/em>, en los g&eacute;neros:&nbsp;<em>Rock<\/em>,&nbsp;<em>Pop<\/em>,&nbsp;<em>reggae<\/em>&nbsp;y hip-hop, y cualquier fusi&oacute;n o sub g&eacute;nero de ellos.<\/p>\n<p style=\"text-align: justify;\">&nbsp;<\/p>\n<p style=\"text-align: justify;\">Las obras deben ser publicadas en&nbsp;<strong>YouTube<\/strong>&nbsp;y el link debe ser enviado al siguiente correo:&nbsp;<a href=\"mailto:musica@sinmordaza.org\">musica@sinmordaza.org<\/a><\/p>\n<p style=\"text-align: justify;\">&nbsp;<\/p>\n<p style=\"text-align: justify;\">Cabe destacar que no necesariamente se debe hacer video.<\/p>\n<p style=\"text-align: justify;\">La convocatoria cierra el d&iacute;a s&aacute;bado 15 de octubre 2016 a las 11:59 P.M (hora de Venezuela).<\/p>\n<p style=\"text-align: justify;\">&nbsp;<\/p>\n<p style=\"text-align: justify;\">El jurado de selecci&oacute;n y calificaci&oacute;n escoger&aacute; seis (6) ganadores del concurso. El veredicto sobre los seis (6) ganadores se publicar&aacute; en&nbsp;<a href=\"http:\/\/www.sinmordaza.org\/\" data-saferedirecturl=\"https:\/\/www.google.com\/url?hl=en&amp;q=http:\/\/www.sinmordaza.org\/&amp;source=gmail&amp;ust=1473856113748000&amp;usg=AFQjCNEvu1DfGw8aVY35XOQct1-vgqU5lg\">http:\/\/www.sinmordaza.org<\/a>,&nbsp;<a href=\"http:\/\/www.redesayuda.org\/\" data-saferedirecturl=\"https:\/\/www.google.com\/url?hl=en&amp;q=http:\/\/www.redesayuda.org\/&amp;source=gmail&amp;ust=1473856113748000&amp;usg=AFQjCNFKTqt4fYi1khiSc1jkbRlq08ZIbw\">http:\/\/www.redesayuda.org<\/a>y las redes sociales de ambas organizaciones el d&iacute;a 24 de octubre 2016.<\/p>\n<p style=\"text-align: justify;\">&nbsp;<\/p>\n<p style=\"text-align: justify;\">Las bandas ganadoras obtendr&aacute;n como premio la grabaci&oacute;n de su canci&oacute;n en un disco acompa&ntilde;ados por bandas de renombre.<\/p>\n<p style=\"text-align: justify;\">Para cualquier duda o consulta, los concursantes pueden enviar un correo a&nbsp;<a href=\"mailto:musica@sinmordaza.org\">musica@sinmordaza.org<\/a>. Y para conocer las bases del concurso, pueden acceder a&nbsp;<a href=\"http:\/\/www.sinmordaza.org\/\" data-saferedirecturl=\"https:\/\/www.google.com\/url?hl=en&amp;q=http:\/\/www.sinmordaza.org\/&amp;source=gmail&amp;ust=1473856113748000&amp;usg=AFQjCNEvu1DfGw8aVY35XOQct1-vgqU5lg\">http:\/\/www.sinmordaza.org<\/a><\/p>\n<p style=\"text-align: justify;\">&nbsp;<\/p>\n<p style=\"text-align: justify;\"><strong><em>&iexcl;Participa, tu voz es tu poder!<\/em><\/strong><\/p>\n<p style=\"text-align: justify;\"><strong><em>&nbsp;<\/em><\/strong><\/p>\n<p style=\"text-align: justify;\"><strong>@SinMordaza<\/strong><\/p>\n","protected":false},"excerpt":{"rendered":"<p>La organizaci\u00f3n Un Mundo Sin Mordaza y Redes Ayuda, por segundo a\u00f1o, abren  el concurso de m\u00fasica &#8220;Tu Voz Es Tu Poder&#8221;<\/p>\n","protected":false},"author":4,"featured_media":100009599,"comment_status":"open","ping_status":"open","sticky":false,"template":"","format":"standard","meta":{"_jetpack_memberships_contains_paid_content":false,"footnotes":""},"categories":[142],"tags":[],"class_list":["post-9599","post","type-post","status-publish","format-standard","has-post-thumbnail","hentry","category-buzznews"],"jetpack_featured_media_url":"https:\/\/www.oidossucios.com\/site\/wp-content\/uploads\/2016\/09\/9599.png","yoast_head":"<!-- This site is optimized with the Yoast SEO plugin v14.0.4 - https:\/\/yoast.com\/wordpress\/plugins\/seo\/ -->\n<title>Concurso de m\u00fasica: Tu voz es tu poder - OidosSucios.Com<\/title>\n<meta name=\"description\" content=\"La organizaci\u00f3n Un Mundo Sin Mordaza y Redes Ayuda, por segundo a\u00f1o, abren el concurso de m\u00fasica &quot;Tu Voz Es Tu Poder&quot;\" \/>\n<meta name=\"robots\" content=\"index, follow\" \/>\n<meta name=\"googlebot\" content=\"index, follow, max-snippet:-1, max-image-preview:large, max-video-preview:-1\" \/>\n<meta name=\"bingbot\" content=\"index, follow, max-snippet:-1, max-image-preview:large, max-video-preview:-1\" \/>\n<link rel=\"canonical\" href=\"https:\/\/www.oidossucios.com\/site\/concurso-de-musica-tu-voz-es-tu-poder\/\" \/>\n<meta property=\"og:locale\" content=\"es_ES\" \/>\n<meta property=\"og:type\" content=\"article\" \/>\n<meta property=\"og:title\" content=\"Concurso de m\u00fasica: Tu voz es tu poder - OidosSucios.Com\" \/>\n<meta property=\"og:description\" content=\"La organizaci\u00f3n Un Mundo Sin Mordaza y Redes Ayuda, por segundo a\u00f1o, abren el concurso de m\u00fasica &quot;Tu Voz Es Tu Poder&quot;\" \/>\n<meta property=\"og:url\" content=\"https:\/\/www.oidossucios.com\/site\/concurso-de-musica-tu-voz-es-tu-poder\/\" \/>\n<meta property=\"og:site_name\" content=\"OidosSucios.Com\" \/>\n<meta property=\"article:published_time\" content=\"2016-09-13T12:34:00+00:00\" \/>\n<meta property=\"article:modified_time\" content=\"2020-05-07T12:46:04+00:00\" \/>\n<meta property=\"og:image\" content=\"https:\/\/www.oidossucios.com\/site\/wp-content\/uploads\/2016\/09\/9599.png\" \/>\n\t<meta property=\"og:image:width\" content=\"350\" \/>\n\t<meta property=\"og:image:height\" content=\"300\" \/>\n<meta name=\"twitter:card\" content=\"summary_large_image\" \/>\n<meta name=\"twitter:creator\" content=\"@oidossucios\" \/>\n<script type=\"application\/ld+json\" class=\"yoast-schema-graph\">{\"@context\":\"https:\/\/schema.org\",\"@graph\":[{\"@type\":\"WebSite\",\"@id\":\"https:\/\/www.oidossucios.com\/site\/#website\",\"url\":\"https:\/\/www.oidossucios.com\/site\/\",\"name\":\"OidosSucios.Com\",\"description\":\"M\\u00fasica, conciertos, discos\",\"potentialAction\":[{\"@type\":\"SearchAction\",\"target\":\"https:\/\/www.oidossucios.com\/site\/?s={search_term_string}\",\"query-input\":\"required name=search_term_string\"}],\"inLanguage\":\"es\"},{\"@type\":\"ImageObject\",\"@id\":\"https:\/\/www.oidossucios.com\/site\/concurso-de-musica-tu-voz-es-tu-poder\/#primaryimage\",\"inLanguage\":\"es\",\"url\":\"https:\/\/www.oidossucios.com\/site\/wp-content\/uploads\/2016\/09\/9599.png\",\"width\":350,\"height\":300},{\"@type\":\"WebPage\",\"@id\":\"https:\/\/www.oidossucios.com\/site\/concurso-de-musica-tu-voz-es-tu-poder\/#webpage\",\"url\":\"https:\/\/www.oidossucios.com\/site\/concurso-de-musica-tu-voz-es-tu-poder\/\",\"name\":\"Concurso de m\\u00fasica: Tu voz es tu poder - OidosSucios.Com\",\"isPartOf\":{\"@id\":\"https:\/\/www.oidossucios.com\/site\/#website\"},\"primaryImageOfPage\":{\"@id\":\"https:\/\/www.oidossucios.com\/site\/concurso-de-musica-tu-voz-es-tu-poder\/#primaryimage\"},\"datePublished\":\"2016-09-13T12:34:00+00:00\",\"dateModified\":\"2020-05-07T12:46:04+00:00\",\"author\":{\"@id\":\"https:\/\/www.oidossucios.com\/site\/#\/schema\/person\/24559eeb76bf83a63296fb072393a688\"},\"description\":\"La organizaci\\u00f3n Un Mundo Sin Mordaza y Redes Ayuda, por segundo a\\u00f1o, abren el concurso de m\\u00fasica \\\"Tu Voz Es Tu Poder\\\"\",\"inLanguage\":\"es\",\"potentialAction\":[{\"@type\":\"ReadAction\",\"target\":[\"https:\/\/www.oidossucios.com\/site\/concurso-de-musica-tu-voz-es-tu-poder\/\"]}]},{\"@type\":[\"Person\"],\"@id\":\"https:\/\/www.oidossucios.com\/site\/#\/schema\/person\/24559eeb76bf83a63296fb072393a688\",\"name\":\"Oidossucios\",\"image\":{\"@type\":\"ImageObject\",\"@id\":\"https:\/\/www.oidossucios.com\/site\/#personlogo\",\"inLanguage\":\"es\",\"url\":\"https:\/\/secure.gravatar.com\/avatar\/74fcb480f42f1a33e50a0b6e6369a3f907be2e43dc84fa5f76c66e9c22b4a5ab?s=96&d=mm&r=g\",\"caption\":\"Oidossucios\"},\"sameAs\":[\"https:\/\/twitter.com\/oidossucios\"]}]}<\/script>\n<!-- \/ Yoast SEO plugin. -->","jetpack_sharing_enabled":true,"_links":{"self":[{"href":"https:\/\/www.oidossucios.com\/site\/wp-json\/wp\/v2\/posts\/9599","targetHints":{"allow":["GET"]}}],"collection":[{"href":"https:\/\/www.oidossucios.com\/site\/wp-json\/wp\/v2\/posts"}],"about":[{"href":"https:\/\/www.oidossucios.com\/site\/wp-json\/wp\/v2\/types\/post"}],"author":[{"embeddable":true,"href":"https:\/\/www.oidossucios.com\/site\/wp-json\/wp\/v2\/users\/4"}],"replies":[{"embeddable":true,"href":"https:\/\/www.oidossucios.com\/site\/wp-json\/wp\/v2\/comments?post=9599"}],"version-history":[{"count":1,"href":"https:\/\/www.oidossucios.com\/site\/wp-json\/wp\/v2\/posts\/9599\/revisions"}],"predecessor-version":[{"id":111116112,"href":"https:\/\/www.oidossucios.com\/site\/wp-json\/wp\/v2\/posts\/9599\/revisions\/111116112"}],"wp:featuredmedia":[{"embeddable":true,"href":"https:\/\/www.oidossucios.com\/site\/wp-json\/wp\/v2\/media\/100009599"}],"wp:attachment":[{"href":"https:\/\/www.oidossucios.com\/site\/wp-json\/wp\/v2\/media?parent=9599"}],"wp:term":[{"taxonomy":"category","embeddable":true,"href":"https:\/\/www.oidossucios.com\/site\/wp-json\/wp\/v2\/categories?post=9599"},{"taxonomy":"post_tag","embeddable":true,"href":"https:\/\/www.oidossucios.com\/site\/wp-json\/wp\/v2\/tags?post=9599"}],"curies":[{"name":"wp","href":"https:\/\/api.w.org\/{rel}","templated":true}]}}