{"id":962,"date":"2004-03-19T03:01:00","date_gmt":"2004-03-19T03:01:00","guid":{"rendered":"https:\/\/www.oidossucios.com\/site\/2004\/03\/19\/murio-vytas-brenner\/"},"modified":"2004-03-19T03:01:00","modified_gmt":"2004-03-19T03:01:00","slug":"murio-vytas-brenner","status":"publish","type":"post","link":"https:\/\/www.oidossucios.com\/site\/murio-vytas-brenner\/","title":{"rendered":"Muri\u00f3 Vytas Brenner"},"content":{"rendered":"<p>El m\u00fasico alem\u00e1n Vytas Brenner, quien desarroll\u00f3 gran parte de su carrera en Venezuela donde se convirti\u00f3 en un icono de la m\u00fasica de los 70s, falleci\u00f3 esta ma\u00f1ana en su pa\u00eds natal.<\/p>\n<p>Vytas Brenner vivi\u00f3 en Venezuela desde los dos a\u00f1os de edad, aunque parti\u00f3 al extranjero al llegar a la adolescencia. Una vez finalizados sus estudios, regres\u00f3 al pa\u00eds donde fue el pionero del rock sinf\u00f3nico progresivo. <\/p>\n<p>Form\u00f3 parte de la agrupaci\u00f3n Ofrenda, adem\u00e1s de editar algunos \u00e1lbumes bajo su mismo nombre. Comparti\u00f3 formaci\u00f3n con m\u00fasicos de la talla de Pablo Manavello, Jose\u00edto Romero, Frank Quintero, Nene Quintero, entre otros.<\/p>\n<p>Adem\u00e1s de poseer una extensa discograf\u00eda, el \u00e1lbum doble &#8220;En Vivo&#8221;, editado en 1977, se convirti\u00f3 en la primera edici\u00f3n de una presentaci\u00f3n en vivo de una banda venezolana.<\/p>\n","protected":false},"excerpt":{"rendered":"<p>El m\u00fasico alem\u00e1n, icono de la m\u00fasica venezolana de los 70s, falleci\u00f3 esta ma\u00f1ana en su pa\u00eds natal.<\/p>\n","protected":false},"author":4,"featured_media":10000958,"comment_status":"open","ping_status":"open","sticky":false,"template":"","format":"standard","meta":{"_jetpack_memberships_contains_paid_content":false,"footnotes":""},"categories":[250],"tags":[353],"class_list":["post-962","post","type-post","status-publish","format-standard","has-post-thumbnail","hentry","category-noticias","tag-vytas"],"jetpack_featured_media_url":"https:\/\/www.oidossucios.com\/site\/wp-content\/uploads\/2004\/03\/958.jpg","yoast_head":"<!-- This site is optimized with the Yoast SEO plugin v14.0.4 - https:\/\/yoast.com\/wordpress\/plugins\/seo\/ -->\n<title>Muri\u00f3 Vytas Brenner - OidosSucios.Com<\/title>\n<meta name=\"description\" content=\"Una sorprendente entrevista con el l\u00edder de Nirvana poco antes de que muriese y que saldr\u00e1 publicada la semana que viene revela que quer\u00eda dejar Nirvana para formar parte de Hole.\" \/>\n<meta name=\"robots\" content=\"index, follow\" \/>\n<meta name=\"googlebot\" content=\"index, follow, max-snippet:-1, max-image-preview:large, max-video-preview:-1\" \/>\n<meta name=\"bingbot\" content=\"index, follow, max-snippet:-1, max-image-preview:large, max-video-preview:-1\" \/>\n<link rel=\"canonical\" href=\"https:\/\/www.oidossucios.com\/site\/murio-vytas-brenner\/\" \/>\n<meta property=\"og:locale\" content=\"es_ES\" \/>\n<meta property=\"og:type\" content=\"article\" \/>\n<meta property=\"og:title\" content=\"Muri\u00f3 Vytas Brenner - OidosSucios.Com\" \/>\n<meta property=\"og:description\" content=\"Una sorprendente entrevista con el l\u00edder de Nirvana poco antes de que muriese y que saldr\u00e1 publicada la semana que viene revela que quer\u00eda dejar Nirvana para formar parte de Hole.\" \/>\n<meta property=\"og:url\" content=\"https:\/\/www.oidossucios.com\/site\/murio-vytas-brenner\/\" \/>\n<meta property=\"og:site_name\" content=\"OidosSucios.Com\" \/>\n<meta property=\"article:published_time\" content=\"2004-03-19T03:01:00+00:00\" \/>\n<meta property=\"og:image\" content=\"https:\/\/www.oidossucios.com\/site\/wp-content\/uploads\/2004\/03\/958.jpg\" \/>\n\t<meta property=\"og:image:width\" content=\"290\" \/>\n\t<meta property=\"og:image:height\" content=\"100\" \/>\n<meta name=\"twitter:card\" content=\"summary_large_image\" \/>\n<meta name=\"twitter:creator\" content=\"@oidossucios\" \/>\n<script type=\"application\/ld+json\" class=\"yoast-schema-graph\">{\"@context\":\"https:\/\/schema.org\",\"@graph\":[{\"@type\":\"WebSite\",\"@id\":\"https:\/\/www.oidossucios.com\/site\/#website\",\"url\":\"https:\/\/www.oidossucios.com\/site\/\",\"name\":\"OidosSucios.Com\",\"description\":\"M\\u00fasica, conciertos, discos\",\"potentialAction\":[{\"@type\":\"SearchAction\",\"target\":\"https:\/\/www.oidossucios.com\/site\/?s={search_term_string}\",\"query-input\":\"required name=search_term_string\"}],\"inLanguage\":\"es\"},{\"@type\":\"ImageObject\",\"@id\":\"https:\/\/www.oidossucios.com\/site\/murio-vytas-brenner\/#primaryimage\",\"inLanguage\":\"es\",\"url\":\"https:\/\/www.oidossucios.com\/site\/wp-content\/uploads\/2004\/03\/958.jpg\",\"width\":290,\"height\":100},{\"@type\":\"WebPage\",\"@id\":\"https:\/\/www.oidossucios.com\/site\/murio-vytas-brenner\/#webpage\",\"url\":\"https:\/\/www.oidossucios.com\/site\/murio-vytas-brenner\/\",\"name\":\"Muri\\u00f3 Vytas Brenner - OidosSucios.Com\",\"isPartOf\":{\"@id\":\"https:\/\/www.oidossucios.com\/site\/#website\"},\"primaryImageOfPage\":{\"@id\":\"https:\/\/www.oidossucios.com\/site\/murio-vytas-brenner\/#primaryimage\"},\"datePublished\":\"2004-03-19T03:01:00+00:00\",\"dateModified\":\"2004-03-19T03:01:00+00:00\",\"author\":{\"@id\":\"https:\/\/www.oidossucios.com\/site\/#\/schema\/person\/24559eeb76bf83a63296fb072393a688\"},\"description\":\"Una sorprendente entrevista con el l\\u00edder de Nirvana poco antes de que muriese y que saldr\\u00e1 publicada la semana que viene revela que quer\\u00eda dejar Nirvana para formar parte de Hole.\",\"inLanguage\":\"es\",\"potentialAction\":[{\"@type\":\"ReadAction\",\"target\":[\"https:\/\/www.oidossucios.com\/site\/murio-vytas-brenner\/\"]}]},{\"@type\":[\"Person\"],\"@id\":\"https:\/\/www.oidossucios.com\/site\/#\/schema\/person\/24559eeb76bf83a63296fb072393a688\",\"name\":\"Oidossucios\",\"image\":{\"@type\":\"ImageObject\",\"@id\":\"https:\/\/www.oidossucios.com\/site\/#personlogo\",\"inLanguage\":\"es\",\"url\":\"https:\/\/secure.gravatar.com\/avatar\/74fcb480f42f1a33e50a0b6e6369a3f907be2e43dc84fa5f76c66e9c22b4a5ab?s=96&d=mm&r=g\",\"caption\":\"Oidossucios\"},\"sameAs\":[\"https:\/\/twitter.com\/oidossucios\"]}]}<\/script>\n<!-- \/ Yoast SEO plugin. -->","jetpack_sharing_enabled":true,"_links":{"self":[{"href":"https:\/\/www.oidossucios.com\/site\/wp-json\/wp\/v2\/posts\/962","targetHints":{"allow":["GET"]}}],"collection":[{"href":"https:\/\/www.oidossucios.com\/site\/wp-json\/wp\/v2\/posts"}],"about":[{"href":"https:\/\/www.oidossucios.com\/site\/wp-json\/wp\/v2\/types\/post"}],"author":[{"embeddable":true,"href":"https:\/\/www.oidossucios.com\/site\/wp-json\/wp\/v2\/users\/4"}],"replies":[{"embeddable":true,"href":"https:\/\/www.oidossucios.com\/site\/wp-json\/wp\/v2\/comments?post=962"}],"version-history":[{"count":0,"href":"https:\/\/www.oidossucios.com\/site\/wp-json\/wp\/v2\/posts\/962\/revisions"}],"wp:featuredmedia":[{"embeddable":true,"href":"https:\/\/www.oidossucios.com\/site\/wp-json\/wp\/v2\/media\/10000958"}],"wp:attachment":[{"href":"https:\/\/www.oidossucios.com\/site\/wp-json\/wp\/v2\/media?parent=962"}],"wp:term":[{"taxonomy":"category","embeddable":true,"href":"https:\/\/www.oidossucios.com\/site\/wp-json\/wp\/v2\/categories?post=962"},{"taxonomy":"post_tag","embeddable":true,"href":"https:\/\/www.oidossucios.com\/site\/wp-json\/wp\/v2\/tags?post=962"}],"curies":[{"name":"wp","href":"https:\/\/api.w.org\/{rel}","templated":true}]}}