{"id":967,"date":"2004-03-25T02:41:00","date_gmt":"2004-03-25T02:41:00","guid":{"rendered":"https:\/\/www.oidossucios.com\/site\/2004\/03\/25\/el-intercolegial-de-rock-sera-al-aire-libre\/"},"modified":"2004-03-25T02:41:00","modified_gmt":"2004-03-25T02:41:00","slug":"el-intercolegial-de-rock-sera-al-aire-libre","status":"publish","type":"post","link":"https:\/\/www.oidossucios.com\/site\/el-intercolegial-de-rock-sera-al-aire-libre\/","title":{"rendered":"El Intercolegial de Rock ser\u00e1 al aire libre"},"content":{"rendered":"<p>La Fundaci\u00f3n Nuevas Bandas, de boca de su presidente F\u00e9lix Allueva, comunic\u00f3 a Oidossucios.com los cambios que surtir\u00e1 la edici\u00f3n 2004 del tradicional Festival Intercolegial de Rock.<\/p>\n<p>El cambio m\u00e1s resaltante ser\u00e1 su realizaci\u00f3n por primera vez al aire libre, en la Plaza La Castellana (Chacao), lo que permitir\u00e1 el acceso gratuito a todos los asistentes.<\/p>\n<p>El evento se desarrollar\u00e1 el 29 y 30 de mayo, donde las bandas participantes copar\u00e1n la mayor parte de la programaci\u00f3n, cerrando cada d\u00eda dos agrupaciones de renombre a nivel nacional.<\/p>\n<p>El Festival Intercolegial de Rock de este a\u00f1o contar\u00e1 adem\u00e1s con una ronda previa eliminatoria, que se realizar\u00e1 las semanas anteriores al evento en diversos locales de la ciudad. <\/p>\n<p>Las inscripciones estar\u00e1n abiertas desde el pr\u00f3ximo lunes 29 de marzo hasta el 23 de abril, en la discotienda Esperanto del C.C. San Ignacio. Para mayor informaci\u00f3n sobre requisitos y bases, puedes escribir a nuevasbandasf@cantv.net.<\/p>\n","protected":false},"excerpt":{"rendered":"<p>La Plaza de la Castellana acoger\u00e1 el pr\u00f3ximo 29 y 30 de mayo el tradicional festival escolar organizado por la Fundaci\u00f3n Nuevas Bandas, que esta vez ser\u00e1 con entrada gratuita.<\/p>\n","protected":false},"author":4,"featured_media":10000963,"comment_status":"open","ping_status":"open","sticky":false,"template":"","format":"standard","meta":{"_jetpack_memberships_contains_paid_content":false,"footnotes":""},"categories":[250],"tags":[206],"class_list":["post-967","post","type-post","status-publish","format-standard","has-post-thumbnail","hentry","category-noticias","tag-nuevas-bandas"],"jetpack_featured_media_url":"https:\/\/www.oidossucios.com\/site\/wp-content\/uploads\/2004\/03\/963.jpg","yoast_head":"<!-- This site is optimized with the Yoast SEO plugin v14.0.4 - https:\/\/yoast.com\/wordpress\/plugins\/seo\/ -->\n<title>El Intercolegial de Rock ser\u00e1 al aire libre - OidosSucios.Com<\/title>\n<meta name=\"description\" content=\"La banda canadiense de punk se presentar\u00e1 ma\u00f1ana en Caracas dando inicio a su gira sudamericana. Publicamos la lista de ganadores del concurso efectuado en Oidossucios.com.\" \/>\n<meta name=\"robots\" content=\"index, follow\" \/>\n<meta name=\"googlebot\" content=\"index, follow, max-snippet:-1, max-image-preview:large, max-video-preview:-1\" \/>\n<meta name=\"bingbot\" content=\"index, follow, max-snippet:-1, max-image-preview:large, max-video-preview:-1\" \/>\n<link rel=\"canonical\" href=\"https:\/\/www.oidossucios.com\/site\/el-intercolegial-de-rock-sera-al-aire-libre\/\" \/>\n<meta property=\"og:locale\" content=\"es_ES\" \/>\n<meta property=\"og:type\" content=\"article\" \/>\n<meta property=\"og:title\" content=\"El Intercolegial de Rock ser\u00e1 al aire libre - OidosSucios.Com\" \/>\n<meta property=\"og:description\" content=\"La banda canadiense de punk se presentar\u00e1 ma\u00f1ana en Caracas dando inicio a su gira sudamericana. Publicamos la lista de ganadores del concurso efectuado en Oidossucios.com.\" \/>\n<meta property=\"og:url\" content=\"https:\/\/www.oidossucios.com\/site\/el-intercolegial-de-rock-sera-al-aire-libre\/\" \/>\n<meta property=\"og:site_name\" content=\"OidosSucios.Com\" \/>\n<meta property=\"article:published_time\" content=\"2004-03-25T02:41:00+00:00\" \/>\n<meta property=\"og:image\" content=\"https:\/\/www.oidossucios.com\/site\/wp-content\/uploads\/2004\/03\/963.jpg\" \/>\n\t<meta property=\"og:image:width\" content=\"290\" \/>\n\t<meta property=\"og:image:height\" content=\"100\" \/>\n<meta name=\"twitter:card\" content=\"summary_large_image\" \/>\n<meta name=\"twitter:creator\" content=\"@oidossucios\" \/>\n<script type=\"application\/ld+json\" class=\"yoast-schema-graph\">{\"@context\":\"https:\/\/schema.org\",\"@graph\":[{\"@type\":\"WebSite\",\"@id\":\"https:\/\/www.oidossucios.com\/site\/#website\",\"url\":\"https:\/\/www.oidossucios.com\/site\/\",\"name\":\"OidosSucios.Com\",\"description\":\"M\\u00fasica, conciertos, discos\",\"potentialAction\":[{\"@type\":\"SearchAction\",\"target\":\"https:\/\/www.oidossucios.com\/site\/?s={search_term_string}\",\"query-input\":\"required name=search_term_string\"}],\"inLanguage\":\"es\"},{\"@type\":\"ImageObject\",\"@id\":\"https:\/\/www.oidossucios.com\/site\/el-intercolegial-de-rock-sera-al-aire-libre\/#primaryimage\",\"inLanguage\":\"es\",\"url\":\"https:\/\/www.oidossucios.com\/site\/wp-content\/uploads\/2004\/03\/963.jpg\",\"width\":290,\"height\":100},{\"@type\":\"WebPage\",\"@id\":\"https:\/\/www.oidossucios.com\/site\/el-intercolegial-de-rock-sera-al-aire-libre\/#webpage\",\"url\":\"https:\/\/www.oidossucios.com\/site\/el-intercolegial-de-rock-sera-al-aire-libre\/\",\"name\":\"El Intercolegial de Rock ser\\u00e1 al aire libre - OidosSucios.Com\",\"isPartOf\":{\"@id\":\"https:\/\/www.oidossucios.com\/site\/#website\"},\"primaryImageOfPage\":{\"@id\":\"https:\/\/www.oidossucios.com\/site\/el-intercolegial-de-rock-sera-al-aire-libre\/#primaryimage\"},\"datePublished\":\"2004-03-25T02:41:00+00:00\",\"dateModified\":\"2004-03-25T02:41:00+00:00\",\"author\":{\"@id\":\"https:\/\/www.oidossucios.com\/site\/#\/schema\/person\/24559eeb76bf83a63296fb072393a688\"},\"description\":\"La banda canadiense de punk se presentar\\u00e1 ma\\u00f1ana en Caracas dando inicio a su gira sudamericana. Publicamos la lista de ganadores del concurso efectuado en Oidossucios.com.\",\"inLanguage\":\"es\",\"potentialAction\":[{\"@type\":\"ReadAction\",\"target\":[\"https:\/\/www.oidossucios.com\/site\/el-intercolegial-de-rock-sera-al-aire-libre\/\"]}]},{\"@type\":[\"Person\"],\"@id\":\"https:\/\/www.oidossucios.com\/site\/#\/schema\/person\/24559eeb76bf83a63296fb072393a688\",\"name\":\"Oidossucios\",\"image\":{\"@type\":\"ImageObject\",\"@id\":\"https:\/\/www.oidossucios.com\/site\/#personlogo\",\"inLanguage\":\"es\",\"url\":\"https:\/\/secure.gravatar.com\/avatar\/74fcb480f42f1a33e50a0b6e6369a3f907be2e43dc84fa5f76c66e9c22b4a5ab?s=96&d=mm&r=g\",\"caption\":\"Oidossucios\"},\"sameAs\":[\"https:\/\/twitter.com\/oidossucios\"]}]}<\/script>\n<!-- \/ Yoast SEO plugin. -->","jetpack_sharing_enabled":true,"_links":{"self":[{"href":"https:\/\/www.oidossucios.com\/site\/wp-json\/wp\/v2\/posts\/967","targetHints":{"allow":["GET"]}}],"collection":[{"href":"https:\/\/www.oidossucios.com\/site\/wp-json\/wp\/v2\/posts"}],"about":[{"href":"https:\/\/www.oidossucios.com\/site\/wp-json\/wp\/v2\/types\/post"}],"author":[{"embeddable":true,"href":"https:\/\/www.oidossucios.com\/site\/wp-json\/wp\/v2\/users\/4"}],"replies":[{"embeddable":true,"href":"https:\/\/www.oidossucios.com\/site\/wp-json\/wp\/v2\/comments?post=967"}],"version-history":[{"count":0,"href":"https:\/\/www.oidossucios.com\/site\/wp-json\/wp\/v2\/posts\/967\/revisions"}],"wp:featuredmedia":[{"embeddable":true,"href":"https:\/\/www.oidossucios.com\/site\/wp-json\/wp\/v2\/media\/10000963"}],"wp:attachment":[{"href":"https:\/\/www.oidossucios.com\/site\/wp-json\/wp\/v2\/media?parent=967"}],"wp:term":[{"taxonomy":"category","embeddable":true,"href":"https:\/\/www.oidossucios.com\/site\/wp-json\/wp\/v2\/categories?post=967"},{"taxonomy":"post_tag","embeddable":true,"href":"https:\/\/www.oidossucios.com\/site\/wp-json\/wp\/v2\/tags?post=967"}],"curies":[{"name":"wp","href":"https:\/\/api.w.org\/{rel}","templated":true}]}}