{"id":968,"date":"2004-03-27T03:55:00","date_gmt":"2004-03-27T03:55:00","guid":{"rendered":"https:\/\/www.oidossucios.com\/site\/2004\/03\/27\/un-album-mas-para-los-rolling-stones\/"},"modified":"2004-03-27T03:55:00","modified_gmt":"2004-03-27T03:55:00","slug":"un-album-mas-para-los-rolling-stones","status":"publish","type":"post","link":"https:\/\/www.oidossucios.com\/site\/un-album-mas-para-los-rolling-stones\/","title":{"rendered":"Un \u00e1lbum m\u00e1s para los Rolling Stones"},"content":{"rendered":"<p>Un mensaje publicado en la p\u00e1gina web oficial de los Rolling Stones ha despertado los rumores sobre la salida de un nuevo \u00e1lbum de estudio.<\/p>\n<p>&#8220;La banda se encuentra trabajando en un proyecto no revelado para el cual se requiri\u00f3 que el baterista Charlie Watts cancelase la gira que ten\u00eda prevista para el verano en Europa&#8221;.<\/p>\n<p>Los Roling Stones no editan un disco in\u00e9dito desde 1997, cuando &#8220;Bridges to Babylon&#8221; sali\u00f3 al mercado. La informaci\u00f3n hace crecer adem\u00e1s los rumores sobre la nueva gira mundial de los Stones que arrancar\u00eda a finales de a\u00f1o, y que seg\u00fan la prensa argentina, pasar\u00e1 por ese pa\u00eds en marzo del 2005.<\/p>\n","protected":false},"excerpt":{"rendered":"<p>La agrupaci\u00f3n brit\u00e1nica se encuentra trabajando en lo que podr\u00eda ser su primer disco in\u00e9dito despu\u00e9s de 7 a\u00f1os.<\/p>\n","protected":false},"author":4,"featured_media":10000964,"comment_status":"open","ping_status":"open","sticky":false,"template":"","format":"standard","meta":{"_jetpack_memberships_contains_paid_content":false,"footnotes":""},"categories":[250],"tags":[344],"class_list":["post-968","post","type-post","status-publish","format-standard","has-post-thumbnail","hentry","category-noticias","tag-rolling"],"jetpack_featured_media_url":"https:\/\/www.oidossucios.com\/site\/wp-content\/uploads\/2004\/03\/964.jpg","yoast_head":"<!-- This site is optimized with the Yoast SEO plugin v14.0.4 - https:\/\/yoast.com\/wordpress\/plugins\/seo\/ -->\n<title>Un \u00e1lbum m\u00e1s para los Rolling Stones - OidosSucios.Com<\/title>\n<meta name=\"description\" content=\"A dos meses de su presencia en Rock in Rio, la agrupaci\u00f3n se queda sin guitarrista, envolviendo en m\u00e1s dudas su futuro.\" \/>\n<meta name=\"robots\" content=\"index, follow\" \/>\n<meta name=\"googlebot\" content=\"index, follow, max-snippet:-1, max-image-preview:large, max-video-preview:-1\" \/>\n<meta name=\"bingbot\" content=\"index, follow, max-snippet:-1, max-image-preview:large, max-video-preview:-1\" \/>\n<link rel=\"canonical\" href=\"https:\/\/www.oidossucios.com\/site\/un-album-mas-para-los-rolling-stones\/\" \/>\n<meta property=\"og:locale\" content=\"es_ES\" \/>\n<meta property=\"og:type\" content=\"article\" \/>\n<meta property=\"og:title\" content=\"Un \u00e1lbum m\u00e1s para los Rolling Stones - OidosSucios.Com\" \/>\n<meta property=\"og:description\" content=\"A dos meses de su presencia en Rock in Rio, la agrupaci\u00f3n se queda sin guitarrista, envolviendo en m\u00e1s dudas su futuro.\" \/>\n<meta property=\"og:url\" content=\"https:\/\/www.oidossucios.com\/site\/un-album-mas-para-los-rolling-stones\/\" \/>\n<meta property=\"og:site_name\" content=\"OidosSucios.Com\" \/>\n<meta property=\"article:published_time\" content=\"2004-03-27T03:55:00+00:00\" \/>\n<meta property=\"og:image\" content=\"https:\/\/www.oidossucios.com\/site\/wp-content\/uploads\/2004\/03\/964.jpg\" \/>\n\t<meta property=\"og:image:width\" content=\"290\" \/>\n\t<meta property=\"og:image:height\" content=\"100\" \/>\n<meta name=\"twitter:card\" content=\"summary_large_image\" \/>\n<meta name=\"twitter:creator\" content=\"@oidossucios\" \/>\n<script type=\"application\/ld+json\" class=\"yoast-schema-graph\">{\"@context\":\"https:\/\/schema.org\",\"@graph\":[{\"@type\":\"WebSite\",\"@id\":\"https:\/\/www.oidossucios.com\/site\/#website\",\"url\":\"https:\/\/www.oidossucios.com\/site\/\",\"name\":\"OidosSucios.Com\",\"description\":\"M\\u00fasica, conciertos, discos\",\"potentialAction\":[{\"@type\":\"SearchAction\",\"target\":\"https:\/\/www.oidossucios.com\/site\/?s={search_term_string}\",\"query-input\":\"required name=search_term_string\"}],\"inLanguage\":\"es\"},{\"@type\":\"ImageObject\",\"@id\":\"https:\/\/www.oidossucios.com\/site\/un-album-mas-para-los-rolling-stones\/#primaryimage\",\"inLanguage\":\"es\",\"url\":\"https:\/\/www.oidossucios.com\/site\/wp-content\/uploads\/2004\/03\/964.jpg\",\"width\":290,\"height\":100},{\"@type\":\"WebPage\",\"@id\":\"https:\/\/www.oidossucios.com\/site\/un-album-mas-para-los-rolling-stones\/#webpage\",\"url\":\"https:\/\/www.oidossucios.com\/site\/un-album-mas-para-los-rolling-stones\/\",\"name\":\"Un \\u00e1lbum m\\u00e1s para los Rolling Stones - OidosSucios.Com\",\"isPartOf\":{\"@id\":\"https:\/\/www.oidossucios.com\/site\/#website\"},\"primaryImageOfPage\":{\"@id\":\"https:\/\/www.oidossucios.com\/site\/un-album-mas-para-los-rolling-stones\/#primaryimage\"},\"datePublished\":\"2004-03-27T03:55:00+00:00\",\"dateModified\":\"2004-03-27T03:55:00+00:00\",\"author\":{\"@id\":\"https:\/\/www.oidossucios.com\/site\/#\/schema\/person\/24559eeb76bf83a63296fb072393a688\"},\"description\":\"A dos meses de su presencia en Rock in Rio, la agrupaci\\u00f3n se queda sin guitarrista, envolviendo en m\\u00e1s dudas su futuro.\",\"inLanguage\":\"es\",\"potentialAction\":[{\"@type\":\"ReadAction\",\"target\":[\"https:\/\/www.oidossucios.com\/site\/un-album-mas-para-los-rolling-stones\/\"]}]},{\"@type\":[\"Person\"],\"@id\":\"https:\/\/www.oidossucios.com\/site\/#\/schema\/person\/24559eeb76bf83a63296fb072393a688\",\"name\":\"Oidossucios\",\"image\":{\"@type\":\"ImageObject\",\"@id\":\"https:\/\/www.oidossucios.com\/site\/#personlogo\",\"inLanguage\":\"es\",\"url\":\"https:\/\/secure.gravatar.com\/avatar\/74fcb480f42f1a33e50a0b6e6369a3f907be2e43dc84fa5f76c66e9c22b4a5ab?s=96&d=mm&r=g\",\"caption\":\"Oidossucios\"},\"sameAs\":[\"https:\/\/twitter.com\/oidossucios\"]}]}<\/script>\n<!-- \/ Yoast SEO plugin. -->","jetpack_sharing_enabled":true,"_links":{"self":[{"href":"https:\/\/www.oidossucios.com\/site\/wp-json\/wp\/v2\/posts\/968","targetHints":{"allow":["GET"]}}],"collection":[{"href":"https:\/\/www.oidossucios.com\/site\/wp-json\/wp\/v2\/posts"}],"about":[{"href":"https:\/\/www.oidossucios.com\/site\/wp-json\/wp\/v2\/types\/post"}],"author":[{"embeddable":true,"href":"https:\/\/www.oidossucios.com\/site\/wp-json\/wp\/v2\/users\/4"}],"replies":[{"embeddable":true,"href":"https:\/\/www.oidossucios.com\/site\/wp-json\/wp\/v2\/comments?post=968"}],"version-history":[{"count":0,"href":"https:\/\/www.oidossucios.com\/site\/wp-json\/wp\/v2\/posts\/968\/revisions"}],"wp:featuredmedia":[{"embeddable":true,"href":"https:\/\/www.oidossucios.com\/site\/wp-json\/wp\/v2\/media\/10000964"}],"wp:attachment":[{"href":"https:\/\/www.oidossucios.com\/site\/wp-json\/wp\/v2\/media?parent=968"}],"wp:term":[{"taxonomy":"category","embeddable":true,"href":"https:\/\/www.oidossucios.com\/site\/wp-json\/wp\/v2\/categories?post=968"},{"taxonomy":"post_tag","embeddable":true,"href":"https:\/\/www.oidossucios.com\/site\/wp-json\/wp\/v2\/tags?post=968"}],"curies":[{"name":"wp","href":"https:\/\/api.w.org\/{rel}","templated":true}]}}