{"id":970,"date":"2004-03-31T02:14:00","date_gmt":"2004-03-31T02:14:00","guid":{"rendered":"https:\/\/www.oidossucios.com\/site\/2004\/03\/31\/guns-n%c2%92-roses-cancela-su-gira\/"},"modified":"2004-03-31T02:14:00","modified_gmt":"2004-03-31T02:14:00","slug":"guns-n%c2%92-roses-cancela-su-gira","status":"publish","type":"post","link":"https:\/\/www.oidossucios.com\/site\/guns-n%c2%92-roses-cancela-su-gira\/","title":{"rendered":"Guns N\u0092 Roses cancela su gira"},"content":{"rendered":"<p>La renuncia del guitarrista Buckethead a la formaci\u00f3n de Guns N\u0092 Roses, ocurrida la semana pasada, desato una nueva crisis en la agrupaci\u00f3n, la cual anunci\u00f3 hoy la cancelaci\u00f3n de su gira que comenzar\u00eda el pr\u00f3ximo 30 de mayo.<\/p>\n<p>&#8220;En mi nombre y de Guns N&#8217; Roses quer\u00eda pedir disculpa a los fans que ten\u00edan previsto vernos en el Rock in Rio-Lisboa. El festival y su historia tiene un gran significado para m\u00ed y, sinceramente, no me gusta la sensaci\u00f3n de que me hayan robado la oportunidad de ser el primer artista en tocar en las tres ediciones&#8221;, reza el comunicado que envi\u00f3 Axl Rose hoy a los organizadores de Rock in Rio Lisboa, donde la agrupaci\u00f3n compartir\u00eda tarima con Evanescence, Kings of Leon, Charlie Brown Jr. y Xutos e Pontap\u00e9s.<\/p>\n<p>Por en\u00e9sima vez, la banda vuelve a quedar a la deriva, con una demanda contra Geffen Records p\u00e9rdida y sin su guitarrista fundador en la formaci\u00f3n, lo que previsiblemente, retrasar\u00e1 a\u00fan m\u00e1s la salida del largamente esperado &#8220;Chinese Democracy&#8221;.<\/p>\n","protected":false},"excerpt":{"rendered":"<p>La salida del guitarrista Buckethead. destapa una nueva crisis en la agrupaci\u00f3n, que no participar\u00e1 en el Rock In Rio de Lisboa y vuelve a navegar a la deriva.<\/p>\n","protected":false},"author":4,"featured_media":10000966,"comment_status":"open","ping_status":"open","sticky":false,"template":"","format":"standard","meta":{"_jetpack_memberships_contains_paid_content":false,"footnotes":""},"categories":[250],"tags":[282],"class_list":["post-970","post","type-post","status-publish","format-standard","has-post-thumbnail","hentry","category-noticias","tag-guns"],"jetpack_featured_media_url":"https:\/\/www.oidossucios.com\/site\/wp-content\/uploads\/2004\/03\/966.jpg","yoast_head":"<!-- This site is optimized with the Yoast SEO plugin v14.0.4 - https:\/\/yoast.com\/wordpress\/plugins\/seo\/ -->\n<title>Guns N\u0092 Roses cancela su gira - OidosSucios.Com<\/title>\n<meta name=\"description\" content=\"En una entrevista que publica hoy el diario Clar\u00edn, el cantante argentino habla por primera vez con un medio sobre su pol\u00e9mica salida de la banda, luego de 17 a\u00f1os en ella.\" \/>\n<meta name=\"robots\" content=\"index, follow\" \/>\n<meta name=\"googlebot\" content=\"index, follow, max-snippet:-1, max-image-preview:large, max-video-preview:-1\" \/>\n<meta name=\"bingbot\" content=\"index, follow, max-snippet:-1, max-image-preview:large, max-video-preview:-1\" \/>\n<link rel=\"canonical\" href=\"https:\/\/www.oidossucios.com\/site\/guns-n\u0092-roses-cancela-su-gira\/\" \/>\n<meta property=\"og:locale\" content=\"es_ES\" \/>\n<meta property=\"og:type\" content=\"article\" \/>\n<meta property=\"og:title\" content=\"Guns N\u0092 Roses cancela su gira - OidosSucios.Com\" \/>\n<meta property=\"og:description\" content=\"En una entrevista que publica hoy el diario Clar\u00edn, el cantante argentino habla por primera vez con un medio sobre su pol\u00e9mica salida de la banda, luego de 17 a\u00f1os en ella.\" \/>\n<meta property=\"og:url\" content=\"https:\/\/www.oidossucios.com\/site\/guns-n\u0092-roses-cancela-su-gira\/\" \/>\n<meta property=\"og:site_name\" content=\"OidosSucios.Com\" \/>\n<meta property=\"article:published_time\" content=\"2004-03-31T02:14:00+00:00\" \/>\n<meta property=\"og:image\" content=\"https:\/\/www.oidossucios.com\/site\/wp-content\/uploads\/2004\/03\/966.jpg\" \/>\n\t<meta property=\"og:image:width\" content=\"290\" \/>\n\t<meta property=\"og:image:height\" content=\"100\" \/>\n<meta name=\"twitter:card\" content=\"summary_large_image\" \/>\n<meta name=\"twitter:creator\" content=\"@oidossucios\" \/>\n<script type=\"application\/ld+json\" class=\"yoast-schema-graph\">{\"@context\":\"https:\/\/schema.org\",\"@graph\":[{\"@type\":\"WebSite\",\"@id\":\"https:\/\/www.oidossucios.com\/site\/#website\",\"url\":\"https:\/\/www.oidossucios.com\/site\/\",\"name\":\"OidosSucios.Com\",\"description\":\"M\\u00fasica, conciertos, discos\",\"potentialAction\":[{\"@type\":\"SearchAction\",\"target\":\"https:\/\/www.oidossucios.com\/site\/?s={search_term_string}\",\"query-input\":\"required name=search_term_string\"}],\"inLanguage\":\"es\"},{\"@type\":\"ImageObject\",\"@id\":\"https:\/\/www.oidossucios.com\/site\/guns-n%c2%92-roses-cancela-su-gira\/#primaryimage\",\"inLanguage\":\"es\",\"url\":\"https:\/\/www.oidossucios.com\/site\/wp-content\/uploads\/2004\/03\/966.jpg\",\"width\":290,\"height\":100},{\"@type\":\"WebPage\",\"@id\":\"https:\/\/www.oidossucios.com\/site\/guns-n%c2%92-roses-cancela-su-gira\/#webpage\",\"url\":\"https:\/\/www.oidossucios.com\/site\/guns-n%c2%92-roses-cancela-su-gira\/\",\"name\":\"Guns N\\u0092 Roses cancela su gira - OidosSucios.Com\",\"isPartOf\":{\"@id\":\"https:\/\/www.oidossucios.com\/site\/#website\"},\"primaryImageOfPage\":{\"@id\":\"https:\/\/www.oidossucios.com\/site\/guns-n%c2%92-roses-cancela-su-gira\/#primaryimage\"},\"datePublished\":\"2004-03-31T02:14:00+00:00\",\"dateModified\":\"2004-03-31T02:14:00+00:00\",\"author\":{\"@id\":\"https:\/\/www.oidossucios.com\/site\/#\/schema\/person\/24559eeb76bf83a63296fb072393a688\"},\"description\":\"En una entrevista que publica hoy el diario Clar\\u00edn, el cantante argentino habla por primera vez con un medio sobre su pol\\u00e9mica salida de la banda, luego de 17 a\\u00f1os en ella.\",\"inLanguage\":\"es\",\"potentialAction\":[{\"@type\":\"ReadAction\",\"target\":[\"https:\/\/www.oidossucios.com\/site\/guns-n%c2%92-roses-cancela-su-gira\/\"]}]},{\"@type\":[\"Person\"],\"@id\":\"https:\/\/www.oidossucios.com\/site\/#\/schema\/person\/24559eeb76bf83a63296fb072393a688\",\"name\":\"Oidossucios\",\"image\":{\"@type\":\"ImageObject\",\"@id\":\"https:\/\/www.oidossucios.com\/site\/#personlogo\",\"inLanguage\":\"es\",\"url\":\"https:\/\/secure.gravatar.com\/avatar\/74fcb480f42f1a33e50a0b6e6369a3f907be2e43dc84fa5f76c66e9c22b4a5ab?s=96&d=mm&r=g\",\"caption\":\"Oidossucios\"},\"sameAs\":[\"https:\/\/twitter.com\/oidossucios\"]}]}<\/script>\n<!-- \/ Yoast SEO plugin. -->","jetpack_sharing_enabled":true,"_links":{"self":[{"href":"https:\/\/www.oidossucios.com\/site\/wp-json\/wp\/v2\/posts\/970","targetHints":{"allow":["GET"]}}],"collection":[{"href":"https:\/\/www.oidossucios.com\/site\/wp-json\/wp\/v2\/posts"}],"about":[{"href":"https:\/\/www.oidossucios.com\/site\/wp-json\/wp\/v2\/types\/post"}],"author":[{"embeddable":true,"href":"https:\/\/www.oidossucios.com\/site\/wp-json\/wp\/v2\/users\/4"}],"replies":[{"embeddable":true,"href":"https:\/\/www.oidossucios.com\/site\/wp-json\/wp\/v2\/comments?post=970"}],"version-history":[{"count":0,"href":"https:\/\/www.oidossucios.com\/site\/wp-json\/wp\/v2\/posts\/970\/revisions"}],"wp:featuredmedia":[{"embeddable":true,"href":"https:\/\/www.oidossucios.com\/site\/wp-json\/wp\/v2\/media\/10000966"}],"wp:attachment":[{"href":"https:\/\/www.oidossucios.com\/site\/wp-json\/wp\/v2\/media?parent=970"}],"wp:term":[{"taxonomy":"category","embeddable":true,"href":"https:\/\/www.oidossucios.com\/site\/wp-json\/wp\/v2\/categories?post=970"},{"taxonomy":"post_tag","embeddable":true,"href":"https:\/\/www.oidossucios.com\/site\/wp-json\/wp\/v2\/tags?post=970"}],"curies":[{"name":"wp","href":"https:\/\/api.w.org\/{rel}","templated":true}]}}